{"id":228473,"date":"2025-11-10T11:53:09","date_gmt":"2025-11-10T11:53:09","guid":{"rendered":"https:\/\/www.europesays.com\/es\/228473\/"},"modified":"2025-11-10T11:53:09","modified_gmt":"2025-11-10T11:53:09","slug":"los-primeros-4-nominados-de-gh-20-se-decidieron-en-un-debate-con-amenazas-ausencia-definitiva-y-primera-villana","status":"publish","type":"post","link":"https:\/\/www.europesays.com\/es\/228473\/","title":{"rendered":"Los primeros 4 nominados de &#8216;GH 20&#8217; se decidieron en un &#8216;Debate&#8217; con amenazas, ausencia definitiva y primera \u00abvillana\u00bb"},"content":{"rendered":"<p class=\"article-text\">\n        La primera entrega de <strong>GH: El Debate<\/strong> demostr\u00f3 que el reality de <strong>Telecinco <\/strong>a\u00fan tiene que enganchar a la audiencia tras sus primeros d\u00edas (fue <a href=\"https:\/\/www.eldiario.es\/vertele\/audiencias-tv\/primer-gh-debate-9-4-preocupa-noche-no-llega-millon-lidera-nueva-vida-11-2_1_12754700.html\" data-mrf-recirculation=\"links-noticia\" class=\"link\" rel=\"nofollow noopener\" target=\"_blank\">tercera opci\u00f3n<\/a> de la noche). Tras su estreno del jueves, la segunda gala semanal conducida por <strong>Ion Aramendi<\/strong> sigui\u00f3 avanzando en sus primeras tramas, y depar\u00f3 a sus <strong>cuatro primeros nominados<\/strong>.\n    <\/p>\n<p>    <a href=\"https:\/\/www.eldiario.es\/vertele\/videos\/actualidad\/wyoming-entrevista-la-sexta-xplica-mazon-dimision_7_12753796.html\" data-mrf-recirculation=\"saber-mas\" data-dl-event=\"saber-mas\" rel=\"nofollow noopener\" target=\"_blank\"><\/p>\n<p class=\"know-more__title\">Wyoming explica por qu\u00e9 le \u00abda igual\u00bb que Maz\u00f3n dimita: \u00abSoy de los pocos que lo dice\u00bb<\/p>\n<p>            <img decoding=\"async\" class=\"lazy\" loading=\"lazy\" data-src=\"https:\/\/static.eldiario.es\/clip\/f97532f0-c005-4564-87d2-6c392b7b1460_16-9-aspect-ratio_default_0.jpg\" src=\"data:image\/svg+xml,%3Csvg xmlns=\" http:=\"\" viewbox=\"0 0 880 495\" alt=\"Wyoming explica por qu\u00e9 le &quot;da igual&quot; que Maz\u00f3n dimita: &quot;Soy de los pocos que lo dice&quot;\"\/><\/p>\n<p>                            <img decoding=\"async\" class=\"ni-multimedia\" src=\"https:\/\/www.eldiario.es\/assets\/img\/svg\/icons\/gallery-video.h-2e826467718e0ad0cb33a0bdb174f603.svg\" alt=\"Wyoming explica por qu\u00e9 le &quot;da igual&quot; que Maz\u00f3n dimita: &quot;Soy de los pocos que lo dice&quot;\"\/><br \/>\n                        <\/a><\/p>\n<p class=\"article-text\">\n        Quienes tendr\u00e1n el dudoso honor de poder abandonar la casa tras su primera semana ser\u00e1n <strong>Ra\u00fal, Lorena, Patricia y Aroa<\/strong>. Fueron los cuatro nombres resultantes despu\u00e9s de distintas mec\u00e1nicas de salvaciones en las que intervinieron la audiencia, el resto de concursantes, los de &#8216;El Oasis&#8217;, los de &#8216;La pajarera&#8217;, y un juego.\n    <\/p>\n<p class=\"article-text\">\n        Para elevar la tensi\u00f3n de los participantes, Ion Aramendi les <strong>\u201camenaz\u00f3\u201d hasta en dos ocasiones<\/strong>. La primera, a los de &#8216;El Oasis&#8217;, al ofrecerles la posibilidad de que se diesen una vuelta \u201ca escondidas\u201d por la casa principal, pero con una condici\u00f3n: si eran descubiertos, ser\u00edan expulsados de forma fulminante. Por suerte para ellos, no ocurri\u00f3.\n    <\/p>\n<p class=\"article-text\">\n        La segunda, cuando los de &#8216;La pajarera&#8217; Edurne e \u00cd\u00f1igo se quejaron de sus condiciones al tocarles salvar a un compa\u00f1ero, pidiendo salir de su jaula. La direcci\u00f3n del programa, en boca del presentador Ion Aramendi, fue directa: \u201cSi quer\u00e9is dejar de ser p\u00e1jaros, os ir\u00e9is fuera de Gran Hermano. Esta es la consecuencia\u201d. As\u00ed que marcha atr\u00e1s, y aqu\u00ed no ha pasado nada.\n    <\/p>\n<p class=\"article-text\">\n        M\u00e1s claro lo tuvo <strong>Marcos <\/strong>para comunicar su decisi\u00f3n. En el estreno, este concursante rechaz\u00f3 entrar a la casa al saber que estaba su hermano Diego, y en lugar de eso acab\u00f3 en plat\u00f3. Este domingo, tras tener un margen del programa para pensar su decisi\u00f3n, <strong>se reafirm\u00f3<\/strong> en que no ser\u00e1 concursante ni entrar\u00e1 a la casa.\n    <\/p>\n<p class=\"article-text\">\n        Sin embargo, el reality ya ha demostrado que \u201cjugar\u00e1\u201d con su presencia en plat\u00f3 para testar si funciona su enfrentamiento personal. Gran Hermano puso a Marcos im\u00e1genes de su hermano Diego contando que lo que m\u00e1s le molest\u00f3 fue que diese de baja su tel\u00e9fono.\n    <\/p>\n<p class=\"article-text\">\n        En esas tramas que se empiezan a desarrollar, un nombre propio gana fuerza. <strong>La primera \u201cvillana\u201d<\/strong> parece ser <strong>Aroa<\/strong>, que ya se ha enfrentado con varios de sus compa\u00f1eros. La gala, claro est\u00e1, no desaprovech\u00f3 la ocasi\u00f3n de ahondar en ese conflicto.\n    <\/p>\n<p class=\"article-text\">\n        Durante el directo, e incluso durante las pausas publicitarias, Aroa acab\u00f3 enfrent\u00e1ndose con \u00cd\u00f1igo, con Jonay, con Patricia, o con Edurne. S\u00f3lo Paula se puso en parte de su lado, aunque lo que se demostr\u00f3 es que la casa est\u00e1 ya dividida, y que ella es el centro de ese cisma.\n    <\/p>\n<p>    <a href=\"https:\/\/www.eldiario.es\/vertele\/audiencias-tv\/primer-gh-debate-9-4-preocupa-noche-no-llega-millon-lidera-nueva-vida-11-2_1_12754700.html\" data-mrf-recirculation=\"saber-mas-abajo\" data-dl-event=\"saber-mas-abajo\" rel=\"nofollow noopener\" target=\"_blank\"><\/p>\n<p class=\"know-more__title\">El primer &#8216;GH: El Debate&#8217; (9.4%) preocupa en una noche que no llega al mill\u00f3n y lidera &#8216;Una nueva vida&#8217; (11.2%)<\/p>\n<p>            <img decoding=\"async\" class=\"lazy\" loading=\"lazy\" data-src=\"https:\/\/static.eldiario.es\/clip\/53e91ac1-b599-4ae6-a591-c42c2044fbf5_16-9-aspect-ratio_default_0.jpg\" src=\"data:image\/svg+xml,%3Csvg xmlns=\" http:=\"\" viewbox=\"0 0 880 495\" alt=\"El primer 'GH: El Debate' (9.4%) preocupa en una noche que no llega al mill\u00f3n y lidera 'Una nueva vida' (11.2%)\"\/><\/p>\n<p>                        <\/a><\/p>\n<p class=\"article-text\">\n        El plat\u00f3, como siempre, tambi\u00e9n aliment\u00f3 sus propias tramas. <strong>Carmen Alcayde<\/strong> brome\u00f3 con <strong>B\u00e1rbara Rey<\/strong> dici\u00e9ndole que se hab\u00eda \u201ccomido el rosc\u00f3n de reyes\u201d, dieron a entender un tonteo entre <strong>Maica y Marcos<\/strong>, y <strong>Miguel Frigenti<\/strong> carg\u00f3 contra Paula por no creerse que le hab\u00eda dado un baj\u00f3n tras tan pocos d\u00edas encerrada.\n    <\/p>\n","protected":false},"excerpt":{"rendered":"La primera entrega de GH: El Debate demostr\u00f3 que el reality de Telecinco a\u00fan tiene que enganchar a&hellip;\n","protected":false},"author":2,"featured_media":228474,"comment_status":"","ping_status":"","sticky":false,"template":"","format":"standard","meta":{"footnotes":""},"categories":[171],"tags":[4248,2627,12339,3272,11559,60089,8767,146,147,25,24,37023,955,23219,1078,566,23,692,214,1018,60090],"class_list":{"0":"post-228473","1":"post","2":"type-post","3":"status-publish","4":"format-standard","5":"has-post-thumbnail","7":"category-tv","8":"tag-4248","9":"tag-2627","10":"tag-amenazas","11":"tag-ausencia","12":"tag-debate","13":"tag-decidieron","14":"tag-definitiva","15":"tag-entertainment","16":"tag-entretenimiento","17":"tag-es","18":"tag-espana","19":"tag-gh","20":"tag-mediaset","21":"tag-nominados","22":"tag-primera","23":"tag-primeros","24":"tag-spain","25":"tag-telecinco","26":"tag-tv","27":"tag-videos","28":"tag-villana"},"share_on_mastodon":{"url":"https:\/\/pubeurope.com\/@es\/115525269062086298","error":""},"_links":{"self":[{"href":"https:\/\/www.europesays.com\/es\/wp-json\/wp\/v2\/posts\/228473","targetHints":{"allow":["GET"]}}],"collection":[{"href":"https:\/\/www.europesays.com\/es\/wp-json\/wp\/v2\/posts"}],"about":[{"href":"https:\/\/www.europesays.com\/es\/wp-json\/wp\/v2\/types\/post"}],"author":[{"embeddable":true,"href":"https:\/\/www.europesays.com\/es\/wp-json\/wp\/v2\/users\/2"}],"replies":[{"embeddable":true,"href":"https:\/\/www.europesays.com\/es\/wp-json\/wp\/v2\/comments?post=228473"}],"version-history":[{"count":0,"href":"https:\/\/www.europesays.com\/es\/wp-json\/wp\/v2\/posts\/228473\/revisions"}],"wp:featuredmedia":[{"embeddable":true,"href":"https:\/\/www.europesays.com\/es\/wp-json\/wp\/v2\/media\/228474"}],"wp:attachment":[{"href":"https:\/\/www.europesays.com\/es\/wp-json\/wp\/v2\/media?parent=228473"}],"wp:term":[{"taxonomy":"category","embeddable":true,"href":"https:\/\/www.europesays.com\/es\/wp-json\/wp\/v2\/categories?post=228473"},{"taxonomy":"post_tag","embeddable":true,"href":"https:\/\/www.europesays.com\/es\/wp-json\/wp\/v2\/tags?post=228473"}],"curies":[{"name":"wp","href":"https:\/\/api.w.org\/{rel}","templated":true}]}}