{"id":228479,"date":"2025-11-10T11:56:11","date_gmt":"2025-11-10T11:56:11","guid":{"rendered":"https:\/\/www.europesays.com\/es\/228479\/"},"modified":"2025-11-10T11:56:11","modified_gmt":"2025-11-10T11:56:11","slug":"medio-siglo-de-fidelidad-real-sociedad-de-futbol-s-a-d","status":"publish","type":"post","link":"https:\/\/www.europesays.com\/es\/228479\/","title":{"rendered":"Medio siglo de fidelidad &#8211; Real Sociedad de F\u00fatbol S.A.D."},"content":{"rendered":"<p>El pr\u00f3ximo martes, d\u00eda 11, la Real Sociedad homenajear\u00e1 en un emotivo acto a los socios que cumplen 50 a\u00f1os de forma ininterrumpida en el Club, m\u00e1s en concreto a los socios que se hicieron abonados en el a\u00f1o 1973.<\/p>\n<p>La entidad txuri urdin les entregar\u00e1 uno a uno la Insignia de Oro como reconocimiento a medio siglo de fidelidad. El homenaje comenzar\u00e1 a las 19:00 en el auditorio de Anoeta. El n\u00famero de abonados que recibir\u00e1n la distinci\u00f3n asciende a 68.<\/p>\n<p><b>Los homenajeados son los siguientes:<\/b><\/p>\n<p>\u00a0<\/p>\n<p>Andres Calahorra, Jos\u00e9 Ignacio<\/p>\n<p>Aperribay Elosua, Francisco<\/p>\n<p>Arangoya Imaz, Jes\u00fas <\/p>\n<p>Arocena Del Campo, Francisco<\/p>\n<p>Arregui Sarasa, Pili<\/p>\n<p>Artola Moneo, Ignacio<\/p>\n<p>Arzac Iriondo, Mikel<\/p>\n<p>Ayala Fern\u00e1ndez, Felix<\/p>\n<p>Ayestar\u00e1n Eguiguren, Eduardo<\/p>\n<p>Barinagarrementeria Arteaga, Ana Jes\u00fas<\/p>\n<p>Beguiristain Iriarte, Mart\u00edn Jose<\/p>\n<p>Brea Llorente, Luis<\/p>\n<p>Caballero Castellanos, Manuel<\/p>\n<p>Canales Larumbe, Javier<\/p>\n<p>Celarain Genua, Mikel<\/p>\n<p>Colina Tranche, Teodora<\/p>\n<p>Echeverria Griego, Antonio<\/p>\n<p>Eguizurain Nebreda, I\u00f1aki<\/p>\n<p>Elizalde Garralde, Alfredo<\/p>\n<p>Etxeberria Gonz\u00e1lez, Mart\u00edn<\/p>\n<p>Fernandez Iruretagoyena, Jos\u00e9 Ignacio<\/p>\n<p>Gaiztarro Otegui, Domingo<\/p>\n<p>Gaiztarro Otegui, Ignacio<\/p>\n<p>Gallego Valverde, Jes\u00fas Mar\u00eda<\/p>\n<p>Garcia Moral, Jos\u00e9 Luis<\/p>\n<p>Gasco Gonzalo, Ernesto<\/p>\n<p>Gil Aguado, Vicente<\/p>\n<p>Gonz\u00e1lez \u00c1lvarez, I\u00f1aki<\/p>\n<p>Go\u00f1i Bola\u00f1os, I\u00f1igo<\/p>\n<p>Go\u00f1i Irazusta, Aitor<\/p>\n<p>Goya Artola, Juan Luis<\/p>\n<p>Goya Ibarra, Jos\u00e9 Luis<\/p>\n<p>Hervalejo Biggi, Eduardo<\/p>\n<p>Hervalejo Biggi, I\u00f1igo<\/p>\n<p>Ib\u00e1\u00f1ez De Gauna Ruiz de Arbulo, Javier<\/p>\n<p>Ib\u00e1\u00f1ez Hern\u00e1ndez, Mar\u00eda Lourdes<\/p>\n<p>Irusta Ega\u00f1a, Sebasti\u00e1n<\/p>\n<p>Jim\u00e9nez Bazt\u00e1n, Fernando<\/p>\n<p>Jim\u00e9nez Bravo, Antonio<\/p>\n<p>Larruscain Garmendia, Francisco Juli\u00e1n<\/p>\n<p>Latasa Pagadizabal, Marisol<\/p>\n<p>Legarra Garc\u00eda, Jos\u00e9 Antonio<\/p>\n<p>Legorburu Salaberr\u00eda, Juan Bautista<\/p>\n<p>Lizaso Arrizabalaga, Jos\u00e9 Antonio<\/p>\n<p>Malvido Aznar, Sergop<\/p>\n<p>Mart\u00ednez de Arbulo, Javier<\/p>\n<p>Mart\u00ednez Gracia, Joserra<\/p>\n<p>Mendiburu Herrero, I\u00f1igo<\/p>\n<p>Montejo Ubillos, Mar\u00eda Elena<\/p>\n<p>Muguerza Rivero, I\u00f1aki<\/p>\n<p>Mujika Ibirriaga, Juan Mar\u00eda<\/p>\n<p>Murua Cart\u00f3n, Hilario<\/p>\n<p>N\u00fa\u00f1ez Garc\u00eda, Mari Carmen<\/p>\n<p>Olaechea Escudero, Jos\u00e9 Luis<\/p>\n<p>Olazabal Alcaide, Juan Luis<\/p>\n<p>Ortega Mondrag\u00f3n, Luis Mar\u00eda<\/p>\n<p>Oscoz Iturria, Francisco Javier<\/p>\n<p>Otero Linder, Mar\u00eda Elena<\/p>\n<p>Pag\u00e9s Gastaminza, Javier<\/p>\n<p>P\u00e9rez Pego, Txomin<\/p>\n<p>Plazaola Mugica, Pedro Mar\u00eda<\/p>\n<p>Porrua De Lucas, Modesto<\/p>\n<p>Recio Heras, Esteban<\/p>\n<p>Rodr\u00cdguez Rojo, Juli\u00e1n<\/p>\n<p>Serrano Golzarri, Javier<\/p>\n<p>Simal Garc\u00eda, Jos\u00e9 Igancio<\/p>\n<p>Urquiri Aguirrezabala, Javier<\/p>\n<p>Zabala Luloaga, Pedro Mar\u00eda<\/p>\n","protected":false},"excerpt":{"rendered":"El pr\u00f3ximo martes, d\u00eda 11, la Real Sociedad homenajear\u00e1 en un emotivo acto a los socios que cumplen&hellip;\n","protected":false},"author":2,"featured_media":228480,"comment_status":"","ping_status":"","sticky":false,"template":"","format":"standard","meta":{"footnotes":""},"categories":[93],"tags":[168,25,24,282,1044,798,492,23,167],"class_list":{"0":"post-228479","1":"post","2":"type-post","3":"status-publish","4":"format-standard","5":"has-post-thumbnail","7":"category-deportes","8":"tag-deportes","9":"tag-es","10":"tag-espana","11":"tag-futbol","12":"tag-liga","13":"tag-real","14":"tag-sociedad","15":"tag-spain","16":"tag-sports"},"share_on_mastodon":{"url":"https:\/\/pubeurope.com\/@es\/115525280396274744","error":""},"_links":{"self":[{"href":"https:\/\/www.europesays.com\/es\/wp-json\/wp\/v2\/posts\/228479","targetHints":{"allow":["GET"]}}],"collection":[{"href":"https:\/\/www.europesays.com\/es\/wp-json\/wp\/v2\/posts"}],"about":[{"href":"https:\/\/www.europesays.com\/es\/wp-json\/wp\/v2\/types\/post"}],"author":[{"embeddable":true,"href":"https:\/\/www.europesays.com\/es\/wp-json\/wp\/v2\/users\/2"}],"replies":[{"embeddable":true,"href":"https:\/\/www.europesays.com\/es\/wp-json\/wp\/v2\/comments?post=228479"}],"version-history":[{"count":0,"href":"https:\/\/www.europesays.com\/es\/wp-json\/wp\/v2\/posts\/228479\/revisions"}],"wp:featuredmedia":[{"embeddable":true,"href":"https:\/\/www.europesays.com\/es\/wp-json\/wp\/v2\/media\/228480"}],"wp:attachment":[{"href":"https:\/\/www.europesays.com\/es\/wp-json\/wp\/v2\/media?parent=228479"}],"wp:term":[{"taxonomy":"category","embeddable":true,"href":"https:\/\/www.europesays.com\/es\/wp-json\/wp\/v2\/categories?post=228479"},{"taxonomy":"post_tag","embeddable":true,"href":"https:\/\/www.europesays.com\/es\/wp-json\/wp\/v2\/tags?post=228479"}],"curies":[{"name":"wp","href":"https:\/\/api.w.org\/{rel}","templated":true}]}}