{"id":228485,"date":"2025-11-10T11:59:11","date_gmt":"2025-11-10T11:59:11","guid":{"rendered":"https:\/\/www.europesays.com\/es\/228485\/"},"modified":"2025-11-10T11:59:11","modified_gmt":"2025-11-10T11:59:11","slug":"la-xxiii-edicion-de-la-semana-de-cultura-gitana-ya-esta-aqui-herribizia","status":"publish","type":"post","link":"https:\/\/www.europesays.com\/es\/228485\/","title":{"rendered":"La XXIII edici\u00f3n de la Semana de Cultura Gitana ya est\u00e1 aqu\u00ed \u2013 Herribizia"},"content":{"rendered":"<p><a href=\"https:\/\/kudeatzailea.errenteria.eus\/app\/uploads\/sites\/16\/2025\/11\/2025-_Ijito_Kulturaren_Astea-scaled.jpg\" rel=\"nofollow noopener\" target=\"_blank\"><img loading=\"lazy\" decoding=\"async\" class=\" aligncenter\" src=\"https:\/\/www.europesays.com\/es\/wp-content\/uploads\/2025\/11\/2025-_Ijito_Kulturaren_Astea-1024x576.jpg\" alt=\"\" width=\"527\" height=\"296\"  \/><\/a><\/p>\n<p>Esta ma\u00f1ana ha comenzado la XXIII Semana de Cultura Gitana, que ofrecer\u00e1 distintas actividades entre hoy y el viernes, organizada por la Asociaci\u00f3n Camelamos Adiquerar con la colaboraci\u00f3n del Ayuntamiento de Errenteria.<\/p>\n<p>Este a\u00f1o, adem\u00e1s, la iniciativa se une a la celebraci\u00f3n del 600 aniversario de la llegada del pueblo gitano, que data del 12 de enero de 1425.<\/p>\n<p><a href=\"https:\/\/kudeatzailea.errenteria.eus\/app\/uploads\/sites\/16\/2025\/11\/2025_Ijito_Kulturaren_Astea_Kartela.jpg\" rel=\"nofollow noopener\" target=\"_blank\"><img loading=\"lazy\" decoding=\"async\" class=\"alignright \" src=\"https:\/\/www.europesays.com\/es\/wp-content\/uploads\/2025\/11\/2025_Ijito_Kulturaren_Astea_Kartela-724x1024.jpg\" alt=\"\" width=\"259\" height=\"366\"  \/><\/a>El presidente de Camelamos Adiquerar Juan Carlos Jim\u00e9nez ha explicado que con esta iniciativa \u201ctratamos de visibilizar la cultura gitana, queremos que se conozca nuestra cultura porque, a pesar de llevar aqu\u00ed 600 a\u00f1os, somos los grandes desconocidos. Se nos conoce mucho por estereotipos negativos, y no se conoce nuestra cultura y nuestra forma de pensar\u201d. Asimismo, ha indicado que la labor de la asociaci\u00f3n es dar a conocer su cultura y ponerla en valor.<\/p>\n<p>Precisamente con este objetivo han confeccionado la siguiente programaci\u00f3n para esta semana, en la que toda la ciudadan\u00eda est\u00e1 invitada a participar:<\/p>\n<p><strong>Lunes, 10 de noviembre<\/strong><\/p>\n<p>10:00-12:30. Caf\u00e9 Gitano. En el quiosco de la Alameda.<\/p>\n<p>20:00-21:00. Torneo de pelota mano Montxo Jim\u00e9nez. En el front\u00f3n Agustina Otaola.<\/p>\n<p><strong>Martes, 11 de noviembre<\/strong><\/p>\n<p>18:00-19:30. Caj\u00f3n flamenco. En la ludoteca de Kaputxinos.<\/p>\n<p><strong>Mi\u00e9rcoles, 12 de noviembre<\/strong><\/p>\n<p>19:00-21:00. Torneo de pelota mano Montxo Jim\u00e9nez. En el front\u00f3n Agustina Otaola.<\/p>\n<p><strong>Jueves, 13 de noviembre<\/strong><\/p>\n<p>18:00-19:00. Charla sobre historia gitana. En el gazteleku de Gabierrota.<\/p>\n<p><strong>Viernes, 14 de noviembre<\/strong><\/p>\n<p>19:00-20:00. Torneo de pelota mano Montxo Jim\u00e9nez. Final y entrega de premios. En el front\u00f3n Agustina Otaola.<\/p>\n<p>\u00a0<\/p>\n","protected":false},"excerpt":{"rendered":"Esta ma\u00f1ana ha comenzado la XXIII Semana de Cultura Gitana, que ofrecer\u00e1 distintas actividades entre hoy y el&hellip;\n","protected":false},"author":2,"featured_media":228486,"comment_status":"","ping_status":"","sticky":false,"template":"","format":"standard","meta":{"footnotes":""},"categories":[81],"tags":[119,123,124,25,24,117,121,122,23,118,120],"class_list":{"0":"post-228485","1":"post","2":"type-post","3":"status-publish","4":"format-standard","5":"has-post-thumbnail","7":"category-ciencia-y-tecnologia","8":"tag-ciencia","9":"tag-ciencia-y-tecnologia","10":"tag-cienciaytecnologia","11":"tag-es","12":"tag-espana","13":"tag-science","14":"tag-science-and-technology","15":"tag-scienceandtechnology","16":"tag-spain","17":"tag-technology","18":"tag-tecnologia"},"share_on_mastodon":{"url":"https:\/\/pubeurope.com\/@es\/115525292862601336","error":""},"_links":{"self":[{"href":"https:\/\/www.europesays.com\/es\/wp-json\/wp\/v2\/posts\/228485","targetHints":{"allow":["GET"]}}],"collection":[{"href":"https:\/\/www.europesays.com\/es\/wp-json\/wp\/v2\/posts"}],"about":[{"href":"https:\/\/www.europesays.com\/es\/wp-json\/wp\/v2\/types\/post"}],"author":[{"embeddable":true,"href":"https:\/\/www.europesays.com\/es\/wp-json\/wp\/v2\/users\/2"}],"replies":[{"embeddable":true,"href":"https:\/\/www.europesays.com\/es\/wp-json\/wp\/v2\/comments?post=228485"}],"version-history":[{"count":0,"href":"https:\/\/www.europesays.com\/es\/wp-json\/wp\/v2\/posts\/228485\/revisions"}],"wp:featuredmedia":[{"embeddable":true,"href":"https:\/\/www.europesays.com\/es\/wp-json\/wp\/v2\/media\/228486"}],"wp:attachment":[{"href":"https:\/\/www.europesays.com\/es\/wp-json\/wp\/v2\/media?parent=228485"}],"wp:term":[{"taxonomy":"category","embeddable":true,"href":"https:\/\/www.europesays.com\/es\/wp-json\/wp\/v2\/categories?post=228485"},{"taxonomy":"post_tag","embeddable":true,"href":"https:\/\/www.europesays.com\/es\/wp-json\/wp\/v2\/tags?post=228485"}],"curies":[{"name":"wp","href":"https:\/\/api.w.org\/{rel}","templated":true}]}}