{"id":228491,"date":"2025-11-10T12:02:07","date_gmt":"2025-11-10T12:02:07","guid":{"rendered":"https:\/\/www.europesays.com\/es\/228491\/"},"modified":"2025-11-10T12:02:07","modified_gmt":"2025-11-10T12:02:07","slug":"brutal-paliza-a-dos-policias-fuera-de-servicio-en-alcala-de-henares-putas-ratas","status":"publish","type":"post","link":"https:\/\/www.europesays.com\/es\/228491\/","title":{"rendered":"Brutal paliza a dos polic\u00edas fuera de servicio en Alcal\u00e1 de Henares: \u00ab\u00a1Putas ratas!\u00bb"},"content":{"rendered":"<p style=\"\">Dos <a href=\"https:\/\/www.abc.es\/espana\/madrid\/persecucion-200-kmh-norte-sur-disparos-aire-20251029185541-nt.html\" target=\"_self\" data-voc-vtm-id=\"in-text-traffic\" title=\"polic\u00edas nacionales\" rel=\"nofollow noopener\">polic\u00edas nacionales<\/a> que se encontraban fuera de servicio sufrieron una gran paliza este fin de semana en Alcal\u00e1 de Henares a manos, presuntamente, de un grupo de personas que los reconoci\u00f3 por la calle. El suceso, seg\u00fan denuncia la Uni\u00f3n Federal de Polic\u00eda ( &#8230; UFP), ha coincidido en el tiempo en el tiroteo a otro agente durante un operativo antidroga en Isla Mayor, a las afueras de Sevilla. Cabe recordar que los Cuerpos de Seguridad no est\u00e1n considerados profesi\u00f3n de riesgo en Espa\u00f1a, una demanda sindical que a\u00fan no ha tenido respuesta del Gobierno.<\/p>\n<p class=\"voc-p\" style=\"\">En la ciudad complutense, los hechos ocurrieron la noche del s\u00e1bado \u00aby casi termina en tragedia\u00bb, lamentan fuentes policiales. \u00abUna turba de unas seis personas casi acab\u00f3 con la vida\u00bb de las v\u00edctimas. Caminaban por la Calle Mayor, en pleno centro del municipio, tras acudir a una cena con otros compa\u00f1eros del Grupo Operativo de Respuesta (GOR), de Seguridad Ciudadana, de la comisar\u00eda de Alcal\u00e1. <\/p>\n<p class=\"voc-p\" style=\"\">De regreso a sus casas, fueron reconocidos por los delincuentes, pertenecientes a una barriada complicada llamada El Lianchi, y los atacaron. Fue por la espalda, \u00abcon cobard\u00eda, sin capacidad de defensa, y sin mediar palabra\u00bb. Recibieron el primer pu\u00f1etazo al grito de \u00a1\u00abAhora no est\u00e1is de servicio, putas ratas!\u00bb.<\/p>\n<p class=\"voc-p\" style=\"\">A uno de los polic\u00edas le han arrancado tres dientes y ha perdido temporalmente la visi\u00f3n de un ojo, adem\u00e1s de haberle roto la mand\u00edbula. El otro presenta fractura de clav\u00edcula. <\/p>\n<p class=\"voc-p\" style=\"\">Ambos fueron ingresados en el hospital y ahora son sus compa\u00f1eros del Grupo I de Polic\u00eda Judicial, especializado en delitos contra las personas, los que se han hecho cargo de la investigaci\u00f3n. Ya hay un detenido y se esperan m\u00e1s,<a href=\"https:\/\/www.abc.es\/espana\/madrid\/mala-prevision-dejo-policias-antidisturbios-vallecas-reyerta-20251106195258-nt.html\" target=\"_self\" data-voc-vtm-id=\"in-text-traffic\" title=\" se\u00f1ala el sindicato. \" rel=\"nofollow noopener\"> se\u00f1ala el sindicato. <\/a><\/p>\n","protected":false},"excerpt":{"rendered":"Dos polic\u00edas nacionales que se encontraban fuera de servicio sufrieron una gran paliza este fin de semana en&hellip;\n","protected":false},"author":2,"featured_media":228492,"comment_status":"","ping_status":"","sticky":false,"template":"","format":"standard","meta":{"footnotes":""},"categories":[8],"tags":[16155,17,18,1563,25,24,13,14,11,36110,19,20,9,10,15,16,11088,10788,60094,60095,595,23,12,21,22],"class_list":{"0":"post-228491","1":"post","2":"type-post","3":"status-publish","4":"format-standard","5":"has-post-thumbnail","7":"category-espana","8":"tag-alcala","9":"tag-breaking-news","10":"tag-breakingnews","11":"tag-dos","12":"tag-es","13":"tag-espana","14":"tag-featured-news","15":"tag-featurednews","16":"tag-headlines","17":"tag-henares","18":"tag-latest-news","19":"tag-latestnews","20":"tag-news","21":"tag-noticias","22":"tag-noticias-destacadas","23":"tag-noticiasdestacadas","24":"tag-paliza","25":"tag-policias","26":"tag-putas","27":"tag-ratas","28":"tag-servicio","29":"tag-spain","30":"tag-titulares","31":"tag-ultimas-noticias","32":"tag-ultimasnoticias"},"share_on_mastodon":{"url":"https:\/\/pubeurope.com\/@es\/115525304202084903","error":""},"_links":{"self":[{"href":"https:\/\/www.europesays.com\/es\/wp-json\/wp\/v2\/posts\/228491","targetHints":{"allow":["GET"]}}],"collection":[{"href":"https:\/\/www.europesays.com\/es\/wp-json\/wp\/v2\/posts"}],"about":[{"href":"https:\/\/www.europesays.com\/es\/wp-json\/wp\/v2\/types\/post"}],"author":[{"embeddable":true,"href":"https:\/\/www.europesays.com\/es\/wp-json\/wp\/v2\/users\/2"}],"replies":[{"embeddable":true,"href":"https:\/\/www.europesays.com\/es\/wp-json\/wp\/v2\/comments?post=228491"}],"version-history":[{"count":0,"href":"https:\/\/www.europesays.com\/es\/wp-json\/wp\/v2\/posts\/228491\/revisions"}],"wp:featuredmedia":[{"embeddable":true,"href":"https:\/\/www.europesays.com\/es\/wp-json\/wp\/v2\/media\/228492"}],"wp:attachment":[{"href":"https:\/\/www.europesays.com\/es\/wp-json\/wp\/v2\/media?parent=228491"}],"wp:term":[{"taxonomy":"category","embeddable":true,"href":"https:\/\/www.europesays.com\/es\/wp-json\/wp\/v2\/categories?post=228491"},{"taxonomy":"post_tag","embeddable":true,"href":"https:\/\/www.europesays.com\/es\/wp-json\/wp\/v2\/tags?post=228491"}],"curies":[{"name":"wp","href":"https:\/\/api.w.org\/{rel}","templated":true}]}}