{"id":228497,"date":"2025-11-10T12:09:20","date_gmt":"2025-11-10T12:09:20","guid":{"rendered":"https:\/\/www.europesays.com\/es\/228497\/"},"modified":"2025-11-10T12:09:20","modified_gmt":"2025-11-10T12:09:20","slug":"el-hombre-que-ha-conseguido-subir-la-torre-eiffel-en-bicicleta-en-tiempo-record","status":"publish","type":"post","link":"https:\/\/www.europesays.com\/es\/228497\/","title":{"rendered":"el hombre que ha conseguido subir la Torre Eiffel en bicicleta en tiempo r\u00e9cord"},"content":{"rendered":"<p class=\"article-text\">\n        En octubre de 2025, el ciclista franc\u00e9s <strong>Aur\u00e9lien Fontenoy<\/strong> logr\u00f3 una haza\u00f1a que parec\u00eda m\u00e1s de cuento que de deporte: ascendi\u00f3 los <strong>686 escalones de la Torre Eiffel<\/strong> sin apoyar los pies en ning\u00fan momento, en tan solo <strong>12 minutos y 30 segundos<\/strong>. Con ello, <a href=\"https:\/\/www.toureiffel.paris\/es\/noticias\/eventos\/aurelien-fontenoy-y-su-loca-ascension-la-torre-eiffel\" target=\"_blank\" rel=\"nofollow noopener\" data-mrf-recirculation=\"links-noticia\" class=\"link\">bati\u00f3 un r\u00e9cord mundial<\/a> que hab\u00eda permanecido intacto durante m\u00e1s de dos d\u00e9cadas, y se convirti\u00f3 en el m\u00e1s r\u00e1pido en llegar al segundo piso del monumento con una bicicleta de monta\u00f1a.\n    <\/p>\n<p>    <a href=\"https:\/\/www.eldiario.es\/guia-ocio\/madrid-batir-record-lectura-simultanea-plaza-centro-participar_1_12225985.html\" data-mrf-recirculation=\"saber-mas\" data-dl-event=\"saber-mas\" rel=\"nofollow noopener\" target=\"_blank\"><\/p>\n<p class=\"know-more__title\">Madrid intenta batir el r\u00e9cord de lectura simult\u00e1nea en una plaza del centro: d\u00f3nde, cu\u00e1ndo y c\u00f3mo participar<\/p>\n<p>            <img decoding=\"async\" class=\"lazy\" loading=\"lazy\" data-src=\"https:\/\/static.eldiario.es\/clip\/035b8e60-dd6a-4928-938e-ccef5ddb276b_16-9-aspect-ratio_default_0.jpg\" src=\"data:image\/svg+xml,%3Csvg xmlns=\" http:=\"\" viewbox=\"0 0 880 495\" alt=\"Madrid intenta batir el r\u00e9cord de lectura simult\u00e1nea en una plaza del centro: d\u00f3nde, cu\u00e1ndo y c\u00f3mo participar\"\/><\/p>\n<p>                        <\/a><\/p>\n<p class=\"article-text\">\n        La Torre Eiffel no ha sido escenario habitual de retos atl\u00e9ticos. Escalarla verticalmente exige no solo fuerza bruta, sino precisi\u00f3n, control y templanza frente al v\u00e9rtigo. Para muchos, los escalones met\u00e1licos son una barrera que solo los turistas suben lentamente; para Fontenoy, fueron su pista de ensayo, su desaf\u00edo personal. \u201cPara este reto, freno y tengo que comprimir la rueda porque no tengo suspensi\u00f3n ni nada, es una bicicleta r\u00edgida\u201d, explic\u00f3 a <strong>CNN Sports<\/strong>. \u201c\u00a1As\u00ed que solo tenemos que bombear con el freno y saltar, saltar, saltar mucho!\u201d.\n    <\/p>\n<p class=\"article-text\">\n        Su preparaci\u00f3n fue tan meticulosa como extenuante: <strong>incontables horas en el gimnasio<\/strong>, sesiones con cuerda para saltar, y ejercicios para mejorar la coordinaci\u00f3n y la potencia de cada impulso. \u201cEmpec\u00e9 hace cuatro a\u00f1os en el Tour Trinity y ten\u00eda pensado ir a la Torre Eiffel despu\u00e9s. Pero lleg\u00f3 la COVID-19, luego los Juegos Ol\u00edmpicos, luego las obras y la pintura de la torre\u2026 \u00a1As\u00ed que organizarlo fue un trabajazo!\u201d, confes\u00f3 el ciclista.\n    <\/p>\n<p class=\"article-text\">\n        El r\u00e9cord anterior, establecido en 2002 por <strong>Hugues Richard<\/strong>, rondaba los <strong>19 minutos<\/strong>, lo que significa que Fontenoy lo super\u00f3 por casi siete minutos. Un logro que, m\u00e1s all\u00e1 de la fuerza f\u00edsica, exigi\u00f3 una ejecuci\u00f3n t\u00e9cnica impecable: elegir el momento justo para cada salto, dominar el equilibrio y no perder el ritmo en una escalera de hierro pensada para caminar, no para pedalear.\n    <\/p>\n<blockquote class=\"instagram-media\" data-instgrm-version=\"14\" data-instgrm-permalink=\"https:\/\/www.instagram.com\/p\/DPb9Pl5iExi\/\" data-instgrm-captioned=\"\"\/>\n<p class=\"article-text\">\n        Fontenoy no es ajeno a estos desaf\u00edos verticales. Dentro de su <strong>proyecto \u201cThe Climb\u201d<\/strong>, ya hab\u00eda escalado la torre Trinity de Par\u00eds en 2021 y la torre de televisi\u00f3n de Tallin (Estonia) en 2024. Pero este intento tuvo un peso simb\u00f3lico especial: la Torre Eiffel, el monumento m\u00e1s reconocible de Francia, fue su meta so\u00f1ada desde el inicio. \u201cEs un reto que organic\u00e9 hace tres o cuatro a\u00f1os\u201d, cont\u00f3 a CNN. \u201cSolo ten\u00edamos una oportunidad, y todos (amigos, patrocinadores, seguidores) esperaban algo de m\u00ed. S\u00ed, genera un poco de estr\u00e9s\u201d.\n    <\/p>\n<p class=\"article-text\">\n        Cuando finalmente alcanz\u00f3 la plataforma del segundo piso, el franc\u00e9s se derrumb\u00f3 de cansancio, pero tambi\u00e9n de emoci\u00f3n. \u201cCuando llegu\u00e9 a la meta estaba agotado porque fueron 12 minutos, pero di el 100% durante esos 12 minutos\u201d, relat\u00f3. \u201cEstaba muy contento porque hab\u00eda mucha presi\u00f3n. Batir este r\u00e9cord me gener\u00f3 un poco de estr\u00e9s\u201d.\n    <\/p>\n<p>    <strong>Su mayor reto, pero no el \u00faltimo\u2026<\/strong><\/p>\n<p class=\"article-text\">\n        Fontenoy, que <strong>se retir\u00f3 de las competiciones de ciclismo de monta\u00f1a hace cinco a\u00f1os<\/strong>, reconoce que sus desaf\u00edos actuales combinan pasi\u00f3n, creatividad y supervivencia profesional. \u201cCuando participas en deportes minoritarios como el trial en bicicleta, es muy dif\u00edcil vivir solo de las competiciones\u201d, explic\u00f3. \u201cAs\u00ed que tenemos que buscar soluciones para ganar dinero o encontrar patrocinadores\u201d. Hoy, con m\u00e1s de <strong>un mill\u00f3n de seguidores en TikTok y YouTube<\/strong>, ha logrado convertir su talento en espect\u00e1culo y su deporte en inspiraci\u00f3n.\n    <\/p>\n<p class=\"article-text\">\n        \u201cMi idea era crear m\u00e1s contenido y llegar a un p\u00fablico m\u00e1s amplio\u201d, dijo. \u201cTambi\u00e9n era buena idea mostrar en qu\u00e9 consiste el deporte y hacer algo novedoso que no hayamos hecho antes. Para m\u00ed fue un gran proyecto decir: \u2018Vale, podemos combinar retos con contenido para redes sociales\u2019\u201d.\n    <\/p>\n<p>    <a href=\"https:\/\/www.eldiario.es\/asturias\/asturias-record-queso-2-kilos-cabrales-37-000-euros-gijon-9-833-personas-escanciando-sidra-vez_1_12568614.html\" data-mrf-recirculation=\"saber-mas-abajo\" data-dl-event=\"saber-mas-abajo\" rel=\"nofollow noopener\" target=\"_blank\"><\/p>\n<p class=\"know-more__title\">Asturias es de r\u00e9cord: Un queso de 2 kilos de Cabrales a 37.000 euros y en Gij\u00f3n 9.833 personas escanciando sidra a la vez\n<\/p>\n<p>            <img decoding=\"async\" class=\"lazy\" loading=\"lazy\" data-src=\"https:\/\/static.eldiario.es\/clip\/eb0dabe1-08f8-46e8-87f2-930bea0258f8_16-9-aspect-ratio_default_0.jpg\" src=\"data:image\/svg+xml,%3Csvg xmlns=\" http:=\"\" viewbox=\"0 0 880 495\" alt=\"Asturias es de r\u00e9cord: Un queso de 2 kilos de Cabrales a 37.000 euros y en Gij\u00f3n 9.833 personas escanciando sidra a la vez\"\/><\/p>\n<p>                        <\/a><\/p>\n<p class=\"article-text\">\n        Y aunque la Torre Eiffel haya sido el mayor de sus logros hasta la fecha, Fontenoy ya apunta m\u00e1s alto. \u201cMi plan es escalar las torres m\u00e1s altas\u201d, adelant\u00f3 entre risas. \u201cEl punto final ser\u00e1 subir al <strong>Burj Khalifa<\/strong>, la torre m\u00e1s alta del mundo\u201d.\n    <\/p>\n<p>                                    <script async src=\"\/\/www.instagram.com\/embed.js\"><\/script><\/p>\n","protected":false},"excerpt":{"rendered":"En octubre de 2025, el ciclista franc\u00e9s Aur\u00e9lien Fontenoy logr\u00f3 una haza\u00f1a que parec\u00eda m\u00e1s de cuento que&hellip;\n","protected":false},"author":2,"featured_media":228498,"comment_status":"","ping_status":"","sticky":false,"template":"","format":"standard","meta":{"footnotes":""},"categories":[273],"tags":[60096,7560,313,8366,312,168,60098,25,24,60097,366,2678,4722,23,167,20716,159,5344],"class_list":{"0":"post-228497","1":"post","2":"type-post","3":"status-publish","4":"format-standard","5":"has-post-thumbnail","7":"category-ciclismo","8":"tag-aurelien","9":"tag-bicicleta","10":"tag-ciclismo","11":"tag-conseguido","12":"tag-cycling","13":"tag-deportes","14":"tag-eiffel","15":"tag-es","16":"tag-espana","17":"tag-fontenoy","18":"tag-hombre","19":"tag-pm","20":"tag-record","21":"tag-spain","22":"tag-sports","23":"tag-subir","24":"tag-tiempo","25":"tag-torre"},"share_on_mastodon":{"url":"https:\/\/pubeurope.com\/@es\/115525331374566546","error":""},"_links":{"self":[{"href":"https:\/\/www.europesays.com\/es\/wp-json\/wp\/v2\/posts\/228497","targetHints":{"allow":["GET"]}}],"collection":[{"href":"https:\/\/www.europesays.com\/es\/wp-json\/wp\/v2\/posts"}],"about":[{"href":"https:\/\/www.europesays.com\/es\/wp-json\/wp\/v2\/types\/post"}],"author":[{"embeddable":true,"href":"https:\/\/www.europesays.com\/es\/wp-json\/wp\/v2\/users\/2"}],"replies":[{"embeddable":true,"href":"https:\/\/www.europesays.com\/es\/wp-json\/wp\/v2\/comments?post=228497"}],"version-history":[{"count":0,"href":"https:\/\/www.europesays.com\/es\/wp-json\/wp\/v2\/posts\/228497\/revisions"}],"wp:featuredmedia":[{"embeddable":true,"href":"https:\/\/www.europesays.com\/es\/wp-json\/wp\/v2\/media\/228498"}],"wp:attachment":[{"href":"https:\/\/www.europesays.com\/es\/wp-json\/wp\/v2\/media?parent=228497"}],"wp:term":[{"taxonomy":"category","embeddable":true,"href":"https:\/\/www.europesays.com\/es\/wp-json\/wp\/v2\/categories?post=228497"},{"taxonomy":"post_tag","embeddable":true,"href":"https:\/\/www.europesays.com\/es\/wp-json\/wp\/v2\/tags?post=228497"}],"curies":[{"name":"wp","href":"https:\/\/api.w.org\/{rel}","templated":true}]}}