{"id":228505,"date":"2025-11-10T12:14:09","date_gmt":"2025-11-10T12:14:09","guid":{"rendered":"https:\/\/www.europesays.com\/es\/228505\/"},"modified":"2025-11-10T12:14:09","modified_gmt":"2025-11-10T12:14:09","slug":"el-psoe-de-oviedo-pregunta-al-pp-que-ha-sido-de-la-escultura-de-fernando-alba-retirada-de-ventanielles","status":"publish","type":"post","link":"https:\/\/www.europesays.com\/es\/228505\/","title":{"rendered":"El PSOE de Oviedo pregunta al PP qu\u00e9 ha sido de la escultura de Fernando Alba retirada de Ventanielles"},"content":{"rendered":"<p class=\"v-mdl-ath__p v-mdl-ath__p--6\">\nDomingo, 9 de noviembre 2025, 17:38<\/p>\n<p class=\"v-p\">El concejal del PSOE de <a href=\"https:\/\/www.elcomercio.es\/oviedo\/\" target=\"_self\" data-voc-vtm-id=\"in-text-traffic\" title=\"Oviedo\" data-mrf-link=\"www.elcomercio.es\" rel=\"nofollow noopener\">Oviedo<\/a> Javier Ballina preguntar\u00e1 al PP el paradero y el estado de la escultura del artista Fernando Alba que fue instalada en 1988 en la plaza Lago Enol de Ventanielles y desmontada siete a\u00f1os despu\u00e9s, en 1995, por decisi\u00f3n municipal. El edil recuerda que, tras su retirada, la instalaci\u00f3n qued\u00f3 depositada en unos terrenos municipales en Pont\u00f3n de Vaqueros, \u00absin que desde entonces se haya ofrecido informaci\u00f3n p\u00fablica sobre su estado actual ni sobre las actuaciones que se hayan podido realizar para su conservaci\u00f3n o mantenimiento\u00bb.<\/p>\n<p class=\"v-p\">La pieza o partes de ella fueron posteriormente trasladadas a la finca de las pistas de atletismo de San L\u00e1zaro donde permanecen en la actualidad: \u00abQueremos saber qu\u00e9 ha sido de la escultura, en qu\u00e9 condiciones se encuentra y si el Gobierno municipal contempla su recuperaci\u00f3n\u00bb, concluy\u00f3 Ballina. Considera que ser\u00eda una buena adici\u00f3n para el proyecto Oviedo 2031.<\/p>\n<p>Reporta un error<\/p>\n","protected":false},"excerpt":{"rendered":"Domingo, 9 de noviembre 2025, 17:38 El concejal del PSOE de Oviedo Javier Ballina preguntar\u00e1 al PP el&hellip;\n","protected":false},"author":2,"featured_media":228506,"comment_status":"","ping_status":"","sticky":false,"template":"","format":"standard","meta":{"footnotes":""},"categories":[173],"tags":[9623,229,233,231,230,232,234,146,147,25,1246,24,2421,1796,956,9464,1699,1367,23,59834],"class_list":{"0":"post-228505","1":"post","2":"type-post","3":"status-publish","4":"format-standard","5":"has-post-thumbnail","7":"category-arte-y-diseno","8":"tag-alba","9":"tag-arte","10":"tag-arte-y-diseno","11":"tag-arts","12":"tag-arts-and-design","13":"tag-design","14":"tag-diseno","15":"tag-entertainment","16":"tag-entretenimiento","17":"tag-es","18":"tag-escultura","19":"tag-espana","20":"tag-fernando","21":"tag-oviedo","22":"tag-pp","23":"tag-pregunta","24":"tag-psoe","25":"tag-retirada","26":"tag-spain","27":"tag-ventanielles"},"share_on_mastodon":{"url":"https:\/\/pubeurope.com\/@es\/115525351053914839","error":""},"_links":{"self":[{"href":"https:\/\/www.europesays.com\/es\/wp-json\/wp\/v2\/posts\/228505","targetHints":{"allow":["GET"]}}],"collection":[{"href":"https:\/\/www.europesays.com\/es\/wp-json\/wp\/v2\/posts"}],"about":[{"href":"https:\/\/www.europesays.com\/es\/wp-json\/wp\/v2\/types\/post"}],"author":[{"embeddable":true,"href":"https:\/\/www.europesays.com\/es\/wp-json\/wp\/v2\/users\/2"}],"replies":[{"embeddable":true,"href":"https:\/\/www.europesays.com\/es\/wp-json\/wp\/v2\/comments?post=228505"}],"version-history":[{"count":0,"href":"https:\/\/www.europesays.com\/es\/wp-json\/wp\/v2\/posts\/228505\/revisions"}],"wp:featuredmedia":[{"embeddable":true,"href":"https:\/\/www.europesays.com\/es\/wp-json\/wp\/v2\/media\/228506"}],"wp:attachment":[{"href":"https:\/\/www.europesays.com\/es\/wp-json\/wp\/v2\/media?parent=228505"}],"wp:term":[{"taxonomy":"category","embeddable":true,"href":"https:\/\/www.europesays.com\/es\/wp-json\/wp\/v2\/categories?post=228505"},{"taxonomy":"post_tag","embeddable":true,"href":"https:\/\/www.europesays.com\/es\/wp-json\/wp\/v2\/tags?post=228505"}],"curies":[{"name":"wp","href":"https:\/\/api.w.org\/{rel}","templated":true}]}}