{"id":22854,"date":"2025-08-03T13:23:11","date_gmt":"2025-08-03T13:23:11","guid":{"rendered":"https:\/\/www.europesays.com\/es\/22854\/"},"modified":"2025-08-03T13:23:11","modified_gmt":"2025-08-03T13:23:11","slug":"cambio-en-el-equipo-boliviano-de-golf-daniel-patino-entra-por-maclean","status":"publish","type":"post","link":"https:\/\/www.europesays.com\/es\/22854\/","title":{"rendered":"Cambio en el equipo boliviano de golf: Daniel Pati\u00f1o entra por MacLean"},"content":{"rendered":"<p>La Federaci\u00f3n Boliviana de Golf (FBG)<strong> informa que Sebasti\u00e1n MacLean sufri\u00f3 una lesi\u00f3n en los entrenamientos previo al Campeonato Sudamericano por Equipos Copa Los Andes que arrancar\u00e1 este mi\u00e9rcoles en Guayaquil, Ecuador, <\/strong>y su puesto ser\u00e1 ocupado por Daniel Pati\u00f1o.<\/p>\n<p>\u201cTras la lesi\u00f3n sufrida por Sebasti\u00e1n MacLean <strong>a pocas horas del inicio del torneo Copa Los Andes, la federaci\u00f3n se vio obligada a realizar un cambio en la plantilla de jugadores, designando a Daniel Pati\u00f1o como jugador <\/strong>oficial en sustituci\u00f3n de Sebasti\u00e1n, quien asumir\u00e1 el rol de capit\u00e1n del equipo\u201d, inform\u00f3 Genaro Sanjin\u00e9s, presidente de la FBG.<\/p>\n<p>Pati\u00f1o es un experimentado golfista que ser\u00e1 u<strong>n gran aporte para el equipo, que est\u00e1 conformado por Vicente Quiroga, Flavio Semeja, Jos\u00e9 Luis Monta\u00f1o y Mat\u00edas Monasterio. Los cinco golfistas representar\u00e1n al pa\u00eds en <\/strong>el principal torneo amateur de la regi\u00f3n que se llevar\u00e1 adelante hasta el s\u00e1bado.<\/p>\n<p>El Guayaquil Country <strong>Club albergar\u00e1 las cuatro rondas que se desarrollar\u00e1n. Ser\u00e1n<\/strong> 18 hoyos por jornada para un total de 72.<\/p>\n<p>El fin de semana se llev\u00f3 adelante el torneo en La Paz, donde los tres se impusieron en sus respectivas categor\u00edas de entre 85 participantes.<\/p>\n","protected":false},"excerpt":{"rendered":"La Federaci\u00f3n Boliviana de Golf (FBG) informa que Sebasti\u00e1n MacLean sufri\u00f3 una lesi\u00f3n en los entrenamientos previo al&hellip;\n","protected":false},"author":2,"featured_media":22855,"comment_status":"","ping_status":"","sticky":false,"template":"","format":"standard","meta":{"footnotes":""},"categories":[275],"tags":[13336,168,25,24,329,23,167],"class_list":{"0":"post-22854","1":"post","2":"type-post","3":"status-publish","4":"format-standard","5":"has-post-thumbnail","7":"category-golf","8":"tag-daniel-patino","9":"tag-deportes","10":"tag-es","11":"tag-espana","12":"tag-golf","13":"tag-spain","14":"tag-sports"},"share_on_mastodon":{"url":"","error":""},"_links":{"self":[{"href":"https:\/\/www.europesays.com\/es\/wp-json\/wp\/v2\/posts\/22854","targetHints":{"allow":["GET"]}}],"collection":[{"href":"https:\/\/www.europesays.com\/es\/wp-json\/wp\/v2\/posts"}],"about":[{"href":"https:\/\/www.europesays.com\/es\/wp-json\/wp\/v2\/types\/post"}],"author":[{"embeddable":true,"href":"https:\/\/www.europesays.com\/es\/wp-json\/wp\/v2\/users\/2"}],"replies":[{"embeddable":true,"href":"https:\/\/www.europesays.com\/es\/wp-json\/wp\/v2\/comments?post=22854"}],"version-history":[{"count":0,"href":"https:\/\/www.europesays.com\/es\/wp-json\/wp\/v2\/posts\/22854\/revisions"}],"wp:featuredmedia":[{"embeddable":true,"href":"https:\/\/www.europesays.com\/es\/wp-json\/wp\/v2\/media\/22855"}],"wp:attachment":[{"href":"https:\/\/www.europesays.com\/es\/wp-json\/wp\/v2\/media?parent=22854"}],"wp:term":[{"taxonomy":"category","embeddable":true,"href":"https:\/\/www.europesays.com\/es\/wp-json\/wp\/v2\/categories?post=22854"},{"taxonomy":"post_tag","embeddable":true,"href":"https:\/\/www.europesays.com\/es\/wp-json\/wp\/v2\/tags?post=22854"}],"curies":[{"name":"wp","href":"https:\/\/api.w.org\/{rel}","templated":true}]}}