{"id":228579,"date":"2025-11-10T13:08:09","date_gmt":"2025-11-10T13:08:09","guid":{"rendered":"https:\/\/www.europesays.com\/es\/228579\/"},"modified":"2025-11-10T13:08:09","modified_gmt":"2025-11-10T13:08:09","slug":"3i-atlas-el-tercer-cuerpo-celeste-procedente-de-fuera-del-sistema-solar-tras-oumuamua-y-borisov","status":"publish","type":"post","link":"https:\/\/www.europesays.com\/es\/228579\/","title":{"rendered":"3I\/ATLAS, el tercer cuerpo celeste procedente de fuera del Sistema Solar tras Oumuamua y Borisov"},"content":{"rendered":"<p style=\"font-size:20px\">El objeto interestelar 3I\/ATLAS, un cuerpo celeste proveniente de fuera del sistema solar, fue descubierto por el telescopio de sondeo ATLAS, instalado en R\u00edo Hurtado, en la regi\u00f3n chilena de Coquimbo. Esta red de telescopios est\u00e1 dise\u00f1ada espec\u00edficamente para escanear el cielo en busca de objetos que se muevan o cambien r\u00e1pidamente. <\/p>\n<p style=\"font-size:20px\">El hallazgo de este objeto interestelar, el tercero tras \u2018Oumuamua\u2019 y Borisov, plantea nuevas preguntas sobre el origen y composici\u00f3n de estos viajeros c\u00f3smicos.<\/p>\n<p><a href=\"https:\/\/novaciencia.es\/wp-content\/uploads\/2009\/02\/3I-Atlas-trayectoria.webp\" rel=\"nofollow noopener\" target=\"_blank\"><img fetchpriority=\"high\" decoding=\"async\" width=\"1024\" height=\"551\" src=\"https:\/\/novaciencia.es\/wp-content\/uploads\/2009\/02\/3I-Atlas-trayectoria-1024x551.webp\" alt=\"\" class=\"wp-image-240392\"  \/><\/a><\/p>\n<p>\u201cSe trata del tercer objeto interestelar. Por su \u00f3rbita se supone que naci\u00f3 orbitando alrededor de otra estrella y que fue expulsado para comenzar su viaje\u201d, explic\u00f3 el Dr. Markus Rabus, acad\u00e9mico de la Facultad de Ingenier\u00eda de la Universidad Cat\u00f3lica de la Sant\u00edsima Concepci\u00f3n (UCSC), doctor en Astrof\u00edsica y M\u00e1ster de Ciencia in F\u00edsica Aplicada.<\/p>\n<p>El especialista agrega que su trayectoria y velocidad confirman que no se encuentra ligado gravitacionalmente al Sol. \u201cEstos objetos cruzan nuestro sistema solar a gran velocidad y con trayectorias hiperb\u00f3licas, lo que indica que vienen del espacio interestelar y no regresar\u00e1n jam\u00e1s\u201d.<\/p>\n<p>El hallazgo fue posible gracias a las capacidades de observaci\u00f3n \u00fanicas que ofrece el norte de Chile. \u201cFue detectado por el telescopio de sondeo ATLAS, ubicado en R\u00edo Hurtado, en el norte de Chile. Esta red de telescopios est\u00e1 dise\u00f1ada espec\u00edficamente para escanear el cielo en busca de objetos que se muevan o cambien r\u00e1pidamente. Adem\u00e1s, es importante se\u00f1alar que Chile tiene los telescopios m\u00e1s potentes del mundo\u201d, destac\u00f3 Rabus.<\/p>\n<p>El acad\u00e9mico subraya la importancia del trabajo coordinado entre diferentes observatorios. \u201cCada descubrimiento como \u00e9ste muestra que los grandes avances en astronom\u00eda se logran gracias a la cooperaci\u00f3n internacional y al acceso privilegiado que tiene Chile al cielo m\u00e1s claro del planeta\u201d.<\/p>\n<p>M\u00e1s all\u00e1 del descubrimiento en s\u00ed, la relevancia de 3I\/ATLAS radica en lo que puede revelar sobre la historia del cosmos. \u201cProbablemente se trate de un objeto muy antiguo que puede proporcionarnos informaci\u00f3n sobre la composici\u00f3n qu\u00edmica del universo anterior a la formaci\u00f3n de nuestro propio sistema solar\u201d, se\u00f1al\u00f3 el acad\u00e9mico de la UCSC.<\/p>\n<p><a href=\"https:\/\/www.europesays.com\/es\/wp-content\/uploads\/2025\/11\/3iatlas-foto-real.jpg\"><img loading=\"lazy\" decoding=\"async\" width=\"320\" height=\"640\" src=\"https:\/\/www.europesays.com\/es\/wp-content\/uploads\/2025\/11\/3iatlas-foto-real.jpg\" alt=\"\" class=\"wp-image-234965\"  \/><\/a><\/p>\n<p>El especialista explic\u00f3 que, al haberse originado en otro sistema estelar, su an\u00e1lisis permitir\u00e1 comparar los procesos de formaci\u00f3n planetaria. \u201cSe asume que naci\u00f3 en un disco protoplanetario de otra estrella, lo que nos permitir\u00eda obtener informaci\u00f3n sobre los modelos de discos protoplanetarios y la evoluci\u00f3n temprana de los sistemas planetarios\u201d.<\/p>\n<p>Rabus a\u00f1ade que el estudio de este tipo de cuerpos abre una ventana al pasado m\u00e1s remoto. \u201cEstos objetos son fragmentos del material original que form\u00f3 los planetas, pero procedentes de otras estrellas. Son c\u00e1psulas del tiempo que podr\u00edan contener informaci\u00f3n sobre c\u00f3mo se formaron los primeros compuestos s\u00f3lidos del universo\u201d.<\/p>\n<p>A diferencia de lo que ocurre en la cultura popular, Rabus aclara que estos objetos no son naves espaciales ni se\u00f1ales de vida inteligente. \u201cLa ciencia es clara: lo que observamos son cuerpos naturales expulsados por procesos gravitacionales, no estructuras artificiales. Su rareza radica en su procedencia, no en su naturaleza\u201d, enfatiz\u00f3.<\/p>\n<p>Finalmente, el acad\u00e9mico reflexiona sobre el papel de este hallazgo en la curiosidad humana. \u201cCada objeto interestelar que detectamos nos recuerda que no estamos aislados, que formamos parte de un universo din\u00e1mico, en constante movimiento y lleno de historias que a\u00fan no comprendemos del todo\u201d.<\/p>\n","protected":false},"excerpt":{"rendered":"El objeto interestelar 3I\/ATLAS, un cuerpo celeste proveniente de fuera del sistema solar, fue descubierto por el telescopio&hellip;\n","protected":false},"author":2,"featured_media":228580,"comment_status":"","ping_status":"","sticky":false,"template":"","format":"standard","meta":{"footnotes":""},"categories":[81],"tags":[5438,119,123,124,25,24,117,121,122,23,118,120],"class_list":{"0":"post-228579","1":"post","2":"type-post","3":"status-publish","4":"format-standard","5":"has-post-thumbnail","7":"category-ciencia-y-tecnologia","8":"tag-america-investiga","9":"tag-ciencia","10":"tag-ciencia-y-tecnologia","11":"tag-cienciaytecnologia","12":"tag-es","13":"tag-espana","14":"tag-science","15":"tag-science-and-technology","16":"tag-scienceandtechnology","17":"tag-spain","18":"tag-technology","19":"tag-tecnologia"},"share_on_mastodon":{"url":"https:\/\/pubeurope.com\/@es\/115525563886856580","error":""},"_links":{"self":[{"href":"https:\/\/www.europesays.com\/es\/wp-json\/wp\/v2\/posts\/228579","targetHints":{"allow":["GET"]}}],"collection":[{"href":"https:\/\/www.europesays.com\/es\/wp-json\/wp\/v2\/posts"}],"about":[{"href":"https:\/\/www.europesays.com\/es\/wp-json\/wp\/v2\/types\/post"}],"author":[{"embeddable":true,"href":"https:\/\/www.europesays.com\/es\/wp-json\/wp\/v2\/users\/2"}],"replies":[{"embeddable":true,"href":"https:\/\/www.europesays.com\/es\/wp-json\/wp\/v2\/comments?post=228579"}],"version-history":[{"count":0,"href":"https:\/\/www.europesays.com\/es\/wp-json\/wp\/v2\/posts\/228579\/revisions"}],"wp:featuredmedia":[{"embeddable":true,"href":"https:\/\/www.europesays.com\/es\/wp-json\/wp\/v2\/media\/228580"}],"wp:attachment":[{"href":"https:\/\/www.europesays.com\/es\/wp-json\/wp\/v2\/media?parent=228579"}],"wp:term":[{"taxonomy":"category","embeddable":true,"href":"https:\/\/www.europesays.com\/es\/wp-json\/wp\/v2\/categories?post=228579"},{"taxonomy":"post_tag","embeddable":true,"href":"https:\/\/www.europesays.com\/es\/wp-json\/wp\/v2\/tags?post=228579"}],"curies":[{"name":"wp","href":"https:\/\/api.w.org\/{rel}","templated":true}]}}