{"id":228585,"date":"2025-11-10T13:11:09","date_gmt":"2025-11-10T13:11:09","guid":{"rendered":"https:\/\/www.europesays.com\/es\/228585\/"},"modified":"2025-11-10T13:11:09","modified_gmt":"2025-11-10T13:11:09","slug":"la-macarena-recuperara-la-tunica-de-los-cuernos-de-la-abundancia-para-el-senor-de-la-sentencia","status":"publish","type":"post","link":"https:\/\/www.europesays.com\/es\/228585\/","title":{"rendered":"La Macarena recuperar\u00e1 la t\u00fanica de los cuernos de la abundancia para el Se\u00f1or de la Sentencia"},"content":{"rendered":"<p style=\"\"><strong>La junta de gobierno de la Macarena<\/strong>, en el cabildo general celebrado el domingo 9 de noviembre en la bas\u00edlica, <strong>present\u00f3 los nuevos proyectos patrimoniales que se llevar\u00e1n a cabo en la corporaci\u00f3n.<\/strong> Estos son: la nueva insignia de la Rosa de Oro,  &#8230; la recuperaci\u00f3n del dise\u00f1o de la t\u00fanica de &#8216;Los cuernos de la abundancia&#8217; y el informe para la recuperaci\u00f3n del color original y del terciopelo del manto de &#8216;Los Cisneros&#8217;.<\/p>\n<p class=\"voc-p\" style=\"\"><strong>La insignia de la Rosa de Oro ha sido proyectada por Gonzalo Navarro<\/strong> que toma como principal fuente creativa el barroco pleno sevillano.<strong> Se trata de un l\u00e1baro en el que se expone un programa iconogr\u00e1fico en torno a la distinci\u00f3n del Papa Francisco a la Macarena.<\/strong> \u00abDescribe el perfil de la obra una sucesi\u00f3n de molduras o correajes, entre las que se entrelazan acantos, cintas y diversidad de tipos de flores y frutos. En la zona superior, una cartela acoge la representaci\u00f3n de la Rosa de Oro, timbrada por la triple tiara y las llaves, la alusi\u00f3n al car\u00e1cter pontificio de la concesi\u00f3n. Descienden verticalmente una serie de cartelas en la que quedan recogidas la advocaci\u00f3n de la Virgen, la fecha de la entrega de la Rosa de oro, y la her\u00e1ldica personal del pont\u00edfice\u00bb. Asimismo, el cabildo ha aprob\u00f3 por unanimidad la celebraci\u00f3n de una eucarist\u00eda anual de esta conmemoraci\u00f3n.<\/p>\n<p><img decoding=\"async\" loading=\"lazy\" src=\"https:\/\/www.europesays.com\/es\/wp-content\/uploads\/2025\/11\/G5V1eguXYAEGEvR-U12545161206gEj-760x427@diario_abc.jpeg\" class=\"voc-img\" width=\"760\" height=\"427\" alt=\"Proyecto de la nueva insignia para la Macarena\" data-voc-vtm-id=\"in-text-traffic\"\/><\/p>\n<p>Proyecto de la nueva insignia para la Macarena<\/p>\n<p>hdad.<\/p>\n<p class=\"voc-p\" style=\"\">Por otra parte, <strong>la hermandad recuperar\u00e1 el dise\u00f1o original de la t\u00fanica desaparecida de Celestino Rold\u00e9s en 1869<\/strong>, conocida popularmente como la de los cuernos de la abundancia, una recuperaci\u00f3n efectuada por el arquitecto y proyectista Sergio Cornejo. <\/p>\n<p class=\"voc-p\" style=\"\">Por \u00faltimo, <strong>el IAPH, elabora un informe sobre la recuperaci\u00f3n del color original y terciopelo en la restauraci\u00f3n del manto de los Cisneros,<\/strong> ya en proceso en el taller de Charo Bernardino, obra realizada por Guillermo Carrasquilla en 1967, est\u00e1 compuesta por bordados procedentes de las ca\u00eddas del palio de la Virgen de Jos\u00e9 Caro, datadas en 1942.<\/p>\n","protected":false},"excerpt":{"rendered":"La junta de gobierno de la Macarena, en el cabildo general celebrado el domingo 9 de noviembre en&hellip;\n","protected":false},"author":2,"featured_media":228586,"comment_status":"","ping_status":"","sticky":false,"template":"","format":"standard","meta":{"footnotes":""},"categories":[8],"tags":[60109,17,18,51220,25,24,13,14,11,19,20,60,9,10,15,16,44430,8653,5877,23,12,60108,21,22],"class_list":{"0":"post-228585","1":"post","2":"type-post","3":"status-publish","4":"format-standard","5":"has-post-thumbnail","7":"category-espana","8":"tag-abundancia","9":"tag-breaking-news","10":"tag-breakingnews","11":"tag-cuernos","12":"tag-es","13":"tag-espana","14":"tag-featured-news","15":"tag-featurednews","16":"tag-headlines","17":"tag-latest-news","18":"tag-latestnews","19":"tag-macarena","20":"tag-news","21":"tag-noticias","22":"tag-noticias-destacadas","23":"tag-noticiasdestacadas","24":"tag-recuperara","25":"tag-senor","26":"tag-sentencia","27":"tag-spain","28":"tag-titulares","29":"tag-tunica","30":"tag-ultimas-noticias","31":"tag-ultimasnoticias"},"share_on_mastodon":{"url":"https:\/\/pubeurope.com\/@es\/115525575673282761","error":""},"_links":{"self":[{"href":"https:\/\/www.europesays.com\/es\/wp-json\/wp\/v2\/posts\/228585","targetHints":{"allow":["GET"]}}],"collection":[{"href":"https:\/\/www.europesays.com\/es\/wp-json\/wp\/v2\/posts"}],"about":[{"href":"https:\/\/www.europesays.com\/es\/wp-json\/wp\/v2\/types\/post"}],"author":[{"embeddable":true,"href":"https:\/\/www.europesays.com\/es\/wp-json\/wp\/v2\/users\/2"}],"replies":[{"embeddable":true,"href":"https:\/\/www.europesays.com\/es\/wp-json\/wp\/v2\/comments?post=228585"}],"version-history":[{"count":0,"href":"https:\/\/www.europesays.com\/es\/wp-json\/wp\/v2\/posts\/228585\/revisions"}],"wp:featuredmedia":[{"embeddable":true,"href":"https:\/\/www.europesays.com\/es\/wp-json\/wp\/v2\/media\/228586"}],"wp:attachment":[{"href":"https:\/\/www.europesays.com\/es\/wp-json\/wp\/v2\/media?parent=228585"}],"wp:term":[{"taxonomy":"category","embeddable":true,"href":"https:\/\/www.europesays.com\/es\/wp-json\/wp\/v2\/categories?post=228585"},{"taxonomy":"post_tag","embeddable":true,"href":"https:\/\/www.europesays.com\/es\/wp-json\/wp\/v2\/tags?post=228585"}],"curies":[{"name":"wp","href":"https:\/\/api.w.org\/{rel}","templated":true}]}}