{"id":228589,"date":"2025-11-10T13:17:10","date_gmt":"2025-11-10T13:17:10","guid":{"rendered":"https:\/\/www.europesays.com\/es\/228589\/"},"modified":"2025-11-10T13:17:10","modified_gmt":"2025-11-10T13:17:10","slug":"musetti-fritz-en-directo-fase-de-grupos-de-las-atp-finals-en-turin-hoy-en-vivo-diario-as","status":"publish","type":"post","link":"https:\/\/www.europesays.com\/es\/228589\/","title":{"rendered":"Musetti &#8211; Fritz en directo: fase de grupos de las ATP Finals en Tur\u00edn hoy, en vivo &#8211; Diario AS"},"content":{"rendered":"<ol>\n<li><a href=\"https:\/\/news.google.com\/rss\/articles\/CBMivAFBVV95cUxPY3FxVWZZakxCSjJicGFXLUpIRS1OdUh2TmszeGtGQzhfb0pFRUdzVnVDUXdtYzJUV0RwYkQyNnNqc1BtaTJ2dVEwU0tJMktaVTdwTU9iQWl1Z19kQWhuT09WejVGTDZiSjR1R2VMVlp0enhGN3oxa05GeWFwSlJIWFVEYWFZZVA2SGRrYWlqdDZvc0w2NmRvRUkzZ2c3X1lPWWtQVHU3dUUwSE1BUFN5LV9JeTl2VWFfdDV5MdIB0AFBVV95cUxQUmRiSVFvWTlCOHRULVlPbTlBUDlYMWhPRVJQb2ZaRFpHUGl2VXk1SzJyODBjb2dLdExDMmJ1Q3haLVZrN2N4LUIyd0ZSUDIxTlJfdEUxR25XWDRVcWVwbXAyRHhUV2ZuVW15S2tveEw5LUIyWnQ3T0VmV2JfVmhYMHo3UHRTdldSQWFiUmFuczRvWmJlbmJhbGZIejM5WHJZREJJQkpLd1BIaXotUUVrcDBZQWdSellKUThEemtkR01FRTEyazF5NGJibHdUekNI?oc=5\" target=\"_blank\" rel=\"nofollow noopener\">Musetti &#8211; Fritz en directo: fase de grupos de las ATP Finals en Tur\u00edn hoy, en vivo<\/a>&nbsp;&nbsp;Diario AS<\/li>\n<li><a href=\"https:\/\/news.google.com\/rss\/articles\/CBMiswFBVV95cUxPQms1UWl4NGc3T0JOT0VPcE9sNFZJLWJrSWtMUC14SHh6TmJ1V1BmZ3BqeWY2UE1ITHBQcmtyV3E1WHpNTmpYZk1saVQ1UTNUdXMwTURCRm9wQlJSSEJsRHRBaWNScnYybnd5MmhKSWZYc3NuS2ZobjF6aV9OdV9mRzZjT25NM2luM19MdjR6YV9IdkxVM1ljb0RGMGxnTmo2ZXJwc2RSdVlFdElLaWRIb0ZWOA?oc=5\" target=\"_blank\" rel=\"nofollow noopener\">Lorenzo Musetti &#8211; Taylor Fritz en directo: ATP Finals &#8211; Tenis<\/a>&nbsp;&nbsp;Eurosport<\/li>\n<li><a href=\"https:\/\/news.google.com\/rss\/articles\/CBMimwFBVV95cUxPX2VFVGtDczNneG10bncyRlFjS1U3dTZ4YkUxQ3BwSVp2YzFsZ1JjSmpSbnM2R3hTemVsakpvZ0dWQmx4NDZtVGxsWkNDNTFQNmptRVRrSy1XSjJSQ1lIQmUtYUpxUXRDbGRxRFl0a045UHZXNW93QUo2SWtvZXgwd0ZLY25fblFJUFRSbERnd0xGcjNCZm5oaVJQc9IBmwFBVV95cUxNOE4waldqY1E5RTZWSktOM2M2U0JvemZoUEdJUlNQX0ZrZEtYOXVscVZqbnhRblZTZC1ISlFvcWdkS3N0NEJHR1hBLWJGbFNhb3hXeWx6eDJUZFZuNGVqT242c3N4SUlFelF6TkVqSGdQeXZvaE1mdmU5MDhpMG8zTlNfRWU2Rlo5V1YxUUl1S1JqcnNMM0pXYzJfdw?oc=5\" target=\"_blank\" rel=\"nofollow noopener\">Musetti &#8211; Fritz: horario y d\u00f3nde ver hoy en TV el partido de las ATP Finals<\/a>&nbsp;&nbsp;MARCA<\/li>\n<li><a href=\"https:\/\/news.google.com\/rss\/articles\/CBMi5wFBVV95cUxObEdvUkNGS0U1eW8wUDM0OUNYb0F2Q2dHV2tJZEFXXzVlaVFPSEl1ME0xZ2dxMDc5UlNYbk1TVEJ2aS1UbDEtdFl3WlBRc004c1gwd3NnY2RfcHRSeEt4QVk5R2ZveWY2b18yZkJpQW5pRHc1Zk8yMHZUQU1zTnFrMDNIY1pfUWNtOE51V1dSVFVvd04ycktLNncyWFRSZEt2WnlhOU55b1ZlVGdZb1pSZThsSFVyUjFEaVBOS0xuVUtEenVOdndIRldqbzJqNGNNOTJUeUtEZkROY0lMQ1UxTXlqWU1SdnM?oc=5\" target=\"_blank\" rel=\"nofollow noopener\">Horario y d\u00f3nde ver por televisi\u00f3n el debut de Novak Djokovic contra Taylor Fritz en Tur\u00edn<\/a>&nbsp;&nbsp;Eurosport<\/li>\n<li><a href=\"https:\/\/news.google.com\/rss\/articles\/CBMi7gFBVV95cUxOUDF2cVNTWmIyM1JrclJBODZBcWZfYTJrNXpBRXlOdy1KSGlabUpQU1JzSHFSXzNMZnQ2TkRsYk9YSXhsMHlZUWFMeTA3UFh0dmtBZzlMa2R3bFlDWUhmM2VwOFl6VGk4LXk5c0NSZDJSS0xtSkRmNEtuWEVRZWR1SlRKS2JfVFgwRTlFbEdmZ2lyN1ZLcnpnUXpFRXAtdUNTM0lwY0xpM1JfaUlNbmVNTnJzTVdmeFlIanEtSUxzT0ZLdEFJMWtIbnUxeDZHeWIwbEhPWHNjN01KWHZ6dGwzdTlWSHBha0lCMktZNGdB?oc=5\" target=\"_blank\" rel=\"nofollow noopener\">\u00a1EN VIVO! El minuto a minuto de Taylor Fritz vs. Lorenzo Musetti por las ATP Finals 2025<\/a>&nbsp;&nbsp;ESPN Deportes<\/li>\n<\/ol>\n","protected":false},"excerpt":{"rendered":"Musetti &#8211; Fritz en directo: fase de grupos de las ATP Finals en Tur\u00edn hoy, en vivo&nbsp;&nbsp;Diario AS&hellip;\n","protected":false},"author":2,"featured_media":228590,"comment_status":"","ping_status":"","sticky":false,"template":"","format":"standard","meta":{"footnotes":""},"categories":[274],"tags":[168,25,24,23,167,327,326],"class_list":{"0":"post-228589","1":"post","2":"type-post","3":"status-publish","4":"format-standard","5":"has-post-thumbnail","7":"category-tenis","8":"tag-deportes","9":"tag-es","10":"tag-espana","11":"tag-spain","12":"tag-sports","13":"tag-tenis","14":"tag-tennis"},"share_on_mastodon":{"url":"https:\/\/pubeurope.com\/@es\/115525598938173307","error":""},"_links":{"self":[{"href":"https:\/\/www.europesays.com\/es\/wp-json\/wp\/v2\/posts\/228589","targetHints":{"allow":["GET"]}}],"collection":[{"href":"https:\/\/www.europesays.com\/es\/wp-json\/wp\/v2\/posts"}],"about":[{"href":"https:\/\/www.europesays.com\/es\/wp-json\/wp\/v2\/types\/post"}],"author":[{"embeddable":true,"href":"https:\/\/www.europesays.com\/es\/wp-json\/wp\/v2\/users\/2"}],"replies":[{"embeddable":true,"href":"https:\/\/www.europesays.com\/es\/wp-json\/wp\/v2\/comments?post=228589"}],"version-history":[{"count":0,"href":"https:\/\/www.europesays.com\/es\/wp-json\/wp\/v2\/posts\/228589\/revisions"}],"wp:featuredmedia":[{"embeddable":true,"href":"https:\/\/www.europesays.com\/es\/wp-json\/wp\/v2\/media\/228590"}],"wp:attachment":[{"href":"https:\/\/www.europesays.com\/es\/wp-json\/wp\/v2\/media?parent=228589"}],"wp:term":[{"taxonomy":"category","embeddable":true,"href":"https:\/\/www.europesays.com\/es\/wp-json\/wp\/v2\/categories?post=228589"},{"taxonomy":"post_tag","embeddable":true,"href":"https:\/\/www.europesays.com\/es\/wp-json\/wp\/v2\/tags?post=228589"}],"curies":[{"name":"wp","href":"https:\/\/api.w.org\/{rel}","templated":true}]}}