{"id":228624,"date":"2025-11-10T13:47:10","date_gmt":"2025-11-10T13:47:10","guid":{"rendered":"https:\/\/www.europesays.com\/es\/228624\/"},"modified":"2025-11-10T13:47:10","modified_gmt":"2025-11-10T13:47:10","slug":"cuando-dali-lloraba-por-franco","status":"publish","type":"post","link":"https:\/\/www.europesays.com\/es\/228624\/","title":{"rendered":"Cuando Dal\u00ed lloraba por Franco"},"content":{"rendered":"<p><b>Salvador Dal\u00ed nunca quiso rehuir la controversia.<\/b> Le gustaba demasiado. El pintor hizo suya esa m\u00e1xima de Oscar Wilde seg\u00fan la cual \u201chay algo peor que ser hablado: no ser hablado\u201d. Y eso es algo que le persigue todav\u00eda, especialmente cuando se recuerda su relaci\u00f3n con el franquismo. Porque Dal\u00ed, el joven que se code\u00f3 con el trotskysmo y el federalismo durante su juventud, fue un franquista declarado hasta que se cambi\u00f3 de chaqueta tras la muerte del dictador para ser juancarlista.<\/p>\n<p><b>Hasta el estallido de la Guerra Civil o, mejor dicho, a medida que la contienda fue avanzando, aquel que se consideraba un catalanista de pura cepa y republicano, fue dando un giro ideol\u00f3gico.<\/b> Pese a que se ofreci\u00f3 para trabajar para la Generalitat republicana poni\u00e9ndose al servicio del comisario Jaume Miravitlles, pese a que quiso participar en el pabell\u00f3n de la Exposici\u00f3n Universal de Par\u00eds para poder exponer al lado del \u201cGuernica\u201d de Picasso, Dal\u00ed en 1939 ya estaba al lado de Franco. En esto influy\u00f3 poderosamente el drama vivido por su familia, especialmente su hermana Anna Maria, encerrada durante d\u00edas en una checa donde Salvador aseguraba que hab\u00eda sido torturada. En una carta a Luis Bu\u00f1uel le asegur\u00f3 que <b>\u201cmetieron a mi hermana en prisi\u00f3n en Barcelona los rojos 20 d\u00edas y la martirizaron. Se ha vuelto loca. Est\u00e1 en Cadaqu\u00e9s, le tienen que dar la comida por la fuerza y se caga en la cama. Imag\u00ednate la tragedia de mi padre que le han robado todo, tiene que vivir en una casa de hu\u00e9spedes en Figueres. Naturalmente le mando d\u00f3lares, se ha convertido en un fan\u00e1tico adorador de Franco que considera un semidios, el glorioso caudillo como dice a cada l\u00ednea de sus delirantes cartas (\u2026). El ensayo revolucionario ha sido tan desastroso que todo el mundo prefiere a Franco\u201d.<\/b><\/p>\n<p>Pese a estas l\u00edneas, Salvador Dal\u00ed y su esposa Gala decidieron \u201cexilarse\u201d, es un decir, a Estados Unidos para regresar finalmente en 1948, una vez que pensaron que la situaci\u00f3n era propicia, adem\u00e1s de haber logrado hacerse ricos en Am\u00e9rica gracias al trabajo del artista. Pese a demostrar p\u00fablicamente su apoyo al r\u00e9gimen, este no dud\u00f3 en censurar la autobiograf\u00eda \u201cVida secreta de Salvador Dal\u00ed\u201d que no pudo publicarse en nuestro pa\u00eds hasta los a\u00f1os ochenta.<\/p>\n<p>Si Dal\u00ed quer\u00eda demostrar su adhesi\u00f3n al r\u00e9gimen, deb\u00eda hacerlo de la manera m\u00e1s ruidosa posible. Si el enemigo art\u00edstico de la dictadura era Picasso, a \u00e9l no le molestaba ser la otra cara de la moneda y presentarse como el pintor del franquismo. Pero eso deb\u00eda ser publicitado, faltaba m\u00e1s, de la manera m\u00e1s ruidosa posible. Y as\u00ed fue al pronunciar una c\u00e9lebre conferencia el 11 de noviembre de 1951 en el Teatro Mar\u00eda Guerrero de Madrid bajo el significativo t\u00edtulo de \u201cPicasso y yo\u201d. El acto, organizado por el Instituto de Cultura Hisp\u00e1nica y dirigido personalmente por Manuel Fraga Iribarne, era toda una declaraci\u00f3n de intenciones. Para el de Figueres, Picasso hab\u00eda intentado \u201cmatar la belleza del arte con su materialismo comunista\u201d. Todos los presentes lo aplaudieron.<\/p>\n<p><b>Debi\u00f3 ser por este tiempo en el que Salvador Dal\u00ed empez\u00f3 a frecuentar el Palacio del Pardo, pero para preparar estas reuniones previamente se ve\u00eda con el fil\u00f3sofo Francesc Pujols. a quien conoci\u00f3 durante su juventud en la tertulia del Ateneu de Barcelona. <\/b>Enrique Sabater, quien fuera secretario personal del pintor durante muchos a\u00f1os, explicaba al autor de estas l\u00edneas que Dal\u00ed, antes de visitar a Franco, se reun\u00eda con Pujols en Martorell para preparar la entrevista<b>. Evidentemente Franco luego no entend\u00eda nada.<\/b> Se conserva la transcripci\u00f3n de uno de esos encuentros en los que Pujols aseguraba que \u201cEspa\u00f1a es tr\u00e1gica porque todo son v\u00edrgenes que hacen milagros\u201d. A Dal\u00ed le fascinaba escuchar de labios del fil\u00f3sofo que \u201cla felicidad de la eternidad consistir\u00e1 en tres cosas: incesto (esp\u00edritu fraternal); homosexualidad (del mismo sexo); adulterio (despu\u00e9s del uno con el otro). No estar siempre sentado, como cree la gente\u201d. En 1975, al inaugurar su Teatro-Museo de Figueres, Dal\u00ed dedicar\u00eda un monumento en memoria de Pujols con una frase del fil\u00f3sofo como inscripci\u00f3n: \u201cEl pensamiento catal\u00e1n rebrota siempre y sobrevive a sus ilusos enterradores\u201d. Las autoridades franquistas del momento trataron de censurar esa sentencia, pero Dal\u00ed pudo salirse con la suya.<\/p>\n<p>Los encuentros con Franco tambi\u00e9n se trasladaron al Castillo de Peralada, propiedad de la familia Mateu, encantada de hacer de intermediaria entre el dictador y el pintor, hecho del que existe abundante documentaci\u00f3n gr\u00e1fica. A Dal\u00ed le conven\u00eda mantener ese contacto, adem\u00e1s de por su fascinaci\u00f3n por el poder y por no ser molestado en su pa\u00eds, para poder poner en marcha un proyecto largamente acariciado: la construcci\u00f3n de su teatro-museo en Figueres para lo que tuvo luz verde en 1970. El pintor pag\u00f3 varios peajes por todo esto. Uno de ellos fue <b>el retrato al \u00f3leo de la nieta del dictador, Carmen Mart\u00ednez-Bordiu, para el que cont\u00f3 con la ayuda de varios ayudantes, as\u00ed como otros a l\u00e1piz del mismo Franco y su esposa Carmen Polo.<\/b><\/p>\n<p>El 27 de agosto de 1967, Dal\u00ed viaj\u00f3 a Perpi\u00f1\u00e1n acompa\u00f1ado de<b> Gala, a quien en privado gustaba llamar \u201cmi caudilla\u201d.<\/b> Vestido de almirante, se present\u00f3 como una versi\u00f3n par\u00f3dica de Franco para pronunciar un discurso: su personal lectura de la estructura molecular. Ante el p\u00fablico, como si fuera Franco proclam\u00f3 que \u201cuna polla xica, pica, pellarica, camatorta i becarica va tenir sis polls xics, pics, pellarics, camatorts i becarics. Si la polla no hagu\u00e9s sigut xica, pica, pellarica, camatorta i becarica, els sis polls no haguessin sigut xics, pics, pellarics, camatorts i becarics\u201d.<\/p>\n<p>Pese a parodiar a Franco, la agon\u00eda del general fue dolorosa para Dal\u00ed. En octubre de 1975, el pintor se encontraba en Nueva York y fue all\u00ed cuando se enter\u00f3 que el estado de salud de Franco se agravaba. El pintor <b>fue cada d\u00eda a la catedral de Saint Patrick a rezar por la pronta recuperaci\u00f3n, algo que hac\u00eda entre l\u00e1grimas<\/b>, como le explic\u00f3 Enrique Sabater, testigo de esos d\u00edas, a quien esto escribe. A ello se le sumaba, siempre seg\u00fan recordaba esta fuente, la llamada diaria que se hac\u00eda a Zarzuela y al Pardo para tener informaci\u00f3n de primera mano de lo que estaba pasando.<\/p>\n<p><b>El 20 de noviembre de 1975, mientras estaba en su suite son\u00f3 el tel\u00e9fono. Franco estaba muerto. Dal\u00ed llor\u00f3, el mismo Dal\u00ed que unas semanas antes se hab\u00eda entregado por \u00faltima vez a los brazos del r\u00e9gimen. Ese d\u00eda coincidi\u00f3 en el bar de su hotel, el Saint Regis, con el escultor Miguel Berrocal, quien brindaba por el fallecimiento para consternaci\u00f3n del ampurdan\u00e9s.<\/b><\/p>\n<p>Cuando la dictadura \u201cdio el enterado\u201d para las \u00faltimas ejecuciones, la agencia de noticias France Press se puso en contacto con el viejo surrealista para saber su opini\u00f3n. En Madrid se acababa de celebrar el 1 de octubre de 1975 una manifestaci\u00f3n en apoyo a Franco tras la condena internacional por los fusilamientos. Aquellas declaraciones, le\u00eddas medio siglo despu\u00e9s, siguen impactando y uno se pregunta si Dal\u00ed no era consciente de lo que dec\u00eda: \u201cEl triunfo que ha obtenido hoy, con una multitud de m\u00e1s de dos millones de personas aclam\u00e1ndole como h\u00e9roe supremo de Espa\u00f1a -todo el pueblo espa\u00f1ol brind\u00e1ndole su apoyo-, nunca habr\u00eda sido posible si no se hubieran producido estos incidentes. La hostilidad de los dem\u00e1s pa\u00edses lo ha rejuvenecido treinta a\u00f1os en un segundo. Franco es una persona maravillosa. (\u2026) <b>Espa\u00f1a es un pa\u00eds donde, en pocos meses, ya no habr\u00e1 terrorismo. Lo que se necesita es el triple de ejecuciones. Pero, de momento, ya son suficientes<\/b>\u201d.<\/p>\n","protected":false},"excerpt":{"rendered":"Salvador Dal\u00ed nunca quiso rehuir la controversia. Le gustaba demasiado. El pintor hizo suya esa m\u00e1xima de Oscar&hellip;\n","protected":false},"author":2,"featured_media":228625,"comment_status":"","ping_status":"","sticky":false,"template":"","format":"standard","meta":{"footnotes":""},"categories":[173],"tags":[229,233,231,230,232,234,146,147,25,24,23],"class_list":{"0":"post-228624","1":"post","2":"type-post","3":"status-publish","4":"format-standard","5":"has-post-thumbnail","7":"category-arte-y-diseno","8":"tag-arte","9":"tag-arte-y-diseno","10":"tag-arts","11":"tag-arts-and-design","12":"tag-design","13":"tag-diseno","14":"tag-entertainment","15":"tag-entretenimiento","16":"tag-es","17":"tag-espana","18":"tag-spain"},"share_on_mastodon":{"url":"https:\/\/pubeurope.com\/@es\/115525716742438076","error":""},"_links":{"self":[{"href":"https:\/\/www.europesays.com\/es\/wp-json\/wp\/v2\/posts\/228624","targetHints":{"allow":["GET"]}}],"collection":[{"href":"https:\/\/www.europesays.com\/es\/wp-json\/wp\/v2\/posts"}],"about":[{"href":"https:\/\/www.europesays.com\/es\/wp-json\/wp\/v2\/types\/post"}],"author":[{"embeddable":true,"href":"https:\/\/www.europesays.com\/es\/wp-json\/wp\/v2\/users\/2"}],"replies":[{"embeddable":true,"href":"https:\/\/www.europesays.com\/es\/wp-json\/wp\/v2\/comments?post=228624"}],"version-history":[{"count":0,"href":"https:\/\/www.europesays.com\/es\/wp-json\/wp\/v2\/posts\/228624\/revisions"}],"wp:featuredmedia":[{"embeddable":true,"href":"https:\/\/www.europesays.com\/es\/wp-json\/wp\/v2\/media\/228625"}],"wp:attachment":[{"href":"https:\/\/www.europesays.com\/es\/wp-json\/wp\/v2\/media?parent=228624"}],"wp:term":[{"taxonomy":"category","embeddable":true,"href":"https:\/\/www.europesays.com\/es\/wp-json\/wp\/v2\/categories?post=228624"},{"taxonomy":"post_tag","embeddable":true,"href":"https:\/\/www.europesays.com\/es\/wp-json\/wp\/v2\/tags?post=228624"}],"curies":[{"name":"wp","href":"https:\/\/api.w.org\/{rel}","templated":true}]}}