{"id":228662,"date":"2025-11-10T14:13:09","date_gmt":"2025-11-10T14:13:09","guid":{"rendered":"https:\/\/www.europesays.com\/es\/228662\/"},"modified":"2025-11-10T14:13:09","modified_gmt":"2025-11-10T14:13:09","slug":"queensryche-inmersos-en-su-proxima-obra-andrew-freeman-no-tiene-claro-cuando-saldra-el-disco-de-last-in-line-single-de-disharmonik","status":"publish","type":"post","link":"https:\/\/www.europesays.com\/es\/228662\/","title":{"rendered":"QUEENSR\u0178CHE inmersos en su pr\u00f3xima obra. Andrew Freeman no tiene claro cuando saldr\u00e1 el disco de LAST IN LINE. Single de DISHARMONIK."},"content":{"rendered":"<p>\u00a0<\/p>\n<p style=\"text-align: center;\"><strong><a href=\"#QUEENSRYCHE\">QUEENSR\u0178CHE inmersos en su pr\u00f3xima obra.<\/a> \u2013 <a href=\"#LINE\">Andrew Freeman no tiene claro cuando saldr\u00e1 el disco de LAST IN LINE<\/a> \u2013<a href=\"#DISHARMONIK\"> Single de DISHARMONIK.<\/a><\/strong><\/p>\n<p>El bajista de <a href=\"https:\/\/www.facebook.com\/QueensrycheOfficial\" target=\"_blank\" rel=\"noopener nofollow\"><strong>QUEENSR\u0178CHE<\/strong><\/a> <strong>Eddie Jackson<\/strong> ha hablado del <a href=\"https:\/\/www.rafabasa.com\/2025\/02\/11\/queensryche-sadist-rocknes\/#QUEENSRYCHE\" rel=\"nofollow noopener\" target=\"_blank\">pr\u00f3ximo disco<\/a> del grupo en una entrevista con Different Stages Radio.<\/p>\n<p>\u00abTodav\u00eda estamos componiendo. Empezamos el pasado mes de enero antes de una gira de un mes en Europa. En verano nos volvimos a reunir y seguimos componiendo a partir de lo que tenemos, ya que ahora tenemos la gira con ACCEPT. No vamos a poder reunirnos en un mismo sitio, estaremos de gira, pero no es como un estudio. No obstante cada uno llevamos nuestras cosas para grabar y seguir sacando ideas. Esperamos meternos en el estudio hacia comienzos de primavera del a\u00f1o que viene, y con suerte lo sacaremos m\u00e1s o menos a finales de oto\u00f1o. Eso estar\u00eda bien.<\/p>\n<p>Vamos a volver a trabajar con Chris \u00abZeuss\u00bb Harris es incre\u00edble y es fant\u00e1stico aportando ideas Adem\u00e1s es un gran tipo y m\u00fasico, toca la guitarra. Si sigue funcionando, \u00bfpor qu\u00e9 no vamos a seguir trabajando con \u00e9l?\u201d<\/p>\n<p><img fetchpriority=\"high\" decoding=\"async\" src=\"https:\/\/www.europesays.com\/es\/wp-content\/uploads\/2025\/11\/queensryche2019_6.jpg\" alt=\"QUEENSR\u0178CHE\" width=\"500\" height=\"334\"\/><\/p>\n<p>Ten\u00e9is la charla completa a continuaci\u00f3n.<\/p>\n<p><a href=\"https:\/\/www.facebook.com\/QueensrycheOfficial\" target=\"_blank\" rel=\"noopener nofollow\"><strong>QUEENSR\u0178CHE<\/strong><\/a> tocar\u00e1n en Rock Imperium 2026.<\/p>\n<p>En principio se est\u00e1n preparando <a href=\"https:\/\/www.rafabasa.com\/2023\/12\/27\/queensryche-paul-dianno-royal-hunt\/#QUEENSRYCHE\" target=\"_blank\" rel=\"noopener nofollow\">dos libros<\/a> sobre el grupo.<\/p>\n<p>Los americanos editaron el 7 de octubre de 2022 a trav\u00e9s de Century Media su <a href=\"https:\/\/www.rafabasa.com\/2022\/05\/21\/proximo-disco-de-queensryche-nuevos-videos-de-evergrey-y-beto-vazquez-infinity\/#QUEENSRYCHE\" target=\"_blank\" rel=\"noopener nofollow\">\u00faltimo disco<\/a> \u00abDigital Noise Alliance\u00bb.<\/p>\n<p>Los singles aparecidos en esta <a href=\"https:\/\/www.rafabasa.com\/2022\/10\/10\/nuevos-videos-de-queensryche-y-xentrix-escucha-el-disco-de-goatwhore\/#QUEENSRYCHE\" target=\"_blank\" rel=\"noopener nofollow\">noticia<\/a> y nuestra cr\u00edtica del disco en este <a href=\"https:\/\/www.rafabasa.com\/2022\/11\/02\/critica-del-cd-de-queensryche-digital-noise-alliance\/\" target=\"_blank\" rel=\"noopener nofollow\">enlace<\/a>.<\/p>\n<p>\u00a0<\/p>\n<p>\u00a0<\/p>\n<p>El cantante de <a href=\"https:\/\/www.lastinlineofficial.com\/\" target=\"_blank\" rel=\"noopener nofollow\"><strong>LAST IN LINE<\/strong><\/a> Andrew Freeman ha hablado del <a href=\"https:\/\/www.rafabasa.com\/2025\/06\/16\/avatar-last-in-line-southern-hordes-fest\/#LAST_IN_LINE\" rel=\"nofollow noopener\" target=\"_blank\">pr\u00f3ximo disco<\/a> del grupo en una entrevista con Talkin\u2019 Bout Rock With Rob Edwards.<\/p>\n<p>\u00abSinceramente no tengo ninguna informaci\u00f3n. Me gustar\u00eda contarte m\u00e1s. Empezamos a trabajar en un disco el a\u00f1o pasado, y ah\u00ed es donde estamos m\u00e1s o menos. Es un proyecto paralelo y ahora mismo no hay mucha informaci\u00f3n. Solo estamos trabajando en un disco. No es algo con lo que puedas ganarte la vida. Es proyecto paralelo, as\u00ed que intentas hacerlo cuando se puede. Para m\u00ed fue un honor tocar con la banda original de DIO cuando se reunieron, as\u00ed que tengo un poco la obligaci\u00f3n de facilitar las cosas seg\u00fan vienen. Pero en realidad se trata de lo que quiera hacer Vivian. Si quiere seguir y tiene tiempo. Ahora tambi\u00e9n es conductor de coches de carreras, as\u00ed que entre eso y su trabajo, no tiene mucho tiempo.\u201d<\/p>\n<p>Ten\u00e9is la charla completa a continuaci\u00f3n.<\/p>\n<p>Su \u00faltimo disco \u201cJericho\u201d vio la luz el 31 de marzo de 2023 a trav\u00e9s de earMUSIC.<\/p>\n<p>Todos los detalles en este <a href=\"https:\/\/www.rafabasa.com\/2023\/01\/20\/nuevo-disco-y-single-de-last-in-line-otro-tema-del-directo-de-the-neal-morse-band-elvenking-estrenan-video\/#LAST_IN_LINE\" target=\"_blank\" rel=\"noopener nofollow\">bloque<\/a> y los v\u00eddeos aparecidos en <a href=\"https:\/\/www.rafabasa.com\/2023\/09\/22\/video-de-last-in-line-directo-de-obscura-segundo-trabajo-de-satans-fall\/#LAST_IN_LINE\" target=\"_blank\" rel=\"noopener nofollow\">esta<\/a>.<\/p>\n<p>\u00a0<\/p>\n<p>\u00a0<\/p>\n<p>\u00a0<\/p>\n<p><strong>DISHARMONIK<\/strong> han estrenado un nuevo single titulado \u201cOvercoming My Inner Ghosts\u201d.<\/p>\n<p><strong>DISHARMONIK<\/strong> publicar\u00e1n el 14 de noviembre su nuevo EP \u00abMy Inner Ghosts\u00bb.<\/p>\n<p>M\u00e1s detalles y otro single en esta <a href=\"https:\/\/www.rafabasa.com\/2025\/10\/28\/michael-schenker-1349-disharmonik\/#DISHARMONIK\" rel=\"nofollow noopener\" target=\"_blank\">noticia<\/a>.<\/p>\n<p>\u00a0<\/p>\n<p align=\"center\"><strong>Sigue el\u00a0<a href=\"https:\/\/whatsapp.com\/channel\/0029VaCprxVBA1f555USvT2O\" target=\"_blank\" rel=\"nofollow noopener\">Canal de RAFABASA.COM en WhatsApp<\/a>, donde encontrar\u00e1s todas nuestras novedades al instante<\/strong><\/p>\n","protected":false},"excerpt":{"rendered":"\u00a0 QUEENSR\u0178CHE inmersos en su pr\u00f3xima obra. \u2013 Andrew Freeman no tiene claro cuando saldr\u00e1 el disco de&hellip;\n","protected":false},"author":2,"featured_media":228663,"comment_status":"","ping_status":"","sticky":false,"template":"","format":"standard","meta":{"footnotes":""},"categories":[170],"tags":[56269,146,147,25,24,60120,184,185,60121,23],"class_list":{"0":"post-228662","1":"post","2":"type-post","3":"status-publish","4":"format-standard","5":"has-post-thumbnail","7":"category-musica","8":"tag-disharmonik","9":"tag-entertainment","10":"tag-entretenimiento","11":"tag-es","12":"tag-espana","13":"tag-last-in-line","14":"tag-music","15":"tag-musica","16":"tag-queensryche","17":"tag-spain"},"share_on_mastodon":{"url":"https:\/\/pubeurope.com\/@es\/115525819269890635","error":""},"_links":{"self":[{"href":"https:\/\/www.europesays.com\/es\/wp-json\/wp\/v2\/posts\/228662","targetHints":{"allow":["GET"]}}],"collection":[{"href":"https:\/\/www.europesays.com\/es\/wp-json\/wp\/v2\/posts"}],"about":[{"href":"https:\/\/www.europesays.com\/es\/wp-json\/wp\/v2\/types\/post"}],"author":[{"embeddable":true,"href":"https:\/\/www.europesays.com\/es\/wp-json\/wp\/v2\/users\/2"}],"replies":[{"embeddable":true,"href":"https:\/\/www.europesays.com\/es\/wp-json\/wp\/v2\/comments?post=228662"}],"version-history":[{"count":0,"href":"https:\/\/www.europesays.com\/es\/wp-json\/wp\/v2\/posts\/228662\/revisions"}],"wp:featuredmedia":[{"embeddable":true,"href":"https:\/\/www.europesays.com\/es\/wp-json\/wp\/v2\/media\/228663"}],"wp:attachment":[{"href":"https:\/\/www.europesays.com\/es\/wp-json\/wp\/v2\/media?parent=228662"}],"wp:term":[{"taxonomy":"category","embeddable":true,"href":"https:\/\/www.europesays.com\/es\/wp-json\/wp\/v2\/categories?post=228662"},{"taxonomy":"post_tag","embeddable":true,"href":"https:\/\/www.europesays.com\/es\/wp-json\/wp\/v2\/tags?post=228662"}],"curies":[{"name":"wp","href":"https:\/\/api.w.org\/{rel}","templated":true}]}}