{"id":228674,"date":"2025-11-10T14:19:14","date_gmt":"2025-11-10T14:19:14","guid":{"rendered":"https:\/\/www.europesays.com\/es\/228674\/"},"modified":"2025-11-10T14:19:14","modified_gmt":"2025-11-10T14:19:14","slug":"perdona-65-millones-entre-patrimonio-y-sucesiones-en-2026","status":"publish","type":"post","link":"https:\/\/www.europesays.com\/es\/228674\/","title":{"rendered":"perdona 65 millones entre Patrimonio y Sucesiones en 2026"},"content":{"rendered":"<p class=\"ft-text ft-helper-closenews\">Carlos Maz\u00f3n se marcha, pero quedan sus pol\u00edticas. <strong>Habr\u00e1 que ver hasta d\u00f3nde llega su herencia pol\u00edtica<\/strong>. La fiscal s\u00ed est\u00e1 clara, tras estos apenas dos a\u00f1os y medio de medidas tributarias que han sido generosas especialmente con las rentas m\u00e1s altas. Un<a class=\"ft-link ft-link--decoration\" href=\"https:\/\/www.airef.es\/es\/centro-documental\/informes\/informe-sobre-los-proyectos-y-lineas-fundamentales-de-los-presupuestos-de-las-administraciones-publicas-para-2026\/\" target=\"_blank\" rel=\"nofollow noopener\"> reciente informe publicado por la Autoridad Independiente de Responsabilidad Fiscal (AIReF) <\/a>pone cifras a las<strong> rebajas de impuestos que se van a producir en 2026<\/strong> fruto de las iniciativas que se arrastran desde los a\u00f1os anteriores.<\/p>\n<p class=\"ft-text\">Y entre ellas destacan el descenso de la recaudaci\u00f3n que <strong>se producir\u00e1 en 2026 de 35 millones en el Impuesto sobre el Patrimonio<\/strong>, y de otros 30 millones el pr\u00f3ximo a\u00f1o en<strong> el impuesto sobre sucesiones y donaciones<\/strong>, que fue modificado al poco de llegar Maz\u00f3n al Consell. Solo en estas dos categor\u00edas, que benefician especialmente a patrimonios elevados, <strong>la rebaja se eleva a 65 millones.<\/strong><\/p>\n<p class=\"ft-text\">Los datos se desprenden del informe sobre las l\u00edneas fundamentales de presupuestos 2026 para la Comunitat Valenciana, que la Autoridad Fiscal ha firmado esta semana. La autonom\u00eda mantiene las medidas permanentes de rebaja fiscal comunicadas en el informe del Plan Econ\u00f3mica Financiero 25-26. <strong>En mayo pasado tambi\u00e9n se aprobaron, dentro de la ley de acompa\u00f1amiento a los presupuestos,<\/strong> una bajada en el <strong>Impuesto de Transmisiones Patrimoniales y Actos Jur\u00eddicos Documentados (impuesto a la vivienda)<\/strong> que tendr\u00e1 un impacto negativo en la recaudaci\u00f3n de 84 millones solo el pr\u00f3ximo a\u00f1o.<\/p>\n<p class=\"ft-text\">Adem\u00e1s de esto, tambi\u00e9n Airef constata que la supresi\u00f3n del impuesto sobre actividades que inciden en el medio ambiente (la famosa ecotasa de la central de Cofrentes que Maz\u00f3n quiso suprimir simb\u00f3licamente como gesto a Iberdrola) tendr\u00e1 un impacto negativo en las arcas auton\u00f3micas de 10 millones en cada uno de los dos pr\u00f3ximos a\u00f1os.<\/p>\n<p>M\u00e1s ingresos del sistema de financiaci\u00f3n<\/p>\n<p class=\"ft-text\">En este contexto, la Airef estima que<strong> los ingresos de la comunidad en 2026<\/strong>, sin tener en cuenta los fondos del Plan de Recuperaci\u00f3n, Transformaci\u00f3n y Resiliencia (PRTR), <strong>aumentar\u00e1n un 4 %, manteni\u00e9ndose en un 15,7 % del PIB<\/strong>. Esta variaci\u00f3n est\u00e1 sustentada en el<strong> aumento del 9 % de los recursos del sistema de financiaci\u00f3n<\/strong>, as\u00ed como un crecimiento del 6 % en los impuestos ligados a la vivienda,<strong> debido al tir\u00f3n del mercado inmobiliario<\/strong>. Esto compensa la reducci\u00f3n de otros ingresos fiscales.<\/p>\n<p class=\"ft-text\">Los descensos de recaudaci\u00f3n se\u00f1alados se a\u00f1aden a los que ya ven\u00edan de <strong>los a\u00f1os anteriores fruto de las rebajas fiscales decretadas desde 2023<\/strong>. En otro informe de este mismo verano, Airef constata que las\u00a0rebajas fiscales\u00a0incluidas por el Consell\u00a0en la <strong>ley de acompa\u00f1amiento a los\u00a0Presupuestos de 2025,<\/strong> y que fueron aprobadas a finales de mayo\u00a0con el apoyo (y el sello) de Vox,\u00a0<a class=\"ft-link ft-link--decoration\" href=\"https:\/\/www.levante-emv.com\/comunitat-valenciana\/2025\/07\/18\/rebajas-fiscales-mazon-vox-312-millones-119765927.html\" target=\"_blank\" rel=\"nofollow noopener\">reducir\u00e1n la recaudaci\u00f3n en 312 millones durante los dos pr\u00f3ximos a\u00f1os<\/a>.<\/p>\n<p class=\"ft-text\">Uno de los \u00faltimos cambios se refiere al impuesto sobre el Patrimonio, incluido en el pacto con Vox para los presupuestos. <strong>El pacto entre PP y Vox consisti\u00f3 en elevar el m\u00ednimo exento para este impuesto de 500.000 euros a un mill\u00f3n<\/strong>, teniendo en cuenta que, a efectos del tributo, no computan y se consideran igualmente exentos el valor de las participaciones en una empresa familiar \u2013sea cual sea su valor-, los bienes vinculados a actividades empresariales o profesionales, as\u00ed como los de car\u00e1cter art\u00edstico-hist\u00f3rico reconocido y<strong> la vivienda habitual hasta 300.000 euros.<\/strong> Se benefician de este \u201cahorro fiscal\u201d, seg\u00fan la conselleria, <strong>los 27.711 valencianos con m\u00e1s patrimonio<\/strong>. Seg\u00fan la propia informaci\u00f3n facilitada por la Conselleria de Hacienda al PSPV, las arcas auton\u00f3micas tendr\u00e1n una merma de 61 millones al a\u00f1o.<\/p>\n<p data-close=\"closedContent\" class=\"subscribeHideForDisplay\">Suscr\u00edbete para seguir leyendo<\/p>\n","protected":false},"excerpt":{"rendered":"Carlos Maz\u00f3n se marcha, pero quedan sus pol\u00edticas. Habr\u00e1 que ver hasta d\u00f3nde llega su herencia pol\u00edtica. La&hellip;\n","protected":false},"author":2,"featured_media":228675,"comment_status":"","ping_status":"","sticky":false,"template":"","format":"standard","meta":{"footnotes":""},"categories":[80],"tags":[11281,82,12189,95,94,25,24,24573,1439,1397,37161,4111,8108,29734,60122,23,3633],"class_list":{"0":"post-228674","1":"post","2":"type-post","3":"status-publish","4":"format-standard","5":"has-post-thumbnail","7":"category-economia","8":"tag-altas","9":"tag-business","10":"tag-comunitat-valenciana","11":"tag-economia","12":"tag-economy","13":"tag-es","14":"tag-espana","15":"tag-herencia","16":"tag-mazon","17":"tag-patrimonio","18":"tag-perdona","19":"tag-presupuestos","20":"tag-rebajas","21":"tag-recaudacion","22":"tag-rentas","23":"tag-spain","24":"tag-vivienda"},"share_on_mastodon":{"url":"https:\/\/pubeurope.com\/@es\/115525842749099553","error":""},"_links":{"self":[{"href":"https:\/\/www.europesays.com\/es\/wp-json\/wp\/v2\/posts\/228674","targetHints":{"allow":["GET"]}}],"collection":[{"href":"https:\/\/www.europesays.com\/es\/wp-json\/wp\/v2\/posts"}],"about":[{"href":"https:\/\/www.europesays.com\/es\/wp-json\/wp\/v2\/types\/post"}],"author":[{"embeddable":true,"href":"https:\/\/www.europesays.com\/es\/wp-json\/wp\/v2\/users\/2"}],"replies":[{"embeddable":true,"href":"https:\/\/www.europesays.com\/es\/wp-json\/wp\/v2\/comments?post=228674"}],"version-history":[{"count":0,"href":"https:\/\/www.europesays.com\/es\/wp-json\/wp\/v2\/posts\/228674\/revisions"}],"wp:featuredmedia":[{"embeddable":true,"href":"https:\/\/www.europesays.com\/es\/wp-json\/wp\/v2\/media\/228675"}],"wp:attachment":[{"href":"https:\/\/www.europesays.com\/es\/wp-json\/wp\/v2\/media?parent=228674"}],"wp:term":[{"taxonomy":"category","embeddable":true,"href":"https:\/\/www.europesays.com\/es\/wp-json\/wp\/v2\/categories?post=228674"},{"taxonomy":"post_tag","embeddable":true,"href":"https:\/\/www.europesays.com\/es\/wp-json\/wp\/v2\/tags?post=228674"}],"curies":[{"name":"wp","href":"https:\/\/api.w.org\/{rel}","templated":true}]}}