{"id":228691,"date":"2025-11-10T14:32:09","date_gmt":"2025-11-10T14:32:09","guid":{"rendered":"https:\/\/www.europesays.com\/es\/228691\/"},"modified":"2025-11-10T14:32:09","modified_gmt":"2025-11-10T14:32:09","slug":"polemica-mallorca-rosalia-rompe-su-silencio-meses-despues-de-la-polemica-con-el-disenador-mallorquin-miguel-adrover-si-me-dolio","status":"publish","type":"post","link":"https:\/\/www.europesays.com\/es\/228691\/","title":{"rendered":"POL\u00c9MICA MALLORCA | Rosal\u00eda rompe su silencio meses despu\u00e9s de la pol\u00e9mica con el dise\u00f1ador mallorqu\u00edn Miguel Adrover: \u201cS\u00ed, me doli\u00f3\u201d"},"content":{"rendered":"<p class=\"ft-text\"><strong>Rosal\u00eda<\/strong> ha hablado por primera vez de la<a class=\"ft-link ft-link--decoration\" href=\"https:\/\/www.diariodemallorca.es\/sociedad\/2025\/07\/26\/disenador-mallorquin-miguel-adrover-rechaza-120082271.html\" target=\"_blank\" rel=\"nofollow noopener\"> pol\u00e9mica que protagoniz\u00f3 este verano junto al dise\u00f1ador mallorqu\u00edn Miguel Adrover<\/a>, quien rechaz\u00f3 colaborar con ella al considerar que la artista no se hab\u00eda posicionado p\u00fablicamente sobre el conflicto en Gaza. En una entrevista concedida a El Pa\u00eds con motivo del lanzamiento de su nuevo disco, Lux, la cantante catalana reconoce que aquel episodio <strong>le afect\u00f3 emocionalmente<\/strong>, aunque afirma haber aprendido de la experiencia.<\/p>\n<p class=\"ft-text\">La artista explica que s\u00ed le doli\u00f3 la pol\u00e9mica con Adrover, pero que intenta sacar una lecci\u00f3n de todo lo que le ocurre. <strong>\u201cAprendo y cada d\u00eda trato de hacerlo mejor\u201d<\/strong>, se\u00f1ala, y a\u00f1ade que se siente mucho m\u00e1s c\u00f3moda <strong>\u201ccuando tengo una conversaci\u00f3n de t\u00fa a t\u00fa con una persona y hablar largo y tendido de algo que hacer un <\/strong><strong>story<\/strong><strong>\u201d<\/strong>. Rosal\u00eda tambi\u00e9n admite que prefiere <strong>\u201csacar adelante una fundaci\u00f3n\u201d<\/strong> antes que expresar opiniones r\u00e1pidas en redes sociales, porque el tema de las redes <strong>\u201ces complicado\u201d<\/strong> y prefiere actuar de forma m\u00e1s profunda y directa.<\/p>\n<p>La pol\u00e9mica con el dise\u00f1ador mallorqu\u00edn<\/p>\n<p class=\"ft-text\">El desencuentro entre ambos surgi\u00f3 el pasado verano, cuando <strong>Adrover<\/strong>, <strong>Premio Nacional de Moda 2018<\/strong>, public\u00f3 un mensaje en redes sociales explicando que hab\u00eda rechazado crear un dise\u00f1o exclusivo para Rosal\u00eda. Argumentaba que no trabajaba <strong>\u201ccon ning\u00fan artista que no apoye p\u00fablicamente a Palestina\u201d<\/strong> y apelaba directamente a la cantante afirmando que <strong>\u201cel silencio es complicidad, y m\u00e1s a\u00fan cuando tienes un gran altavoz donde millones de personas te escuchan cuando cantas\u201d<\/strong>.<\/p>\n<p class=\"ft-text\">El dise\u00f1ador aclaraba que no se trataba de un ataque personal, sino de una cuesti\u00f3n de principios, asegurando que admiraba a Rosal\u00eda <strong>\u201cpor todo su talento y por todo lo que ha logrado\u201d<\/strong>, pero que <strong>\u201cahora tenemos que hacer lo correcto\u201d<\/strong>.<\/p>\n<p>La respuesta de Rosal\u00eda<\/p>\n<p class=\"ft-text\">En aquel momento, la cantante respondi\u00f3 a trav\u00e9s de una historia en su cuenta de <a class=\"ft-link ft-link--decoration\" href=\"https:\/\/www.diariodemallorca.es\/tags\/instagram\/\" target=\"_blank\" rel=\"nofollow noopener\">Instagram <\/a>en la que rechazaba las acusaciones de <strong>\u201csilencio c\u00f3mplice\u201d<\/strong> y ped\u00eda que se se\u00f1alara a quienes realmente tienen poder de acci\u00f3n. Subrayaba que <strong>\u201cno ve\u00eda c\u00f3mo avergonzarnos los unos a los otros sea la mejor manera de seguir adelante en la lucha por la libertad de Palestina\u201d<\/strong> y calificaba de <strong>\u201cterrible ver d\u00eda tras d\u00eda c\u00f3mo personas inocentes son asesinadas y que los que deber\u00edan parar esto no lo hagan\u201d<\/strong>.<\/p>\n<p class=\"ft-text\">Meses despu\u00e9s, Rosal\u00eda parece querer cerrar el cap\u00edtulo con una visi\u00f3n m\u00e1s calmada. En su conversaci\u00f3n con El Pa\u00eds, reflexiona sobre la exposici\u00f3n p\u00fablica y el activismo, insistiendo en que prefiere actuar desde el compromiso personal m\u00e1s que desde el impulso medi\u00e1tico. Entiende que <strong>\u201cotros tengan otras maneras de hacerlo\u201d<\/strong>, pero admite que no siempre se siente c\u00f3moda con la forma en que las <a class=\"ft-link ft-link--decoration\" href=\"https:\/\/www.diariodemallorca.es\/tags\/redes-sociales\/\" target=\"_blank\" rel=\"nofollow noopener\">redes sociales<\/a> condicionan la conversaci\u00f3n p\u00fablica.<\/p>\n","protected":false},"excerpt":{"rendered":"Rosal\u00eda ha hablado por primera vez de la pol\u00e9mica que protagoniz\u00f3 este verano junto al dise\u00f1ador mallorqu\u00edn Miguel&hellip;\n","protected":false},"author":2,"featured_media":228692,"comment_status":"","ping_status":"","sticky":false,"template":"","format":"standard","meta":{"footnotes":""},"categories":[174],"tags":[255,209,987,13755,146,147,25,24,256,1140,76,1922,105,4147,2807,23],"class_list":{"0":"post-228691","1":"post","2":"type-post","3":"status-publish","4":"format-standard","5":"has-post-thumbnail","7":"category-famosos","8":"tag-celebrities","9":"tag-cultura","10":"tag-despues","11":"tag-dvl","12":"tag-entertainment","13":"tag-entretenimiento","14":"tag-es","15":"tag-espana","16":"tag-famosos","17":"tag-meses","18":"tag-palestina","19":"tag-redes-sociales","20":"tag-rompe","21":"tag-rosalia","22":"tag-silencio","23":"tag-spain"},"share_on_mastodon":{"url":"https:\/\/pubeurope.com\/@es\/115525893753754063","error":""},"_links":{"self":[{"href":"https:\/\/www.europesays.com\/es\/wp-json\/wp\/v2\/posts\/228691","targetHints":{"allow":["GET"]}}],"collection":[{"href":"https:\/\/www.europesays.com\/es\/wp-json\/wp\/v2\/posts"}],"about":[{"href":"https:\/\/www.europesays.com\/es\/wp-json\/wp\/v2\/types\/post"}],"author":[{"embeddable":true,"href":"https:\/\/www.europesays.com\/es\/wp-json\/wp\/v2\/users\/2"}],"replies":[{"embeddable":true,"href":"https:\/\/www.europesays.com\/es\/wp-json\/wp\/v2\/comments?post=228691"}],"version-history":[{"count":0,"href":"https:\/\/www.europesays.com\/es\/wp-json\/wp\/v2\/posts\/228691\/revisions"}],"wp:featuredmedia":[{"embeddable":true,"href":"https:\/\/www.europesays.com\/es\/wp-json\/wp\/v2\/media\/228692"}],"wp:attachment":[{"href":"https:\/\/www.europesays.com\/es\/wp-json\/wp\/v2\/media?parent=228691"}],"wp:term":[{"taxonomy":"category","embeddable":true,"href":"https:\/\/www.europesays.com\/es\/wp-json\/wp\/v2\/categories?post=228691"},{"taxonomy":"post_tag","embeddable":true,"href":"https:\/\/www.europesays.com\/es\/wp-json\/wp\/v2\/tags?post=228691"}],"curies":[{"name":"wp","href":"https:\/\/api.w.org\/{rel}","templated":true}]}}