{"id":228721,"date":"2025-11-10T14:53:10","date_gmt":"2025-11-10T14:53:10","guid":{"rendered":"https:\/\/www.europesays.com\/es\/228721\/"},"modified":"2025-11-10T14:53:10","modified_gmt":"2025-11-10T14:53:10","slug":"el-1x1-del-basquet-coruna-ante-el-estudiantes","status":"publish","type":"post","link":"https:\/\/www.europesays.com\/es\/228721\/","title":{"rendered":"El 1&#215;1 del B\u00e1squet Coru\u00f1a ante el Estudiantes"},"content":{"rendered":"<p><img decoding=\"async\" width=\"1280\" height=\"732\" fetchpriority=\"high\" alt=\"El B\u00e1squet Coru\u00f1a volvi\u00f3 a hacer un gran trabajo colectivo\" src=\"https:\/\/www.europesays.com\/es\/wp-content\/uploads\/2025\/11\/69110c8bc17de.r_d.2143-1150-4267.jpeg\"\/><\/p>\n<p>El B\u00e1squet Coru\u00f1a volvi\u00f3 a hacer un gran trabajo colectivo<\/p>\n<p>Nicholas P. Jones\/FEB<\/p>\n<p class=\"\"><b>8 D\u00cdDAC CUEVAS<\/b><\/p>\n<p class=\"\">Aunque lo pas\u00f3 mal en defensa contra Granger, mucho m\u00e1s alto fuerte, en ataque supo castigar al uruguayo y sacar bastantes tiros libres. Adem\u00e1s reparti\u00f3 4 asistencias.\u00a0<\/p>\n<p class=\"\"><b>9 PAUL JORGENSEN<\/b><\/p>\n<p class=\"\">Nueva exhibici\u00f3n del escolta de New Jersey. Tard\u00f3 en arrancar \u2013no anot\u00f3 hasta el minuto 16\u2013, pero cuando lo hizo no tuvo compasi\u00f3n de su exequipo. Firm\u00f3 11 de sus 16 puntos en el decisivo \u00faltimo cuarto.\u00a0<\/p>\n<p class=\"\"><b>6 JOE CREMO<\/b><\/p>\n<p class=\"\">El neoyorquino sigue sin despertar del todo. Ayer no era un d\u00eda para postear ante pares tan fuertes como \u00e9l. Estuvo mucho mejor en la defensa sobre Salin.\u00a0<\/p>\n<p class=\"\"><b>7 GUILLEM JOU<\/b><\/p>\n<p class=\"\">Menos activo que en partidos anteriores, pero con el don de la oportunidad para colar sus cositas, como un 3+1 al principio del \u00faltimo acto y con un peligroso 69-59 en el marcador. Sum\u00f3 4 rebotes.\u00a0<\/p>\n<p class=\"\"><b>&#8211; MACACHI BRAZ<\/b><\/p>\n<p class=\"\">Poco m\u00e1s de cuatro minutos estuvo en pista el angole\u00f1o, en los que fall\u00f3 un tiro y cometi\u00f3 una (discutible) falta que dio origen a dos t\u00e9cnicas al B\u00e1squet Coru\u00f1a.\u00a0<\/p>\n<p class=\"\"><b>9 CAIO PACHECO<\/b><\/p>\n<p class=\"\">Reaparici\u00f3n a lo grande del brasile\u00f1o. Valiente, vertical y decisivo en el \u00faltimo per\u00edodo con puntos, direcci\u00f3n y una defensa que ahog\u00f3 a Granger. Cinco rebotes y 4 pases de canasta redondearon su gran actuaci\u00f3n.\u00a0<\/p>\n<p class=\"\"><b>&#8211; DANILO BRNOVIC\u00a0<\/b><\/p>\n<p class=\"\">Estuvo en cancha poco m\u00e1s de tres minutos antes de torcerse un tobillo. No volvi\u00f3 al parqu\u00e9.\u00a0<\/p>\n<p class=\"\"><b>8 ILIMANE DIOP<\/b><\/p>\n<p class=\"\">Otro que tard\u00f3 en arrancar. En la segunda mitad estuvo m\u00e1s duro contra Nwogbo y al otro lado de la pista sac\u00f3 una canasta por aqu\u00ed, unos tiros libres por all\u00ed, un rebote por all\u00e1&#8230; Va a m\u00e1s.\u00a0<\/p>\n<p class=\"\"><b>7 ABDOU THIAM<\/b><\/p>\n<p class=\"\">Trabajo sordo el de senegal\u00e9s, que se est\u00e1 acostumbrando a sumar sin hacer ruido. Aunque fall\u00f3 un par de tiros bajo el aro, a la hora de la verdad acert\u00f3, incluyendo dos libres a 60 segundos del final. Seis rechaces capturaron sus manos.\u00a0<\/p>\n<p class=\"\"><b>6 DINO RADONCIC\u00a0<\/b><\/p>\n<p class=\"\">Penalizado por las faltas, el montenegrino vio reducida su presencia en pista. Aun as\u00ed, estuvo atinado en el tiro (3 de 4).\u00a0<\/p>\n<p class=\"\"><b>9 JACOBO D\u00cdAZ\u00a0<\/b><\/p>\n<p class=\"\">El tercero que tard\u00f3 en aparecer. Lo hizo en unos diez minutos finales devastadores. Pas\u00f3 por el aro los tres triples que intent\u00f3, cerr\u00f3 el duelo con un mate y fue el m\u00e1ximo reboteador naranja con 8.\u00a0<\/p>\n<p class=\"\"><b>&#8211; CARLOS VARELA\u00a0<\/b><\/p>\n<p class=\"\">Solamente estuvo en pista durante los \u00faltimos 26 segundos del tercer cuarto.<\/p>\n","protected":false},"excerpt":{"rendered":"El B\u00e1squet Coru\u00f1a volvi\u00f3 a hacer un gran trabajo colectivo Nicholas P. Jones\/FEB 8 D\u00cdDAC CUEVAS Aunque lo&hellip;\n","protected":false},"author":2,"featured_media":228722,"comment_status":"","ping_status":"","sticky":false,"template":"","format":"standard","meta":{"footnotes":""},"categories":[269],"tags":[299,298,168,25,24,23,167],"class_list":{"0":"post-228721","1":"post","2":"type-post","3":"status-publish","4":"format-standard","5":"has-post-thumbnail","7":"category-baloncesto","8":"tag-baloncesto","9":"tag-basketball","10":"tag-deportes","11":"tag-es","12":"tag-espana","13":"tag-spain","14":"tag-sports"},"share_on_mastodon":{"url":"https:\/\/pubeurope.com\/@es\/115525976753763994","error":""},"_links":{"self":[{"href":"https:\/\/www.europesays.com\/es\/wp-json\/wp\/v2\/posts\/228721","targetHints":{"allow":["GET"]}}],"collection":[{"href":"https:\/\/www.europesays.com\/es\/wp-json\/wp\/v2\/posts"}],"about":[{"href":"https:\/\/www.europesays.com\/es\/wp-json\/wp\/v2\/types\/post"}],"author":[{"embeddable":true,"href":"https:\/\/www.europesays.com\/es\/wp-json\/wp\/v2\/users\/2"}],"replies":[{"embeddable":true,"href":"https:\/\/www.europesays.com\/es\/wp-json\/wp\/v2\/comments?post=228721"}],"version-history":[{"count":0,"href":"https:\/\/www.europesays.com\/es\/wp-json\/wp\/v2\/posts\/228721\/revisions"}],"wp:featuredmedia":[{"embeddable":true,"href":"https:\/\/www.europesays.com\/es\/wp-json\/wp\/v2\/media\/228722"}],"wp:attachment":[{"href":"https:\/\/www.europesays.com\/es\/wp-json\/wp\/v2\/media?parent=228721"}],"wp:term":[{"taxonomy":"category","embeddable":true,"href":"https:\/\/www.europesays.com\/es\/wp-json\/wp\/v2\/categories?post=228721"},{"taxonomy":"post_tag","embeddable":true,"href":"https:\/\/www.europesays.com\/es\/wp-json\/wp\/v2\/tags?post=228721"}],"curies":[{"name":"wp","href":"https:\/\/api.w.org\/{rel}","templated":true}]}}