{"id":228746,"date":"2025-11-10T15:07:11","date_gmt":"2025-11-10T15:07:11","guid":{"rendered":"https:\/\/www.europesays.com\/es\/228746\/"},"modified":"2025-11-10T15:07:11","modified_gmt":"2025-11-10T15:07:11","slug":"son-muy-graves-y-ademas-falsas","status":"publish","type":"post","link":"https:\/\/www.europesays.com\/es\/228746\/","title":{"rendered":"\u00abSon muy graves y adem\u00e1s falsas\u00bb"},"content":{"rendered":"<p style=\"\">El obispado de C\u00e1diz y Ceuta ha emitido un comunicado en la ma\u00f1ana de este lunes en respuesta a una informaci\u00f3n publicada en el peri\u00f3dico El Pa\u00eds en la que se hace referencia a una investigaci\u00f3n por parte del Vaticano tras una denuncia contra el  &#8230; prelado gaditano, Rafael Zornoza, por un supuesto caso de pederastia durante sus a\u00f1os en el seminario de Getafe. En el texto, se desmiente rotundamente esa informaci\u00f3n: <strong>\u00ablas acusaciones que se hacen, referidas a hechos que tuvieron lugar hace casi treinta a\u00f1os, son muy graves y adem\u00e1s falsas\u00bb<\/strong>.<\/p>\n<p class=\"voc-p\" style=\"\">Se explica con respecto al proceso: \u00abel caso fue introducido la semana pasada en el tribunal de la Rota de la Nunciatura apost\u00f3lica en Espa\u00f1a. <strong>Hay una plena confianza en la justicia y se colaborar\u00e1 con ella en todo lo que sea requerido<\/strong>. Al mismo tiempo, es necesario recordar el respeto a la presunci\u00f3n de inocencia que asiste a todas las personas\u00bb.<\/p>\n<p class=\"voc-p\" style=\"\">Tambi\u00e9n, se afirma que <strong>el obispo se encuentra en estos momentos en tratamiento ya que padece \u00abun c\u00e1ncer agresivo\u00bb<\/strong>. Adem\u00e1s, se comenta que Zornoza \u00abha decidido suspender temporalmente su agenda para el esclarecimiento de los hechos y para atender el tratamiento que est\u00e1 recibiendo\u00bb. Igualmente se incide en que \u00abdesde este Obispado, no se har\u00e1n posteriores declaraciones hasta conocer la decisi\u00f3n del tribunal eclesi\u00e1stico\u00bb.<\/p>\n<p class=\"voc-p\" style=\"\">Hay que recordar que ha pasado m\u00e1s de un a\u00f1o desde que Rafael Zornoza cumpliera 75 a\u00f1os y presentara la renuncia al obispado de C\u00e1diz y Ceuta para que llegara un sucesor nombrado por El Vaticano. Seg\u00fan establece el C\u00f3digo de Derecho Can\u00f3nico: \u00abAl Obispo diocesano que haya cumplido setenta y cinco a\u00f1os de edad se le ruega que presente la renuncia de su oficio al Sumo Pont\u00edfice, el cual proveer\u00e1 teniendo en cuenta todas las circunstancias\u00bb.<\/p>\n<p>\nBiograf\u00eda\n<\/p>\n<p class=\"voc-p\" style=\"\">Rafael Zornoza fue nombrado obispo de la di\u00f3cesis de C\u00e1diz por el Vaticano el 31 de agosto de 2011. Tom\u00f3 posesi\u00f3n el 22 de octubre de ese a\u00f1o inici\u00e1ndose una nueva etapa porque <strong>relevaba a Antonio Ceballos quien estuvo al frente de la Iglesia gaditana durante dieciocho a\u00f1os<\/strong>. <\/p>\n<p class=\"voc-p\" style=\"\">Naci\u00f3 en Madrid el 31 de julio de 1949, estudi\u00f3 en el Colegio Calasancio con los Padres Escolapios, que simultaneaba con los estudios de m\u00fasica y piano en el Conservatorio de Madrid. Ingres\u00f3 en el Seminario Menor de Madrid para terminar all\u00ed el bachillerato. En el Seminario Conciliar de Madrid cursa los Estudios Teol\u00f3gicos de 1969 a 1974, finaliz\u00e1ndolos con el Bachillerato en Teolog\u00eda.<\/p>\n<p class=\"voc-p\" style=\"\">Fue ordenado sacerdote el 19 de marzo de 1975 en Madrid y destinado como vicario de la parroquia de San Jorge, y p\u00e1rroco en 1983. Tras abandonar la di\u00f3cesis de Madrid en octubre de 1991, acompa\u00f1a como secretario particular al primer obispo de Getafe.<\/p>\n","protected":false},"excerpt":{"rendered":"El obispado de C\u00e1diz y Ceuta ha emitido un comunicado en la ma\u00f1ana de este lunes en respuesta&hellip;\n","protected":false},"author":2,"featured_media":228747,"comment_status":"","ping_status":"","sticky":false,"template":"","format":"standard","meta":{"footnotes":""},"categories":[8],"tags":[11931,3392,17,18,2193,25,24,29501,13,14,14001,11,19,20,9,10,15,16,35960,18948,12527,57,23,12,21,22,60137],"class_list":{"0":"post-228746","1":"post","2":"type-post","3":"status-publish","4":"format-standard","5":"has-post-thumbnail","7":"category-espana","8":"tag-acusaciones","9":"tag-ademas","10":"tag-breaking-news","11":"tag-breakingnews","12":"tag-cadiz","13":"tag-es","14":"tag-espana","15":"tag-falsas","16":"tag-featured-news","17":"tag-featurednews","18":"tag-graves","19":"tag-headlines","20":"tag-latest-news","21":"tag-latestnews","22":"tag-news","23":"tag-noticias","24":"tag-noticias-destacadas","25":"tag-noticiasdestacadas","26":"tag-obispo","27":"tag-pederastia","28":"tag-rafael","29":"tag-sobre","30":"tag-spain","31":"tag-titulares","32":"tag-ultimas-noticias","33":"tag-ultimasnoticias","34":"tag-zornoza"},"share_on_mastodon":{"url":"https:\/\/pubeurope.com\/@es\/115526031467239814","error":""},"_links":{"self":[{"href":"https:\/\/www.europesays.com\/es\/wp-json\/wp\/v2\/posts\/228746","targetHints":{"allow":["GET"]}}],"collection":[{"href":"https:\/\/www.europesays.com\/es\/wp-json\/wp\/v2\/posts"}],"about":[{"href":"https:\/\/www.europesays.com\/es\/wp-json\/wp\/v2\/types\/post"}],"author":[{"embeddable":true,"href":"https:\/\/www.europesays.com\/es\/wp-json\/wp\/v2\/users\/2"}],"replies":[{"embeddable":true,"href":"https:\/\/www.europesays.com\/es\/wp-json\/wp\/v2\/comments?post=228746"}],"version-history":[{"count":0,"href":"https:\/\/www.europesays.com\/es\/wp-json\/wp\/v2\/posts\/228746\/revisions"}],"wp:featuredmedia":[{"embeddable":true,"href":"https:\/\/www.europesays.com\/es\/wp-json\/wp\/v2\/media\/228747"}],"wp:attachment":[{"href":"https:\/\/www.europesays.com\/es\/wp-json\/wp\/v2\/media?parent=228746"}],"wp:term":[{"taxonomy":"category","embeddable":true,"href":"https:\/\/www.europesays.com\/es\/wp-json\/wp\/v2\/categories?post=228746"},{"taxonomy":"post_tag","embeddable":true,"href":"https:\/\/www.europesays.com\/es\/wp-json\/wp\/v2\/tags?post=228746"}],"curies":[{"name":"wp","href":"https:\/\/api.w.org\/{rel}","templated":true}]}}