{"id":228777,"date":"2025-11-10T15:28:11","date_gmt":"2025-11-10T15:28:11","guid":{"rendered":"https:\/\/www.europesays.com\/es\/228777\/"},"modified":"2025-11-10T15:28:11","modified_gmt":"2025-11-10T15:28:11","slug":"el-ibex-asalta-sus-records-con-el-impulso-de-eeuu-expansion","status":"publish","type":"post","link":"https:\/\/www.europesays.com\/es\/228777\/","title":{"rendered":"El Ibex asalta sus r\u00e9cords con el impulso de EEUU &#8211; Expansi\u00f3n"},"content":{"rendered":"<ol>\n<li><a href=\"https:\/\/news.google.com\/rss\/articles\/CBMikwFBVV95cUxNX1RvYXd5bFdmd2pULS1LQmlPdlhLaEJRaXZHYm9iTnI0VHpwQ05RcXU2MV9HbHVBck94cTQxNXYxSWNGdUJiRk1nMXFLNE5UOUJhV1BJSnNkUE5kbkFKcjVQbGdRNU0wQy1mVkNCVnV2VFV4S0ptUlI2YXVNMktRSWhvWk41MGUwYnd3MFNKQktqWWs?oc=5\" target=\"_blank\" rel=\"nofollow noopener\">El Ibex asalta sus r\u00e9cords con el impulso de EEUU<\/a>&nbsp;&nbsp;Expansi\u00f3n<\/li>\n<li><a href=\"https:\/\/news.google.com\/rss\/articles\/CBMipAFBVV95cUxOSTZOR3NqcTdOdHFHd3o3Ny1YMEt4cEdTa3Y2U3dxU1JGNFlJVVQzYjRudlFCd0JZWDkyTmtnQlNTbU5GSVk5TVFPT3d2OWI0SE5WcFpyZTZIMVA2MGFDamZxTVdOWGxyR0U0Z1BTenYtWVJQdkdGclhSeHZsU1lHZGtYLW1Zc25wZTJHeTVuRDZmVS1HUjk0ejNzZGJoQ3lqZVJPaQ?oc=5\" target=\"_blank\" rel=\"nofollow noopener\">La Bolsa espa\u00f1ola ampl\u00eda las ganancias al 1,37 % a mediod\u00eda y supera los 16.100 puntos<\/a>&nbsp;&nbsp;ABC<\/li>\n<li><a href=\"https:\/\/news.google.com\/rss\/articles\/CBMihgFBVV95cUxNdF9wOTlOZ0lZaC0ydkV0RWljWEJBajJ0ZUs1SFJKUGlIS00wTFZZbUdxc2YyMW5jYzZ3ZUgwQVBjRXQxOHF6N3FvejRZOG83V3ZmQ0VoMXMtMXVJY09IMWJqRk56WmxqeElUamk5ZU04a2NyTjZTcTJCWVVPbXRrY1VlTXJhdw?oc=5\" target=\"_blank\" rel=\"nofollow noopener\">IAG, Rovi y la banca disparan al Ibex 35 sobre los 16.100 puntos tras la reapertura del gobierno de EE.UU.<\/a>&nbsp;&nbsp;Yahoo<\/li>\n<li><a href=\"https:\/\/news.google.com\/rss\/articles\/CBMilgJBVV95cUxNeUJJenRNMFltSzIydnNBeVRRV19xeHdqLVh5WEFBLWpqWEpUUDNGSFp2Y0xaVjBpUjJaNzRKVE9MNnA4MUpsck1wcVhYN283LTg1dlRzNHBVdUxSN3liTUtMRDNoR1VXOHpMNkpIdGwxcGxBNVNhTFZEQjdVMFZfMUVXUnRGdHBJckljRGR4UXVOY2R0XzB6czJtRlc4Wk15b3h3Q19uaDBLaG5NX1BJMzg1SndlQWhxbC1Oc1dZMzdraTk5XzlVTmtuZDdENmdlOWNMaGM1Q0FYajhqVmlFY1JKUjh6dmhxQXA5enRMUHFsanJfYnVFLW4yWmk3QVQtblhkd0NRSjB2RXlHNmhiSEFucDU4d9IBgAJBVV95cUxOV3R0VEZha1JvTEhIZkpsUDVwY3dMT0ZqNkNiNnZjblY3Qm5TVi1mcHF1eGM4eDdPR1drV1A4TjFLRGY2SUt0UzlPT3VBWHlMV0xlYlYtZjMwcC1hN00weExsVEFhZHhrMlYzNG1iX2FfeVNYS0thUWJaUnBFdFFXdThCbldVT1JHWVFRNGRwM3I1TGpkdzQ1VlYtR01SeGprbGNtQ3RkUnc1MWlhNkFWWGhvYmh4aTN4T2xaNzhPNTFUeWZWdjJfQWZSRWVFeFJKWTczR1pYalNBeXltT1RjODVtUG1IN1VMMjVXVndoRzROMncyUmNXWllBQkoyRkd0?oc=5\" target=\"_blank\" rel=\"nofollow noopener\">El Ibex 35 sube y recupera los 16.000 puntos ante el optimismo del mercado por el fin del cierre del Gobierno m\u00e1s largo de la historia de EEUU<\/a>&nbsp;&nbsp;El Economista<\/li>\n<li><a href=\"https:\/\/news.google.com\/rss\/articles\/CBMikAFBVV95cUxQN0taMjFkNzkzUVdNWnQtbXlpSEpVdU9iaVlLdWlkcDRJWkJEcFV6Y2o3QU0yTkFCMXNlOTRPS3llODZZX1h5STZfMlpOdnY2M0xlU2dPX3lsRzBuaDlTZ2p6Nk12QW9UYmZ3U2dmZWVzZC11WmZZTFFWMUg5eE9UWGxsRFJpYXBfN3lLdVM5ZWE?oc=5\" target=\"_blank\" rel=\"nofollow noopener\">El Ibex recupera los 16.000 puntos por el posible fin del cierre del Gobierno de EE UU<\/a>&nbsp;&nbsp;Cinco D\u00edas<\/li>\n<\/ol>\n","protected":false},"excerpt":{"rendered":"El Ibex asalta sus r\u00e9cords con el impulso de EEUU&nbsp;&nbsp;Expansi\u00f3n La Bolsa espa\u00f1ola ampl\u00eda las ganancias al 1,37&hellip;\n","protected":false},"author":2,"featured_media":228778,"comment_status":"","ping_status":"","sticky":false,"template":"","format":"standard","meta":{"footnotes":""},"categories":[80],"tags":[82,95,94,25,24,42772,23],"class_list":{"0":"post-228777","1":"post","2":"type-post","3":"status-publish","4":"format-standard","5":"has-post-thumbnail","7":"category-economia","8":"tag-business","9":"tag-economia","10":"tag-economy","11":"tag-es","12":"tag-espana","13":"tag-mercados-cronica-bolsa","14":"tag-spain"},"share_on_mastodon":{"url":"https:\/\/pubeurope.com\/@es\/115526113994053632","error":""},"_links":{"self":[{"href":"https:\/\/www.europesays.com\/es\/wp-json\/wp\/v2\/posts\/228777","targetHints":{"allow":["GET"]}}],"collection":[{"href":"https:\/\/www.europesays.com\/es\/wp-json\/wp\/v2\/posts"}],"about":[{"href":"https:\/\/www.europesays.com\/es\/wp-json\/wp\/v2\/types\/post"}],"author":[{"embeddable":true,"href":"https:\/\/www.europesays.com\/es\/wp-json\/wp\/v2\/users\/2"}],"replies":[{"embeddable":true,"href":"https:\/\/www.europesays.com\/es\/wp-json\/wp\/v2\/comments?post=228777"}],"version-history":[{"count":0,"href":"https:\/\/www.europesays.com\/es\/wp-json\/wp\/v2\/posts\/228777\/revisions"}],"wp:featuredmedia":[{"embeddable":true,"href":"https:\/\/www.europesays.com\/es\/wp-json\/wp\/v2\/media\/228778"}],"wp:attachment":[{"href":"https:\/\/www.europesays.com\/es\/wp-json\/wp\/v2\/media?parent=228777"}],"wp:term":[{"taxonomy":"category","embeddable":true,"href":"https:\/\/www.europesays.com\/es\/wp-json\/wp\/v2\/categories?post=228777"},{"taxonomy":"post_tag","embeddable":true,"href":"https:\/\/www.europesays.com\/es\/wp-json\/wp\/v2\/tags?post=228777"}],"curies":[{"name":"wp","href":"https:\/\/api.w.org\/{rel}","templated":true}]}}