{"id":228793,"date":"2025-11-10T15:42:11","date_gmt":"2025-11-10T15:42:11","guid":{"rendered":"https:\/\/www.europesays.com\/es\/228793\/"},"modified":"2025-11-10T15:42:11","modified_gmt":"2025-11-10T15:42:11","slug":"un-otono-brillante","status":"publish","type":"post","link":"https:\/\/www.europesays.com\/es\/228793\/","title":{"rendered":"Un oto\u00f1o brillante"},"content":{"rendered":"<p data-gtm-element-container=\"modulo-texto-link\" class=\"paragraph\">La oferta art\u00edstica y cultural de Barcelona est\u00e1 siendo este oto\u00f1o especialmente brillante. La participaci\u00f3n de Charles Burns, Art Spiegelman y Chris Ware en la \u00faltima edici\u00f3n de Kosmopolis ha ofrecido en el CCCB charlas y sesiones memorables. Ojal\u00e1 la atenci\u00f3n que por fin se ha prestado al c\u00f3mic de vanguardia realizado en los Estados Unidos \u2013que s\u00f3lo unos pocos defendimos en los a\u00f1os ochenta\u2013 se dedique pr\u00f3ximamente a sus equivalentes catalanes, baleares y valencianos. Pere Joan, Mariscal y Max est\u00e1n en activo, pero en otros casos (Guillem Cifr\u00e9, Mart\u00ed Riera, Micharmut, Antoni Calonge, Gallardo) los rescates ser\u00edan ya p\u00f3stumos.<\/p>\n<p data-gtm-element-container=\"modulo-texto-link\" class=\"paragraph\">El Macba celebra su 30.\u00ba aniversario con una de las exposiciones m\u00e1s ambiciosas \u2013y necesarias a nivel internacional\u2013 que ha realizado: Proyectar un planeta negro. El arte y la cultura de Pan\u00e1frica. En el t\u00edtulo resuena una canci\u00f3n de Public Enemy, Fear of a black planet, y en la muestra no faltan referencias fundamentales, como son los poetas de la negritud: el caribe\u00f1o Aim\u00e9 Cesaire y el senegal\u00e9s L\u00e9opold S\u00e9dar Senghor, entre otros. Hace tiempo que me asombra que los poderes culturales internacionales, que hasta hace poco han sido exclusivamente occidentales, persistan en ese error narcisista que consiste en infravalorar las creaciones de otras culturas y otros continentes. El desprecio m\u00e1s necio es quiz\u00e1 el que se refiere a la m\u00fasica cl\u00e1sica de la India, pero tambi\u00e9n las diversas culturas y las mejores contribuciones de origen africano han sido con frecuencia infravaloradas. Sin embargo, los versos de Aim\u00e9 Ces\u00e1ire son equiparables con los mejores de Lorca, el jazz y el rock existen gracias al encuentro creativo entre Occidente y \u00c1frica, la obra de Paul Klee no se puede entender sin los precedentes congole\u00f1os que la inspiraron (pinturas pigmeas, tejidos kuba), y tampoco la s\u00edntesis de cubismo, animismo y surrealismo de Wifredo Lam ha sido considerada con la profundidad y la atenci\u00f3n que se ha dedicado a algunos artistas europeos, como Picasso y Duchamp, analizad\u00edsimos. La muestra del Macba desmiente t\u00f3picos despectivos y racistas, justificadores del colonialismo, y despierta reflexiones aplicables a una mejora de la convivencia internacional. Y el montaje arquitect\u00f3nico es excelente.<\/p>\n<p>En la fundaci\u00f3n se puede visitar \u2018Mir\u00f3 i els Estats Units\u2019, una exposici\u00f3n extraordinaria<\/p>\n<p data-gtm-element-container=\"modulo-texto-link\" class=\"paragraph\">Otras exposiciones extraordinarias son Mir\u00f3 i els Estats Units (en la Fundaci\u00f3 Joan Mir\u00f3) y la retrospectiva de la fot\u00f3grafa Helen Levitt en el centro KBr de la Fundaci\u00f3n Mapfre. En la muestra de Cristina Iglesias en La Pedrera destaca su instalaci\u00f3n The pavilion of \u00addreams. Y tambi\u00e9n son oportunos los rescates del dibujante sat\u00edrico Mario Armengol ( Tinta contra Hitler, en el MNAC) y de las cineastas Germaine Dulac (en el Museu T\u00e0pies) y Trinh T. Minh (en La Virreina). Dulac, por cierto, fue mucho m\u00e1s perspicaz valorando las posibilidades descubridoras del cine experimental que analizando las ideolog\u00edas de su \u00e9poca: criticaba a Hitler, \u00a1pero elogiaba a Mussolini!.<\/p>\n<p data-gtm-element-container=\"modulo-texto-link\" class=\"paragraph\">En el \u00e1mbito de las galer\u00edas barcelonesas, la sexta edici\u00f3n del sal\u00f3n de arte contempor\u00e1neo By Invitation (en el C\u00edrculo Ecuestre) ha contado con interesantes conferencias sobre coleccionismo y con obras espl\u00e9ndidas, como las de Joaquim Chancho en el espacio de Marc Dom\u00e8nech. Y el pr\u00f3ximo 14 de noviembre, un acontecimiento: el pintor barcelon\u00e9s Ramon Herreros presenta, despu\u00e9s de muchos a\u00f1os de ausencia, una exposici\u00f3n individual, con obra reciente y de su inicial periodo abstracto. Marc Dom\u00e8nech lo hab\u00eda recuperado hace unos a\u00f1os en una colectiva tem\u00e1tica sobre geometr\u00eda, pero es la nueva galer\u00eda El Principal de C\u00f2rsega, dirigida por S\u00f2nia Villegas, la que realiza con plenitud este necesario rescate. La selecci\u00f3n incluye pinturas abstractas y figurativas, y a menudo las obras son ambas cosas a la vez, como el desnudo femenino La cazadora de rocas. Bajo el t\u00edtulo La tierra est\u00e1 desierta y vac\u00eda, la muestra re\u00fane (hasta el 14 de marzo) obras con ecos tan dispares como lo son las obras de Piero della Francesca, Kandinsky y Balthus. Una s\u00edntesis singular.<\/p>\n","protected":false},"excerpt":{"rendered":"La oferta art\u00edstica y cultural de Barcelona est\u00e1 siendo este oto\u00f1o especialmente brillante. La participaci\u00f3n de Charles Burns,&hellip;\n","protected":false},"author":2,"featured_media":228794,"comment_status":"","ping_status":"","sticky":false,"template":"","format":"standard","meta":{"footnotes":""},"categories":[173],"tags":[229,233,231,230,232,234,146,147,25,24,23],"class_list":{"0":"post-228793","1":"post","2":"type-post","3":"status-publish","4":"format-standard","5":"has-post-thumbnail","7":"category-arte-y-diseno","8":"tag-arte","9":"tag-arte-y-diseno","10":"tag-arts","11":"tag-arts-and-design","12":"tag-design","13":"tag-diseno","14":"tag-entertainment","15":"tag-entretenimiento","16":"tag-es","17":"tag-espana","18":"tag-spain"},"share_on_mastodon":{"url":"https:\/\/pubeurope.com\/@es\/115526168976441372","error":""},"_links":{"self":[{"href":"https:\/\/www.europesays.com\/es\/wp-json\/wp\/v2\/posts\/228793","targetHints":{"allow":["GET"]}}],"collection":[{"href":"https:\/\/www.europesays.com\/es\/wp-json\/wp\/v2\/posts"}],"about":[{"href":"https:\/\/www.europesays.com\/es\/wp-json\/wp\/v2\/types\/post"}],"author":[{"embeddable":true,"href":"https:\/\/www.europesays.com\/es\/wp-json\/wp\/v2\/users\/2"}],"replies":[{"embeddable":true,"href":"https:\/\/www.europesays.com\/es\/wp-json\/wp\/v2\/comments?post=228793"}],"version-history":[{"count":0,"href":"https:\/\/www.europesays.com\/es\/wp-json\/wp\/v2\/posts\/228793\/revisions"}],"wp:featuredmedia":[{"embeddable":true,"href":"https:\/\/www.europesays.com\/es\/wp-json\/wp\/v2\/media\/228794"}],"wp:attachment":[{"href":"https:\/\/www.europesays.com\/es\/wp-json\/wp\/v2\/media?parent=228793"}],"wp:term":[{"taxonomy":"category","embeddable":true,"href":"https:\/\/www.europesays.com\/es\/wp-json\/wp\/v2\/categories?post=228793"},{"taxonomy":"post_tag","embeddable":true,"href":"https:\/\/www.europesays.com\/es\/wp-json\/wp\/v2\/tags?post=228793"}],"curies":[{"name":"wp","href":"https:\/\/api.w.org\/{rel}","templated":true}]}}