{"id":228815,"date":"2025-11-10T15:54:32","date_gmt":"2025-11-10T15:54:32","guid":{"rendered":"https:\/\/www.europesays.com\/es\/228815\/"},"modified":"2025-11-10T15:54:32","modified_gmt":"2025-11-10T15:54:32","slug":"el-club-ciclista-daimiel-lleva-a-los-presupuestos-participativos-la-reforma-del-velodromo-municipal","status":"publish","type":"post","link":"https:\/\/www.europesays.com\/es\/228815\/","title":{"rendered":"El Club Ciclista Daimiel lleva a los presupuestos participativos la reforma del Vel\u00f3dromo Municipal"},"content":{"rendered":"<p><strong>Juan Carlos S\u00e1nchez-Camacho, presidente del club, propone implementar mejoras en unas instalaciones municipales que han visto su uso incrementado por las actividades del club local de tiro con arco. Por ello, plantea ampliar su almac\u00e9n y adecentar sus servicios para facilitar el uso compartido en mejores condiciones y ampliar la polivalencia del recinto.<\/strong><\/p>\n<p><strong>Daimiel Noticias.- <\/strong>Radio Daimiel inicia su ronda de contactos con los autores de los proyectos presentados a los Presupuestos Participativos de este 2025. Tras la presentaci\u00f3n oficial la semana pasada por la concejala de Participaci\u00f3n Ciudadana, Prado Garc\u00eda-Carpintero, comienza la fase destinada a dar visibilidad a las propuestas que participar\u00e1n en la votaci\u00f3n ciudadana del pr\u00f3ximo s\u00e1bado 15 de noviembre.<br \/>En este sentido, el presidente del Club Ciclista Daimiel, Juan Carlos S\u00e1nchez-Camacho<a href=\"https:\/\/go.ivoox.com\/rf\/162362249\" rel=\"nofollow noopener\" target=\"_blank\">, intervino en el magazine \u2018Aqu\u00ed y ahora\u2019 para explicar los detalles de su iniciativa<\/a>, titulada \u2018Reforma del almac\u00e9n y ba\u00f1o del Vel\u00f3dromo Municipal\u2019.<\/p>\n<p>  <img loading=\"lazy\" decoding=\"async\" src=\"https:\/\/www.europesays.com\/es\/wp-content\/uploads\/2025\/11\/juan_carlos_sanchez_camacho_en_radio_daimiel.jpg\" width=\"325\" height=\"233\" alt=\"juan_carlos_sanchez_camacho_en_radio_daimiel.jpg\" typeof=\"foaf:Image\" class=\"img-fluid\"\/><br \/>\nJuan Carlos S\u00e1nchez-Camacho, en Radio Daimiel.<\/p>\n<p>S\u00e1nchez-Camacho coment\u00f3 que el proyecto naci\u00f3 de las conversaciones entre padres, madres y usuarios del club, dado el aumento del uso del Vel\u00f3dromo Municipal. Unas instalaciones, explic\u00f3, que \u201cno implican \u00fanicamente a los miembros del club y la Escuela Municipal de Ciclismo, sino tambi\u00e9n a los integrantes del club de tiro con arco local, que est\u00e1 creciendo\u201d.<\/p>\n<p>Se trata de una coyuntura que S\u00e1nchez-Camacho celebra por el crecimiento que supone en el deporte local, pero que requiere una mejora en las infraestructuras para que ambos puedan disfrutar en condiciones \u00f3ptimas del mismo espacio. \u201cEl almac\u00e9n que estaba destinado a una sola actividad se ha quedado peque\u00f1o para ambos, y los servicios necesitan un adecentamiento\u201d.<\/p>\n<p>El presidente del Club Ciclista Daimiel apunt\u00f3 que el vel\u00f3dromo es utilizado por aproximadamente 60 o 70 personas, en su mayor\u00eda padres, madres y deportistas que acuden al espacio. Asimismo, destac\u00f3 el potencial de las instalaciones para incrementar su uso si se mejoran, adelantando que \u201cpodr\u00edan ser m\u00e1s polivalentes y acoger otras actividades deportivas, culturales y de ocio\u201d.<\/p>\n<p>Un proyecto con un presupuesto que \u201cno superar\u00e1 los 5.000 euros\u201d, destac\u00f3 S\u00e1nchez-Camacho, recordando que se trata de \u201cla propuesta m\u00e1s barata\u201d al suponer la mejora de un servicio que ya existe, pero que \u201cnecesita un adecentamiento\u201d.<\/p>\n<p>Los daimiele\u00f1os conocer\u00e1n el s\u00e1bado 15 de noviembre si este u otro de los cinco proyectos presentados es el que resulte ganador de los Presupuestos Participativos de este a\u00f1o. El resultado se dirimir\u00e1 tras el cierre de la votaci\u00f3n popular celebrada ese d\u00eda en el Sal\u00f3n de Plenos del Ayuntamiento en horario de 09:00 horas a 15:00 horas.<\/p>\n<p>  <img loading=\"lazy\" decoding=\"async\" src=\"https:\/\/www.europesays.com\/es\/wp-content\/uploads\/2025\/11\/candidaturaslow.jpg\" width=\"800\" height=\"1123\" alt=\"Proyectos presupuestos participativos\" typeof=\"foaf:Image\" class=\"img-fluid\"\/><\/p>\n","protected":false},"excerpt":{"rendered":"Juan Carlos S\u00e1nchez-Camacho, presidente del club, propone implementar mejoras en unas instalaciones municipales que han visto su uso&hellip;\n","protected":false},"author":2,"featured_media":228816,"comment_status":"","ping_status":"","sticky":false,"template":"","format":"standard","meta":{"footnotes":""},"categories":[5],"tags":[17,18,60139,3010,25,24,13,14,11,19,20,9,10,15,16,33701,23,12,21,22,39427],"class_list":{"0":"post-228815","1":"post","2":"type-post","3":"status-publish","4":"format-standard","5":"has-post-thumbnail","7":"category-titulares","8":"tag-breaking-news","9":"tag-breakingnews","10":"tag-club-ciclista-daimiel","11":"tag-daimiel","12":"tag-es","13":"tag-espana","14":"tag-featured-news","15":"tag-featurednews","16":"tag-headlines","17":"tag-latest-news","18":"tag-latestnews","19":"tag-news","20":"tag-noticias","21":"tag-noticias-destacadas","22":"tag-noticiasdestacadas","23":"tag-presupuestos-participativos","24":"tag-spain","25":"tag-titulares","26":"tag-ultimas-noticias","27":"tag-ultimasnoticias","28":"tag-velodromo"},"share_on_mastodon":{"url":"https:\/\/pubeurope.com\/@es\/115526216890814280","error":""},"_links":{"self":[{"href":"https:\/\/www.europesays.com\/es\/wp-json\/wp\/v2\/posts\/228815","targetHints":{"allow":["GET"]}}],"collection":[{"href":"https:\/\/www.europesays.com\/es\/wp-json\/wp\/v2\/posts"}],"about":[{"href":"https:\/\/www.europesays.com\/es\/wp-json\/wp\/v2\/types\/post"}],"author":[{"embeddable":true,"href":"https:\/\/www.europesays.com\/es\/wp-json\/wp\/v2\/users\/2"}],"replies":[{"embeddable":true,"href":"https:\/\/www.europesays.com\/es\/wp-json\/wp\/v2\/comments?post=228815"}],"version-history":[{"count":0,"href":"https:\/\/www.europesays.com\/es\/wp-json\/wp\/v2\/posts\/228815\/revisions"}],"wp:featuredmedia":[{"embeddable":true,"href":"https:\/\/www.europesays.com\/es\/wp-json\/wp\/v2\/media\/228816"}],"wp:attachment":[{"href":"https:\/\/www.europesays.com\/es\/wp-json\/wp\/v2\/media?parent=228815"}],"wp:term":[{"taxonomy":"category","embeddable":true,"href":"https:\/\/www.europesays.com\/es\/wp-json\/wp\/v2\/categories?post=228815"},{"taxonomy":"post_tag","embeddable":true,"href":"https:\/\/www.europesays.com\/es\/wp-json\/wp\/v2\/tags?post=228815"}],"curies":[{"name":"wp","href":"https:\/\/api.w.org\/{rel}","templated":true}]}}