{"id":228819,"date":"2025-11-10T15:59:16","date_gmt":"2025-11-10T15:59:16","guid":{"rendered":"https:\/\/www.europesays.com\/es\/228819\/"},"modified":"2025-11-10T15:59:16","modified_gmt":"2025-11-10T15:59:16","slug":"fritz-aprovecha-la-fatiga-de-musetti-y-es-el-proximo-rival-de-alcaraz","status":"publish","type":"post","link":"https:\/\/www.europesays.com\/es\/228819\/","title":{"rendered":"Fritz aprovecha la fatiga de Musetti y es el pr\u00f3ximo rival de Alcaraz"},"content":{"rendered":"<p class=\"\"><a href=\"https:\/\/as.com\/noticias\/taylor-fritz\/\" target=\"_self\" rel=\"nofollow noopener\" title=\"https:\/\/as.com\/noticias\/taylor-fritz\/\"><b>Taylor Fritz<\/b><\/a><b> <\/b>aprovech\u00f3 la fatiga de <b>Lorenzo Musetti <\/b>para sacarse la espina que ten\u00eda clavada por las tres derrotas, dos de ellas bastante dolorosas, que le hab\u00eda infligido el italiano en sus tres \u00faltimos enfrentamientos. El estadounidense de 28 a\u00f1os y n\u00famero 6 del mundo, finalista de las <a href=\"https:\/\/as.com\/noticias\/masters-atp\/\" target=\"_self\" rel=\"nofollow noopener\" title=\"https:\/\/as.com\/noticias\/masters-atp\/\"><b>ATP Finals<\/b><\/a><b> <\/b>el curso pasado, se veng\u00f3 con una victoria contundente en dos sets: 6-3 y 6-4 en 1h42. El martes, en horario por confirmar, ser\u00e1 el rival de <b>Carlos Alcaraz <\/b>en la segunda jornada del <b>Grupo Jimmy Connors<\/b>, que competir\u00e1 ya unificado. <\/p>\n<p class=\"\"><b>Musetti <\/b>tuvo que pasar tres horas en pista durante la final del <b>ATP 250 de Atenas<\/b>, en la que no fue capaz de vencer a un incombustible <b>Novak Djokovic<\/b>, y jug\u00f3 sin saber s\u00ed estar\u00eda en la <b>Copa de Maestros<\/b>, porque, en principio, deb\u00eda ganar para quitarle el puesto a <b>Felix Auger-Aliassime<\/b>. Aunque la baja de <b>Djokovic<\/b>, que decidi\u00f3 renunciar alegando una lesi\u00f3n en el hombro, le permiti\u00f3 estar en la cita de <b>Tur\u00edn<\/b>. De no ser por eso, hubiera sido una amenaza a\u00fan mayor para <b>Fritz<\/b>, ya que en 2024 le gan\u00f3 en la segunda ronda de <b>Montecarlo<\/b>, en cuartos de <b>Wimbledon <\/b>y en octavos de los <b>Juegos Ol\u00edmpicos de Par\u00eds<\/b>, camino de la medalla de bronce.<\/p>\n<p class=\"\">En esta ocasi\u00f3n, el de <b>Carrara <\/b>no pudo frenar al americano, que salv\u00f3 las cuatro opciones de break que tuvo en contra y aprovech\u00f3 dos de las 12 de las que goz\u00f3 \u00e9l. Ahora, el cara a cara entre ambos est\u00e1 igualado a tres victorias. \u201cHa sido muy estresante la temporada desde el inicio de la gira de hierba en adelante. F\u00edsica y mentalmente ha sido duro para m\u00ed, pero ahora es motivante jugar este torneo de final del a\u00f1o\u201d, dijo <b>Fritz<\/b>. <\/p>\n<p class=\"\">El martes, <b>Musetti<\/b>, que ha ganado m\u00e1s partidos (44) que ninguna temporada anterior, se medir\u00e1 con <b>Alex de Mi\u00f1aur<\/b>, probablemente a las 20:30. <\/p>\n<p>Noticias relacionadas<a href=\"https:\/\/as.com\/tikitakas\/famosos\/la-leccion-que-2025-ha-dejado-a-paula-badosa-tras-tocar-fondo-el-alma-se-rompe-f202511-n\/\" class=\"s_m_w _rt-16x9\" title=\"Cuando queda poco m\u00e1s de un mes para que termine el a\u00f1o, la tenista espa\u00f1ola ha reflexionado a trav\u00e9s de sus redes sociales con pulla a Tsitsipas incluida.\" data-tb-link=\"\" rel=\"nofollow noopener\" target=\"_blank\"><img decoding=\"async\" src=\"https:\/\/www.europesays.com\/es\/wp-content\/uploads\/2025\/11\/1762790355_526_YISKPOAVKUJAA7BLC3ANJB26YE.JPG\" alt=\"La lecci\u00f3n que 2025 ha dejado a Paula Badosa tras tocar fondo: \u201cEl alma se rompe\u201d\" class=\"\" height=\"1\" width=\"1\"   loading=\"lazy\" data-tb-thumbnail=\"\"\/><\/a><a href=\"https:\/\/as.com\/tenis\/final_atp\/sinner-si-carlos-juega-muy-bien-no-tengo-opciones-f202511-n\/\" class=\"s_m_w _rt-16x9\" title=\"Sinner, que se estrena este lunes ante el canadiense Auger-Aliassime, prioriza repetir t\u00edtulo sobre acabar el a\u00f1o como n\u00famero uno del mundo.\" data-tb-link=\"\" rel=\"nofollow noopener\" target=\"_blank\"><img decoding=\"async\" src=\"https:\/\/www.europesays.com\/es\/wp-content\/uploads\/2025\/11\/1762790356_49_ECI7GIPWLZMPTEKJBM5MQHIE44.jpg\" alt=\"Sinner: \u201cSi Carlos juega muy bien, no tengo opciones\u201d\" class=\"\" height=\"1\" width=\"1\"   loading=\"lazy\" data-tb-thumbnail=\"\"\/><\/a><\/p>\n<p class=\"\"><b>\u00a1Tus opiniones importan!<\/b> Comenta en los art\u00edculos y suscr\u00edbete gratis a nuestra <a href=\"https:\/\/asfan.as.com\/newsletters\/\" target=\"_blank\" rel=\"nofollow noopener\" title=\"https:\/\/asfan.as.com\/newsletters\/\">newsletter<\/a> y a las alertas informativas en la <a href=\"https:\/\/as.com\/aplicacion-de-as-n\/\" target=\"_blank\" rel=\"nofollow noopener\" title=\"https:\/\/as.com\/aplicacion-de-as-n\/\">App<\/a> o el canal de <a href=\"https:\/\/www.whatsapp.com\/channel\/0029VaAasdA7j6g745nz9M10\" target=\"_blank\" rel=\"nofollow noopener\" title=\"https:\/\/www.whatsapp.com\/channel\/0029VaAasdA7j6g745nz9M10\">WhatsApp<\/a>. <\/p>\n<p class=\"\">\u00bfBuscas licenciar contenido? Haz clic <a href=\"https:\/\/profesional.elpais.com\/soluciones-sindicacion?utm_medium=interno&amp;utm_source=crosslinking&amp;utm_campaign=sindicacion_as_pie_articulos\" target=\"_blank\" rel=\"nofollow noopener\" title=\"https:\/\/profesional.elpais.com\/soluciones-sindicacion?utm_medium=interno&amp;utm_source=crosslinking&amp;utm_campaign=sindicacion_as_pie_articulos\">aqu\u00ed<\/a><\/p>\n","protected":false},"excerpt":{"rendered":"Taylor Fritz aprovech\u00f3 la fatiga de Lorenzo Musetti para sacarse la espina que ten\u00eda clavada por las tres&hellip;\n","protected":false},"author":2,"featured_media":228820,"comment_status":"","ping_status":"","sticky":false,"template":"","format":"standard","meta":{"footnotes":""},"categories":[274],"tags":[168,25,24,23,167,327,326],"class_list":{"0":"post-228819","1":"post","2":"type-post","3":"status-publish","4":"format-standard","5":"has-post-thumbnail","7":"category-tenis","8":"tag-deportes","9":"tag-es","10":"tag-espana","11":"tag-spain","12":"tag-sports","13":"tag-tenis","14":"tag-tennis"},"share_on_mastodon":{"url":"https:\/\/pubeurope.com\/@es\/115526237988618000","error":""},"_links":{"self":[{"href":"https:\/\/www.europesays.com\/es\/wp-json\/wp\/v2\/posts\/228819","targetHints":{"allow":["GET"]}}],"collection":[{"href":"https:\/\/www.europesays.com\/es\/wp-json\/wp\/v2\/posts"}],"about":[{"href":"https:\/\/www.europesays.com\/es\/wp-json\/wp\/v2\/types\/post"}],"author":[{"embeddable":true,"href":"https:\/\/www.europesays.com\/es\/wp-json\/wp\/v2\/users\/2"}],"replies":[{"embeddable":true,"href":"https:\/\/www.europesays.com\/es\/wp-json\/wp\/v2\/comments?post=228819"}],"version-history":[{"count":0,"href":"https:\/\/www.europesays.com\/es\/wp-json\/wp\/v2\/posts\/228819\/revisions"}],"wp:featuredmedia":[{"embeddable":true,"href":"https:\/\/www.europesays.com\/es\/wp-json\/wp\/v2\/media\/228820"}],"wp:attachment":[{"href":"https:\/\/www.europesays.com\/es\/wp-json\/wp\/v2\/media?parent=228819"}],"wp:term":[{"taxonomy":"category","embeddable":true,"href":"https:\/\/www.europesays.com\/es\/wp-json\/wp\/v2\/categories?post=228819"},{"taxonomy":"post_tag","embeddable":true,"href":"https:\/\/www.europesays.com\/es\/wp-json\/wp\/v2\/tags?post=228819"}],"curies":[{"name":"wp","href":"https:\/\/api.w.org\/{rel}","templated":true}]}}