{"id":228821,"date":"2025-11-10T16:00:43","date_gmt":"2025-11-10T16:00:43","guid":{"rendered":"https:\/\/www.europesays.com\/es\/228821\/"},"modified":"2025-11-10T16:00:43","modified_gmt":"2025-11-10T16:00:43","slug":"alex-martin-firma-con-el-illes-balears","status":"publish","type":"post","link":"https:\/\/www.europesays.com\/es\/228821\/","title":{"rendered":"\u00c1lex Mart\u00edn firma con el Illes Balears"},"content":{"rendered":"<p>                    El ciclista de Premi\u00e0 del Mar reforzar\u00e1 el bloque del conjunto cafetero tras cuatro a\u00f1os en el profesionalismo y acumular brillantes resultados en el calendario nacional e internacional.<\/p>\n<p class=\"c-news-list__author\">Ciclismoafondo.es. Foto: Luis Angel Gomez\/SprintCyclingAgency<\/p>\n<p class=\"c-mainarticle__date\">\n<p>                    9 de noviembre de 2025 (18:58 CET)<\/p>\n<p>                                                                                                                                        <img fetchpriority=\"high\" decoding=\"async\" src=\"https:\/\/www.europesays.com\/es\/wp-content\/uploads\/2025\/11\/sprintcyclingagency-9050023-1-originali.jpeg\" alt=\"\u00c1lex Mart\u00edn firma con el Illes Balears - Arabay Pro Cycling Team\" title=\"\u00c1lex Mart\u00edn firma con el Illes Balears - Arabay Pro Cycling Team\" class=\"c-mainarticle__img\" loading=\"eager\" width=\"790\" height=\"454\"\/><\/p>\n<p>                    \u00c1lex Mart\u00edn firma con el Illes Balears &#8211; Arabay Pro Cycling Team<\/p>\n<p>\u00c1lex Mart\u00edn y el Illes Balears Arabay Pro Cycling Team<strong> unir\u00e1n sus caminos en el pr\u00f3ximo a\u00f1o 2026. <\/strong>El ciclista de Premi\u00e0 del Mar ser\u00e1 uno de los grandes nombres de un proyecto, el de 2026, que aspira a seguir creciendo y ampliar horizontes con un calendario m\u00e1s extenso e internacional.\u00a0<\/p>\n<p>Nacido en 25 de enero del 2000, \u00c1lex Mart\u00edn Gutierrez firma por el Illes Balears &#8211; Arabay Pro Cycling Team<strong> tras cuatro temporadas en el profesionalismo de la mano del Polti &#8211; Visit Malta <\/strong>capitaneado por Alberto Contador e Ivan Basso.\u00a0<\/p>\n<p>El ciclista catal\u00e1n, con una clara habilidad para la escalada, acumula grandes resultados en el campo amateur como la general final de la Volta a Galicia o la sexta posici\u00f3n final en el Giro del Valle de Aosta.<strong>\u00a0Ya en el campo profesional, el de Premi\u00e0 del Mar acumula notables resultados como la sexta posici\u00f3n final de la Route d\u00b4Occitanie 2025, la general de la monta\u00f1a de Boucles de la Mayenne 2024,<\/strong> as\u00ed como valiosos puestos de honor en pruebas como el Giro dell\u00b4Apennino 2025 o el Circuito de Getxo 2023.<\/p>\n<p>\u201cEstoy realmente agradecido al equipo por darme la oportunidad de poder seguir otro a\u00f1o como profesional y seguir evolucionando como ciclista.<strong> Espero poder ayudar a crecer al equipo y, a\u00f1o a a\u00f1o, seguir trabajando para que este proyecto siga haci\u00e9ndose m\u00e1s y m\u00e1s grande\u201d<\/strong>, comentaba un ilusionado \u00c1lex Mart\u00edn.\u00a0<\/p>\n","protected":false},"excerpt":{"rendered":"El ciclista de Premi\u00e0 del Mar reforzar\u00e1 el bloque del conjunto cafetero tras cuatro a\u00f1os en el profesionalismo&hellip;\n","protected":false},"author":2,"featured_media":228822,"comment_status":"","ping_status":"","sticky":false,"template":"","format":"standard","meta":{"footnotes":""},"categories":[273],"tags":[313,312,168,25,24,23,167],"class_list":{"0":"post-228821","1":"post","2":"type-post","3":"status-publish","4":"format-standard","5":"has-post-thumbnail","7":"category-ciclismo","8":"tag-ciclismo","9":"tag-cycling","10":"tag-deportes","11":"tag-es","12":"tag-espana","13":"tag-spain","14":"tag-sports"},"share_on_mastodon":{"url":"https:\/\/pubeurope.com\/@es\/115526240122930985","error":""},"_links":{"self":[{"href":"https:\/\/www.europesays.com\/es\/wp-json\/wp\/v2\/posts\/228821","targetHints":{"allow":["GET"]}}],"collection":[{"href":"https:\/\/www.europesays.com\/es\/wp-json\/wp\/v2\/posts"}],"about":[{"href":"https:\/\/www.europesays.com\/es\/wp-json\/wp\/v2\/types\/post"}],"author":[{"embeddable":true,"href":"https:\/\/www.europesays.com\/es\/wp-json\/wp\/v2\/users\/2"}],"replies":[{"embeddable":true,"href":"https:\/\/www.europesays.com\/es\/wp-json\/wp\/v2\/comments?post=228821"}],"version-history":[{"count":0,"href":"https:\/\/www.europesays.com\/es\/wp-json\/wp\/v2\/posts\/228821\/revisions"}],"wp:featuredmedia":[{"embeddable":true,"href":"https:\/\/www.europesays.com\/es\/wp-json\/wp\/v2\/media\/228822"}],"wp:attachment":[{"href":"https:\/\/www.europesays.com\/es\/wp-json\/wp\/v2\/media?parent=228821"}],"wp:term":[{"taxonomy":"category","embeddable":true,"href":"https:\/\/www.europesays.com\/es\/wp-json\/wp\/v2\/categories?post=228821"},{"taxonomy":"post_tag","embeddable":true,"href":"https:\/\/www.europesays.com\/es\/wp-json\/wp\/v2\/tags?post=228821"}],"curies":[{"name":"wp","href":"https:\/\/api.w.org\/{rel}","templated":true}]}}