{"id":228825,"date":"2025-11-10T16:04:09","date_gmt":"2025-11-10T16:04:09","guid":{"rendered":"https:\/\/www.europesays.com\/es\/228825\/"},"modified":"2025-11-10T16:04:09","modified_gmt":"2025-11-10T16:04:09","slug":"venta-atletico-gil-marin-y-cerezo-venden-el-atletico-de-madrid-al-fondo-estadounidense-apollo","status":"publish","type":"post","link":"https:\/\/www.europesays.com\/es\/228825\/","title":{"rendered":"VENTA ATL\u00c9TICO | Gil Mar\u00edn y Cerezo venden el Atl\u00e9tico de Madrid al fondo estadounidense Apollo"},"content":{"rendered":"<p class=\"ft-text ft-helper-closenews\">El <strong>Atl\u00e9tico de Madrid<\/strong> ha anunciado el acuerdo para que el fondo estadounidense <strong>Apollo Sports Capital <\/strong>se convierta en el accionista mayoritario del club. La operaci\u00f3n incluye la continuidad de <strong>Miguel \u00c1ngel Gil Mar\u00edn<\/strong> como consejero delegado y de <strong>Enrique Cerezo<\/strong> como presidente. Los dos dirigentes ten\u00edan hasta ahora el control mayoritario de la SAD.<\/p>\n<p class=\"ft-text\">La entidad rojiblanca no ha compartido ni la distribuci\u00f3n definitiva de las acciones (<strong>ser\u00eda un 55% para el nuevo socio<\/strong>, seg\u00fan ha informado &#8216;Expansi\u00f3n&#8217;) ni la cantidad que pagar\u00e1 Apollo para quedarse con el capital mayoritario del club. La operaci\u00f3n habr\u00eda arrojado una valoraci\u00f3n total de la entidad, incluida su deuda, de <strong>unos 2.500 millones de euros.<\/strong><\/p>\n<p class=\"ft-text\"><strong>Gil Mar\u00edn y Cerezo<\/strong> llevaban a\u00f1os buscando la venta de la mayor parte de sus paquetes de acciones de la entidad rojiblanca. En los \u00faltimos meses se hab\u00edan intensificado las negociaciones con el fondo Apollo, radicado en Nueva York. El acuerdo se articula con la filial <strong>Apollo Sports Capital (ASC)<\/strong>, creada hace apenas unas semanas por la empresa matriz. El fondo tambi\u00e9n participan en el Mutua Madrid Open, el Masters 1000 de tenis espa\u00f1ol.<\/p>\n<p>El cierre de la operaci\u00f3n, en 2026<\/p>\n<p class=\"ft-text\">El actual consejero delegado es quien m\u00e1s acciones transfiere al fondo estadounidense, pero el resto de accionistas de la entidad tambi\u00e9n ven reducida su participaci\u00f3n: <strong>el propio Cerezo, Ares Management y Quantum Pacific<\/strong>. Estos datos tampoco se han hecho p\u00fablico sobre una compraventa que se cerrar\u00e1, previsiblemente, en el primer trimestre de 2026, una vez superados todos los hitos burocr\u00e1ticos que exige una operaci\u00f3n de esta magnitud.<\/p>\n<p class=\"ft-text\">\u00abLa inversi\u00f3n de ASC reforzar\u00e1 la posici\u00f3n de nuestro club entre la \u00e9lite del f\u00fatbol y<strong> apoyar\u00e1 nuestra ambici\u00f3n de ofrecer \u00e9xitos a largo plazo para nuestros millones de aficionados en todo el mundo<\/strong>. Como inversores a largo plazo, ASC y los actuales accionistas colaborar\u00e1n con la direcci\u00f3n de Atl\u00e9tico de Madrid para <strong>reforzar la solidez financiera del club, su competitividad deportiva y su contribuci\u00f3n a la comunidad<\/strong>\u00ab, destaca la entidad en su comunicado.<\/p>\n<p>La Ciudad del Deporte, clave<\/p>\n<p class=\"ft-text\">El club anuncia tambi\u00e9n la voluntad del nuevo accionista de \u00abaportar nuevo capital\u00bb, destinado a las plantillas deportivas, pero con especial foco a<strong> la Ciudad del Deporte que el Atl\u00e9tico est\u00e1 desarrollando junto al Estadio Metropolitano<\/strong>, al que quiere convertir en \u00abun destino de referencia mundial para el deporte, el ocio, la cultura y la actividad comunitaria\u00bb, creando \u00abun centro urbano din\u00e1mico, transformador y multidisciplinar al servicio de los madrile\u00f1os\u00bb.<\/p>\n<p class=\"ft-text\">La entrada de Apollo como accionista mayoritario pone <strong>fin a 33 a\u00f1os de propiedad de las familias Gil y Cerezo<\/strong>, desde que en 1992 el club se convirti\u00f3 en Sociedad An\u00f3nima Deportiva por imperativo de la Ley del Deporte de 1990. Entonces, el fallecido <strong>Jes\u00fas Gil<\/strong> se hizo con el control del Atl\u00e9tico en una operaci\u00f3n en la que, en realidad, no lleg\u00f3 a abonar una sola peseta por las acciones. <strong>Gil Mar\u00edn, no obstante, continuar\u00e1 al frente de la gesti\u00f3n de la entidad<\/strong>, como Cerezo como presidente y principal representante institucional del club.<\/p>\n<p data-close=\"closedContent\" class=\"subscribeHideForDisplay\">Suscr\u00edbete para seguir leyendo<\/p>\n","protected":false},"excerpt":{"rendered":"El Atl\u00e9tico de Madrid ha anunciado el acuerdo para que el fondo estadounidense Apollo Sports Capital se convierta&hellip;\n","protected":false},"author":2,"featured_media":228826,"comment_status":"","ping_status":"","sticky":false,"template":"","format":"standard","meta":{"footnotes":""},"categories":[268],"tags":[60140,1517,3409,44559,168,25,24,280,282,1510,8016,281,23,167,13914],"class_list":{"0":"post-228825","1":"post","2":"type-post","3":"status-publish","4":"format-standard","5":"has-post-thumbnail","7":"category-futbol","8":"tag-apollo","9":"tag-atletico","10":"tag-atletico-de-madrid","11":"tag-cerezo","12":"tag-deportes","13":"tag-es","14":"tag-espana","15":"tag-football","16":"tag-futbol","17":"tag-gil","18":"tag-marin","19":"tag-soccer","20":"tag-spain","21":"tag-sports","22":"tag-venden"},"share_on_mastodon":{"url":"https:\/\/pubeurope.com\/@es\/115526255694806860","error":""},"_links":{"self":[{"href":"https:\/\/www.europesays.com\/es\/wp-json\/wp\/v2\/posts\/228825","targetHints":{"allow":["GET"]}}],"collection":[{"href":"https:\/\/www.europesays.com\/es\/wp-json\/wp\/v2\/posts"}],"about":[{"href":"https:\/\/www.europesays.com\/es\/wp-json\/wp\/v2\/types\/post"}],"author":[{"embeddable":true,"href":"https:\/\/www.europesays.com\/es\/wp-json\/wp\/v2\/users\/2"}],"replies":[{"embeddable":true,"href":"https:\/\/www.europesays.com\/es\/wp-json\/wp\/v2\/comments?post=228825"}],"version-history":[{"count":0,"href":"https:\/\/www.europesays.com\/es\/wp-json\/wp\/v2\/posts\/228825\/revisions"}],"wp:featuredmedia":[{"embeddable":true,"href":"https:\/\/www.europesays.com\/es\/wp-json\/wp\/v2\/media\/228826"}],"wp:attachment":[{"href":"https:\/\/www.europesays.com\/es\/wp-json\/wp\/v2\/media?parent=228825"}],"wp:term":[{"taxonomy":"category","embeddable":true,"href":"https:\/\/www.europesays.com\/es\/wp-json\/wp\/v2\/categories?post=228825"},{"taxonomy":"post_tag","embeddable":true,"href":"https:\/\/www.europesays.com\/es\/wp-json\/wp\/v2\/tags?post=228825"}],"curies":[{"name":"wp","href":"https:\/\/api.w.org\/{rel}","templated":true}]}}