{"id":228862,"date":"2025-11-10T16:31:14","date_gmt":"2025-11-10T16:31:14","guid":{"rendered":"https:\/\/www.europesays.com\/es\/228862\/"},"modified":"2025-11-10T16:31:14","modified_gmt":"2025-11-10T16:31:14","slug":"dentro-de-20-anos-cuando-la-mayoria-de-estos-edificios-hayan-desaparecido-mucha-gente-agradecera-las-fotografias","status":"publish","type":"post","link":"https:\/\/www.europesays.com\/es\/228862\/","title":{"rendered":"Dentro de 20 a\u00f1os, cuando la mayor\u00eda de estos edificios hayan desaparecido, mucha gente agradecer\u00e1 las fotograf\u00edas"},"content":{"rendered":"<p>El fot\u00f3grafo alem\u00e1n Michael Wolf inici\u00f3 en 2005 un proyecto titulado Hong Kong Corner Houses, consciente de la naturaleza ef\u00edmera de este tipo de edificaciones, con la intenci\u00f3n de, al menos en papel, preservar la memoria de estos particulares tong lau. <strong>Para cuando termin\u00f3 el proyecto, en 2010, cinco de estas construcciones ya hab\u00edan desaparecido. <\/strong>Es por eso que Wolf destaca la importancia de su trabajo: \u00abEstoy seguro de que dentro de 20 a\u00f1os, cuando la mayor\u00eda de estos edificios hayan desaparecido, mucha gente estar\u00e1 tremendamente feliz de al menos tener el libro\u00bb.<\/p>\n<p>Las influencias arquitect\u00f3nicas que convergen en los tong lau<\/p>\n<p>Se trata de <a href=\"https:\/\/www.arquitecturaydiseno.es\/estilo-de-vida\/gala-llano-experta-accesibilidad-espana-solo-06-edificios-residenciales-cumple-normas-basicas-accesibilidad_12321\" rel=\"nofollow noopener\" target=\"_blank\">edificios residenciales<\/a> que a menudo derivan en locales comerciales. <strong>Fueron construidos principalmente durante la segunda mitad del siglo XIX en zonas urbanas del <a href=\"https:\/\/www.arquitecturaydiseno.es\/estilo-de-vida\/viajar-este-renovado-tren-por-sudeste-asiatico-es-autentico-lujo_9063\" rel=\"nofollow noopener\" target=\"_blank\">sudeste asi\u00e1tico<\/a>, Taiw\u00e1n o Hong\u202fKong.<\/strong> En esta \u00faltima ciudad, los tong lau llegaron a formar una parte esencial del tejido urbano: <strong>es frecuente encontrarlos abrazando las esquinas de las calles, y sus fachadas suelen revelar la \u00e9poca en que se construyeron<\/strong>. Basta observar detalles como las escaleras curvas de terrazo o los <a href=\"https:\/\/www.arquitecturaydiseno.es\/decoracion\/mosaico-sigue-vivo-donde-surge-como-ha-llegado-hasta-nuestros-dias_9169\" rel=\"nofollow noopener\" target=\"_blank\">suelos de mosaico<\/a> para entender que, adem\u00e1s de funcionales, estos edificios se dise\u00f1aron con intenci\u00f3n ornamental, frecuentemente influida por la arquitectura europea. La influencia del <a href=\"https:\/\/www.arquitecturaydiseno.es\/arquitectura\/todo-que-sabemos-nueva-bauhaus_7009\" rel=\"nofollow noopener\" target=\"_blank\">Bauhaus<\/a>, por ejemplo, es evidente en edificios como el May Wah, construido en 1963 en el distrito de Wan Chai.<\/p>\n<p>&#13;<img loading=\"lazy\" decoding=\"async\"   src=\"https:\/\/www.europesays.com\/es\/wp-content\/uploads\/2025\/11\/tong-lau-y-edificio-bauhaus-en-tel-aviv_679f11e2_251110145815_1590x1240.webp.webp\" alt=\"Tong Lau y edificio Bauhaus en Tel Aviv\" class=\"lazyload\" width=\"1590\" height=\"1240\" data-aspectratio=\"1590\/1240\"\/><\/p>\n<p>El edificio\u00a0May Wah, en Hong Kong, guarda claras similitudes con otros de estilo bauhaus, como el Levanda, en Tel Aviv.<\/p>\n<p>&#13;Lord Jaraxxus | Vared Navod CC WikiCommons<br \/>\n <a href=\"https:\/\/www.arquitecturaydiseno.es\/casas\/esta-casa-sostenible-cordoba-es-resultado-colaboracion-entre-padre-constructor-y-hijo-arquitecto_12565\" data-ga4_event=\"custom_event\" data-ga4_event_name=\"click_intext\" data-ga4_link_url=\"https:\/\/www.arquitecturaydiseno.es\/casas\/esta-casa-sostenible-cordoba-es-resultado-colaboracion-entre-padre-constructor-y-hijo-arquitecto_12565\" data-ga4_link_text=\"un_padre_constructor_y_un_hijo_arquitecto_construyen_esta_casa_sostenible_de_80_m2_en_cordoba\" data-ga4_content_type=\"photo\" data-ga4_element=\"related\" rel=\"nofollow noopener\" target=\"_blank\">&#13;&#13;<img loading=\"lazy\" decoding=\"async\" src=\"https:\/\/www.europesays.com\/es\/wp-content\/uploads\/2025\/11\/casa-libertad-grao-15_e63a6acf_251023122219_600x600.webp.webp\" alt=\"casa libertad grao 15\" class=\"lazyload\" width=\"600\" height=\"600\" data-aspectratio=\"600\/600\"\/>&#13;&#13;<\/p>\n<p class=\"epigraph\">&#13;Noticia relacionada<\/p>\n<p class=\"title\">Un padre constructor y un hijo arquitecto construyen esta casa sostenible de 80 m2 en C\u00f3rdoba<\/p>\n<p><\/a><\/p>\n<p>Sin embargo, a diferencia de la Bauhaus, que dio lugar a una <a href=\"https:\/\/www.arquitecturaydiseno.es\/arquitectura\/maestros-bauhaus_2515\" rel=\"nofollow noopener\" target=\"_blank\">larga lista de nombres c\u00e9lebres<\/a>, muchos de estos tong lau fueron obra de arquitectos an\u00f3nimos. <strong>Algunos conservacionistas destacan la figura de Lee Young-on como uno de los posibles autores de estos m\u00edticos edificios<\/strong>: fue uno de los primeros arquitectos chinos que emergieron en Hong\u202fKong durante los a\u00f1os 90, cuando la profesi\u00f3n a\u00fan estaba dominada por arquitectos brit\u00e1nicos y coloniales.<\/p>\n<p>\u00bfQu\u00e9 son y por qu\u00e9, a menudo, tienen esta forma tan particular?<\/p>\n<p>La forma de estos edificios est\u00e1 estrechamente ligada a la historia de la regi\u00f3n. En Hong\u202fKong, debido a la alta densidad urbana y la contaminaci\u00f3n, el gobierno promovi\u00f3 la construcci\u00f3n de balcones para mejorar la ventilaci\u00f3n de las viviendas, llegando incluso a eximir la superficie de los balcones del pago de impuestos sobre el suelo. Aprovechando esta normativa, muchos propietarios extendieron los balcones siguiendo la curvatura de las esquinas, en l\u00ednea con las aceras de debajo, aumentando los metros cuadrados de las viviendas y, con ello, su valor de venta. <strong>Consciente de esta pr\u00e1ctica, el gobierno puso fin a la exenci\u00f3n en 1966.<\/strong><\/p>\n<p>Estos edificios esquineros se han clasificado dentro de la cuarta generaci\u00f3n de tong lau, surgida con la recuperaci\u00f3n econ\u00f3mica de la d\u00e9cada de 1950, tras el fin de la Guerra del Pac\u00edfico. Se caracterizan por tener aproximadamente seis pisos, un dise\u00f1o sobrio y funcional, y estar construidos principalmente en hormig\u00f3n armado. <strong>Los primeros tong lau se remontan al per\u00edodo victoriano y estaban pensados para acoger a inmigrantes que llegaban a trabajar en el sector mercantil<\/strong>, combinando vivienda en los pisos superiores con locales comerciales a nivel de calle.<\/p>\n<p>&#13;<img loading=\"lazy\" decoding=\"async\"   src=\"https:\/\/www.europesays.com\/es\/wp-content\/uploads\/2025\/11\/tong-lau_9e44a79a_251110145831_1600x1200.webp.webp\" alt=\"Tong Lau\" class=\"lazyload\" width=\"1600\" height=\"1200\" data-aspectratio=\"1600\/1200\"\/> <a href=\"https:\/\/www.arquitecturaydiseno.es\/estilo-de-vida\/gloria-ramos-experta-feng-shui-todo-que-guardamos-sin-usar-se-convierte-reflejo-que-no-soltamos-emocionalmente_12590\" data-ga4_event=\"custom_event\" data-ga4_event_name=\"click_intext\" data-ga4_link_url=\"https:\/\/www.arquitecturaydiseno.es\/estilo-de-vida\/gloria-ramos-experta-feng-shui-todo-que-guardamos-sin-usar-se-convierte-reflejo-que-no-soltamos-emocionalmente_12590\" data-ga4_link_text=\"gloria_ramos_experta_en_feng_shui_un_trastero_saturado_es_reflejo_de_nuestra_vida\u201d\" data-ga4_content_type=\"photo\" data-ga4_element=\"related\" rel=\"nofollow noopener\" target=\"_blank\">&#13;&#13;<img loading=\"lazy\" decoding=\"async\" src=\"https:\/\/www.europesays.com\/es\/wp-content\/uploads\/2025\/11\/gloria-ramos_40b0abec_251028180158_600x600.webp.webp\" alt=\"Gloria Ramos\" class=\"lazyload\" width=\"600\" height=\"600\" data-aspectratio=\"600\/600\"\/>&#13;&#13;<\/p>\n<p class=\"epigraph\">&#13;Noticia relacionada<\/p>\n<p class=\"title\">Gloria Ramos, experta en Feng Shui: \u00abUn trastero saturado es reflejo de nuestra vida\u201d<\/p>\n<p><\/a>Los tong lau en el Hong Kong actual<\/p>\n<p>Hoy, estos edificios est\u00e1n en peligro de extinci\u00f3n por dos motivos principales: <strong>primero, muchos siguen siendo de propiedad privada, <\/strong>por lo que no pueden incorporarse a los planes de conservaci\u00f3n del patrimonio impulsados por el gobierno, quedando expuestos a la reurbanizaci\u00f3n; <strong>segundo, sufren depreciaci\u00f3n por ser edificaciones relativamente recientes<\/strong>, funcionales y carentes de prestigio hist\u00f3rico.<\/p>\n<p>En ciudades como Hong\u202fKong, caracterizadas por su alta densidad arquitect\u00f3nica, la conservaci\u00f3n de este tipo de edificios resulta crucial: <strong>permite preservar un entorno urbano a escala humana<\/strong> y ofrece una alternativa a la arquitectura orientada exclusivamente al consumo.<\/p>\n","protected":false},"excerpt":{"rendered":"El fot\u00f3grafo alem\u00e1n Michael Wolf inici\u00f3 en 2005 un proyecto titulado Hong Kong Corner Houses, consciente de la&hellip;\n","protected":false},"author":2,"featured_media":228863,"comment_status":"","ping_status":"","sticky":false,"template":"","format":"standard","meta":{"footnotes":""},"categories":[173],"tags":[229,233,231,230,232,234,146,147,25,24,23],"class_list":{"0":"post-228862","1":"post","2":"type-post","3":"status-publish","4":"format-standard","5":"has-post-thumbnail","7":"category-arte-y-diseno","8":"tag-arte","9":"tag-arte-y-diseno","10":"tag-arts","11":"tag-arts-and-design","12":"tag-design","13":"tag-diseno","14":"tag-entertainment","15":"tag-entretenimiento","16":"tag-es","17":"tag-espana","18":"tag-spain"},"share_on_mastodon":{"url":"https:\/\/pubeurope.com\/@es\/115526361696030274","error":""},"_links":{"self":[{"href":"https:\/\/www.europesays.com\/es\/wp-json\/wp\/v2\/posts\/228862","targetHints":{"allow":["GET"]}}],"collection":[{"href":"https:\/\/www.europesays.com\/es\/wp-json\/wp\/v2\/posts"}],"about":[{"href":"https:\/\/www.europesays.com\/es\/wp-json\/wp\/v2\/types\/post"}],"author":[{"embeddable":true,"href":"https:\/\/www.europesays.com\/es\/wp-json\/wp\/v2\/users\/2"}],"replies":[{"embeddable":true,"href":"https:\/\/www.europesays.com\/es\/wp-json\/wp\/v2\/comments?post=228862"}],"version-history":[{"count":0,"href":"https:\/\/www.europesays.com\/es\/wp-json\/wp\/v2\/posts\/228862\/revisions"}],"wp:featuredmedia":[{"embeddable":true,"href":"https:\/\/www.europesays.com\/es\/wp-json\/wp\/v2\/media\/228863"}],"wp:attachment":[{"href":"https:\/\/www.europesays.com\/es\/wp-json\/wp\/v2\/media?parent=228862"}],"wp:term":[{"taxonomy":"category","embeddable":true,"href":"https:\/\/www.europesays.com\/es\/wp-json\/wp\/v2\/categories?post=228862"},{"taxonomy":"post_tag","embeddable":true,"href":"https:\/\/www.europesays.com\/es\/wp-json\/wp\/v2\/tags?post=228862"}],"curies":[{"name":"wp","href":"https:\/\/api.w.org\/{rel}","templated":true}]}}