{"id":228876,"date":"2025-11-10T16:39:11","date_gmt":"2025-11-10T16:39:11","guid":{"rendered":"https:\/\/www.europesays.com\/es\/228876\/"},"modified":"2025-11-10T16:39:11","modified_gmt":"2025-11-10T16:39:11","slug":"qicheng-zhang-cientifico-el-3i-atlas-cambio-de-color-una-vez-pero-ahora-sigue-igual","status":"publish","type":"post","link":"https:\/\/www.europesays.com\/es\/228876\/","title":{"rendered":"Qicheng Zhang, cient\u00edfico: \u201cEl 3I\/ATLAS \u2018cambi\u00f3 de color\u2019 una vez, pero ahora sigue igual\u201d"},"content":{"rendered":"<p class=\"\">Desde que el <b>cometa 3I\/ATLAS fue descubierto el pasado mes de julio como el tercer objeto<\/b> interestelar de la historia, y aunque la ciencia ha intentado dar explicaci\u00f3n a sus peculiaridades, siempre aparecen locas rimbombantes teor\u00edas sobre qu\u00e9 es eso que se ha visto en el cielo. <\/p>\n<p class=\"\"><a href=\"https:\/\/as.com\/actualidad\/ciencia\/michael-kueppers-astrofisico-de-la-esa-es-casi-imposible-saber-de-donde-viene-3iatlas-f202511-n\/\" target=\"_self\" rel=\"nofollow noopener\" title=\"https:\/\/as.com\/actualidad\/ciencia\/michael-kueppers-astrofisico-de-la-esa-es-casi-imposible-saber-de-donde-viene-3iatlas-f202511-n\/\">Michael Kueppers, astrof\u00edsico de la ESA, asegur\u00f3 a este medio<\/a> que 3I\/ATLAS no es otra cosa que un cometa formado fuera de nuestro sistema solar,<b> un objeto \u201cmuy viejo, que lleva viajando miles de millones de a\u00f1os<\/b>\u201d y que \u201cno supone un peligro\u201d para la Tierra. La inc\u00f3gnita se produce porque, al llegar al perihelio (el punto m\u00e1s cercano al sol), <a href=\"https:\/\/as.com\/actualidad\/ciencia\/el-aceleron-no-gravitacional-del-cometa-3iatlas-que-suscita-recelo-entre-los-cientificos-la-fisica-se-queda-sin-excusas-f202511-n\/\" target=\"_blank\" rel=\"noreferrer nofollow noopener\" title=\"https:\/\/as.com\/actualidad\/ciencia\/el-aceleron-no-gravitacional-del-cometa-3iatlas-que-suscita-recelo-entre-los-cientificos-la-fisica-se-queda-sin-excusas-f202511-n\/\">el cometa ha cambiado su trayectoria sin que la gravedad tenga nada que ver.<\/a> Normalmente, cuando esto ocurre, se produce porque el Sol calienta el hielo del cometa, lo que libera gas y polvo que cambia su trayectoria. Esa nube de gas parece no haber sido detectada.<\/p>\n<p class=\"\">La ciencia cree que esa particularidad se debe a la mayor rareza del cometa: su composici\u00f3n qu\u00edmica. \u201c<b>El objeto se form\u00f3 en un ambiente muy muy fr\u00edo, un ambiente cri\u00f3geno. La qu\u00edmica de los objetos de nuestro sistema es muy distinta, con 3I\/ATLAS tuvimos la suerte de poder medir sus componentes antes de que se acercara al Sol<\/b>\u201d, explic\u00f3 a <a href=\"https:\/\/www.cnnchile.com\/tendencias\/cometa-3i-atlas-todo-lo-que-debes-saber-del-viajero-espacial-que-pasara-por-unica-vez-en-nuestro-sistema-solar_20251107\/\" target=\"_blank\" rel=\"noreferrer nofollow noopener\" title=\"https:\/\/www.cnnchile.com\/tendencias\/cometa-3i-atlas-todo-lo-que-debes-saber-del-viajero-espacial-que-pasara-por-unica-vez-en-nuestro-sistema-solar_20251107\/\">CNN Chile Thomas Puzia<\/a>, astr\u00f3nomo del Centro Cata y de la Universidad Cat\u00f3lica de Chile. <\/p>\n<p class=\"\">Los cometas son conocidos como \u201cbolas de nieve sucias\u201d porque sus n\u00facleos est\u00e1n compuestos por hielo mezclado con polvo y fragmentos rocosos. Cuando se aproximan al Sol, el calor provoca que los hielos se sublimen (pasa de estado s\u00f3lido a gaseoso de forma directa), generando <b>una brillante nube de gas llamada coma. <\/b>Adem\u00e1s, si le afecta el viento solar, este alarga la coma y forma una resplandeciente cola que se extiende tras el cometa. De ah\u00ed que algunos digan que el cometa \u2018ha cambiado de color\u2019. \u00bfPero es esto cierto?<\/p>\n<p class=\"\">Seg\u00fan ha explicado al medio<a href=\"https:\/\/www.space.com\/astronomy\/comets\/no-interstellar-comet-3i-atlas-hasnt-changed-color-scientists-say\" target=\"_blank\" rel=\"noreferrer nofollow noopener\" title=\"https:\/\/www.space.com\/astronomy\/comets\/no-interstellar-comet-3i-atlas-hasnt-changed-color-scientists-say\"> Space.com<\/a> Qicheng Zhang, investigador postdoctoral del Observatorio Lowell en Arizona, <b>no se tienen evidencias de que la coma gaseosa haya cambiado de color<\/b>, sino que esta \u201csigue presente y contribuye sustancialmente al brillo general\u201d. \u201cHasta donde sabemos, el cometa solo \u2018cambi\u00f3 de color\u2019 una vez, <b>cuando su coma de gas se hizo visible y brillante por primera vez<\/b>, y sigue igual ahora (solo que m\u00e1s brillante)\u201d, se\u00f1ala el cient\u00edfico.<\/p>\n<p class=\"\">\u201cSin embargo, esto ya estaba comenzando a suceder a principios de septiembre, <b>antes de que se acercara demasiado al Sol<\/b> en el cielo, ya que existen numerosas fotograf\u00edas de astr\u00f3nomos aficionados de esa \u00e9poca que muestran que el cometa tiene una coma de gas azul verdoso\u201d, indica Zhang.<\/p>\n<p>Noticias relacionadas<a href=\"https:\/\/as.com\/actualidad\/ciencia\/michael-kueppers-astrofisico-de-la-esa-es-casi-imposible-saber-de-donde-viene-3iatlas-f202511-n\/\" class=\"s_m_w _rt-16x9\" title=\"El experto habla con Diario AS sobre la naturaleza del tercer objeto interestelar detectado por la humanidad.\" data-tb-link=\"\" rel=\"nofollow noopener\" target=\"_blank\"><img decoding=\"async\" src=\"https:\/\/www.europesays.com\/es\/wp-content\/uploads\/2025\/11\/VL5PPYDQ4JGUNOAK6YO5HEH6EA.jpg\" alt=\"Michael Kueppers, astrof\u00edsico de la ESA: \u201cEs casi imposible saber de d\u00f3nde viene 3I\/ATLAS\u201d \" class=\"\" height=\"1\" width=\"1\"   loading=\"lazy\" data-tb-thumbnail=\"\"\/><\/a><a href=\"https:\/\/as.com\/actualidad\/sociedad\/la-fecha-de-noviembre-en-la-que-el-cometa-3iatlas-se-dejara-ver-para-miles-de-amantes-de-la-astronomia-f202511-n\/\" class=\"s_m_w _rt-16x9\" title=\"A partir del 28-30 de noviembre, y si tienes un cielo oscuro sin contaminaci\u00f3n lum\u00ednica, podr\u00e1s buscarlo muy bajo en el horizonte este con un telescopio de al menos 150 mm de apertura. Una oportunidad \u00fanica para seguir un viajero que nunca volver\u00e1.\" data-tb-link=\"\" rel=\"nofollow noopener\" target=\"_blank\"><img decoding=\"async\" src=\"https:\/\/www.europesays.com\/es\/wp-content\/uploads\/2025\/11\/1762792751_689_VEG3M4GMGZCUBMD3VWNTHYPZ3M.jpg\" alt=\"La fecha de noviembre en la que el cometa 3I\/ATLAS se dejar\u00e1 ver para miles de amantes de la astronom\u00eda\" class=\"\" height=\"1\" width=\"1\"   loading=\"lazy\" data-tb-thumbnail=\"\"\/><\/a><\/p>\n<p class=\"\"><b>\u00a1Tus opiniones importan!<\/b> <\/p>\n<p class=\"\">Comenta en los art\u00edculos y suscr\u00edbete gratis a nuestra <a href=\"https:\/\/asfan.as.com\/newsletters\/\" target=\"_blank\" rel=\"nofollow noopener\" title=\"https:\/\/asfan.as.com\/newsletters\/\">newsletter<\/a> y a las alertas informativas en la <a href=\"https:\/\/as.com\/aplicacion-de-as-n\/\" target=\"_blank\" rel=\"nofollow noopener\" title=\"https:\/\/as.com\/aplicacion-de-as-n\/\">App<\/a> o el canal de <a href=\"https:\/\/www.whatsapp.com\/channel\/0029VaAasdA7j6g745nz9M10\" target=\"_blank\" rel=\"nofollow noopener\" title=\"https:\/\/www.whatsapp.com\/channel\/0029VaAasdA7j6g745nz9M10\">WhatsApp<\/a>. \u00bfBuscas licenciar contenido? Haz clic <a href=\"https:\/\/profesional.elpais.com\/soluciones-sindicacion?utm_medium=interno&amp;utm_source=crosslinking&amp;utm_campaign=sindicacion_as_pie_articulos\" target=\"_blank\" rel=\"nofollow noopener\" title=\"https:\/\/profesional.elpais.com\/soluciones-sindicacion?utm_medium=interno&amp;utm_source=crosslinking&amp;utm_campaign=sindicacion_as_pie_articulos\">aqu\u00ed<\/a><\/p>\n","protected":false},"excerpt":{"rendered":"Desde que el cometa 3I\/ATLAS fue descubierto el pasado mes de julio como el tercer objeto interestelar de&hellip;\n","protected":false},"author":2,"featured_media":228877,"comment_status":"","ping_status":"","sticky":false,"template":"","format":"standard","meta":{"footnotes":""},"categories":[81],"tags":[119,123,124,25,24,117,121,122,23,118,120],"class_list":{"0":"post-228876","1":"post","2":"type-post","3":"status-publish","4":"format-standard","5":"has-post-thumbnail","7":"category-ciencia-y-tecnologia","8":"tag-ciencia","9":"tag-ciencia-y-tecnologia","10":"tag-cienciaytecnologia","11":"tag-es","12":"tag-espana","13":"tag-science","14":"tag-science-and-technology","15":"tag-scienceandtechnology","16":"tag-spain","17":"tag-technology","18":"tag-tecnologia"},"share_on_mastodon":{"url":"https:\/\/pubeurope.com\/@es\/115526393404376512","error":""},"_links":{"self":[{"href":"https:\/\/www.europesays.com\/es\/wp-json\/wp\/v2\/posts\/228876","targetHints":{"allow":["GET"]}}],"collection":[{"href":"https:\/\/www.europesays.com\/es\/wp-json\/wp\/v2\/posts"}],"about":[{"href":"https:\/\/www.europesays.com\/es\/wp-json\/wp\/v2\/types\/post"}],"author":[{"embeddable":true,"href":"https:\/\/www.europesays.com\/es\/wp-json\/wp\/v2\/users\/2"}],"replies":[{"embeddable":true,"href":"https:\/\/www.europesays.com\/es\/wp-json\/wp\/v2\/comments?post=228876"}],"version-history":[{"count":0,"href":"https:\/\/www.europesays.com\/es\/wp-json\/wp\/v2\/posts\/228876\/revisions"}],"wp:featuredmedia":[{"embeddable":true,"href":"https:\/\/www.europesays.com\/es\/wp-json\/wp\/v2\/media\/228877"}],"wp:attachment":[{"href":"https:\/\/www.europesays.com\/es\/wp-json\/wp\/v2\/media?parent=228876"}],"wp:term":[{"taxonomy":"category","embeddable":true,"href":"https:\/\/www.europesays.com\/es\/wp-json\/wp\/v2\/categories?post=228876"},{"taxonomy":"post_tag","embeddable":true,"href":"https:\/\/www.europesays.com\/es\/wp-json\/wp\/v2\/tags?post=228876"}],"curies":[{"name":"wp","href":"https:\/\/api.w.org\/{rel}","templated":true}]}}