{"id":228878,"date":"2025-11-10T16:40:13","date_gmt":"2025-11-10T16:40:13","guid":{"rendered":"https:\/\/www.europesays.com\/es\/228878\/"},"modified":"2025-11-10T16:40:13","modified_gmt":"2025-11-10T16:40:13","slug":"el-cupon-de-la-once-toca-en-elche","status":"publish","type":"post","link":"https:\/\/www.europesays.com\/es\/228878\/","title":{"rendered":"El cup\u00f3n de la ONCE toca en Elche"},"content":{"rendered":"<p class=\"ft-text ft-helper-closenews\">No toc\u00f3 en Elche el d\u00eda de la celebraci\u00f3n del Dogma de la Asunci\u00f3n, pero lo ha hecho una semana m\u00e1s tarde. El Cup\u00f3n Fin de Semana de la ONCE ha repartido 240.000 euros en Elche, en el sorteo del s\u00e1bado, 8 de noviembre de 2025. El vendedor de la ONCE <strong>Juan Romero Galera<\/strong> es quien llev\u00f3 la suerte a Elche, incluyendo un Sueldazo a uno de sus clientes habituales desde su punto de venta en la Calle Antonio Mena,30 (Estanco). Juan es vendedor de la ONCE desde noviembre de 2024 adscrito a la Agencia de la ONCE en Elche.<\/p>\n<p class=\"ft-text\">El Sueldazo del Fin de Semana de la ONCE ofrece, todos los s\u00e1bados y domingos, un premio principal a las cinco cifras y serie de 300.000 euros, m\u00e1s 5.000 euros al mes durante 20 a\u00f1os consecutivos a un solo cup\u00f3n. Y premios de 2.000 euros al mes durante 10 a\u00f1os consecutivos, a otros cuatro cupones.<\/p>\n<p><img decoding=\"async\" src=\"https:\/\/www.europesays.com\/es\/wp-content\/uploads\/2025\/11\/0918dc0e-a78c-4424-9991-0bcc72f64e69_alta-libre-aspect-ratio_default_0.jpg\" width=\"1200\" height=\"799\" alt=\"Apertura de un quiosco de la ONCE en Elche\" class=\"ft-helper-img-rd\" loading=\"lazy\"\/><\/p>\n<p class=\"ft-helper-fontColor-quaternary ft-helper-fontSize-body-S ft-helper-spacer-t-xxs\">Apertura de un quiosco de la ONCE en Elche  \/ Mat\u00edas Segarra<\/p>\n<p>Dise\u00f1o<\/p>\n<p class=\"ft-text\">Los\u00a0<strong>cupones de la ONCE<\/strong>\u00a0son parte de los productos de loter\u00eda social, segura, responsable y solidaria de la Organizaci\u00f3n que, desde su dise\u00f1o hasta su comercializaci\u00f3n, implementa controles para neutralizar consumos descontrolados, proh\u00edbe expresamente la venta a menores de edad o el consumo a cr\u00e9dito, entre otras medidas. La Organizaci\u00f3n mantiene una responsabilidad con la ciudadan\u00eda promoviendo una pol\u00edtica de juego responsable. Los cupones de la ONCE se comercializan por los m\u00e1s de <strong>21.000 agentes vendedores <\/strong>de la Organizaci\u00f3n.<\/p>\n<p data-close=\"closedContent\" class=\"subscribeHideForDisplay\">Suscr\u00edbete para seguir leyendo<\/p>\n","protected":false},"excerpt":{"rendered":"No toc\u00f3 en Elche el d\u00eda de la celebraci\u00f3n del Dogma de la Asunci\u00f3n, pero lo ha hecho&hellip;\n","protected":false},"author":2,"featured_media":228879,"comment_status":"","ping_status":"","sticky":false,"template":"","format":"standard","meta":{"footnotes":""},"categories":[80],"tags":[82,13692,22178,60145,95,94,2006,25,24,10957,531,532,23,1490],"class_list":{"0":"post-228878","1":"post","2":"type-post","3":"status-publish","4":"format-standard","5":"has-post-thumbnail","7":"category-economia","8":"tag-business","9":"tag-controles","10":"tag-cupon","11":"tag-cupon-de-la-once","12":"tag-economia","13":"tag-economy","14":"tag-elche","15":"tag-es","16":"tag-espana","17":"tag-fin-de-semana","18":"tag-once","19":"tag-premios","20":"tag-spain","21":"tag-toca"},"share_on_mastodon":{"url":"https:\/\/pubeurope.com\/@es\/115526397242432168","error":""},"_links":{"self":[{"href":"https:\/\/www.europesays.com\/es\/wp-json\/wp\/v2\/posts\/228878","targetHints":{"allow":["GET"]}}],"collection":[{"href":"https:\/\/www.europesays.com\/es\/wp-json\/wp\/v2\/posts"}],"about":[{"href":"https:\/\/www.europesays.com\/es\/wp-json\/wp\/v2\/types\/post"}],"author":[{"embeddable":true,"href":"https:\/\/www.europesays.com\/es\/wp-json\/wp\/v2\/users\/2"}],"replies":[{"embeddable":true,"href":"https:\/\/www.europesays.com\/es\/wp-json\/wp\/v2\/comments?post=228878"}],"version-history":[{"count":0,"href":"https:\/\/www.europesays.com\/es\/wp-json\/wp\/v2\/posts\/228878\/revisions"}],"wp:featuredmedia":[{"embeddable":true,"href":"https:\/\/www.europesays.com\/es\/wp-json\/wp\/v2\/media\/228879"}],"wp:attachment":[{"href":"https:\/\/www.europesays.com\/es\/wp-json\/wp\/v2\/media?parent=228878"}],"wp:term":[{"taxonomy":"category","embeddable":true,"href":"https:\/\/www.europesays.com\/es\/wp-json\/wp\/v2\/categories?post=228878"},{"taxonomy":"post_tag","embeddable":true,"href":"https:\/\/www.europesays.com\/es\/wp-json\/wp\/v2\/tags?post=228878"}],"curies":[{"name":"wp","href":"https:\/\/api.w.org\/{rel}","templated":true}]}}