{"id":228882,"date":"2025-11-10T16:42:09","date_gmt":"2025-11-10T16:42:09","guid":{"rendered":"https:\/\/www.europesays.com\/es\/228882\/"},"modified":"2025-11-10T16:42:09","modified_gmt":"2025-11-10T16:42:09","slug":"feijoo-ve-al-gobierno-acorralado-y-noqueado-los-jueces-le-paran-los-pies-y-sus-socios-le-atan-las-manos","status":"publish","type":"post","link":"https:\/\/www.europesays.com\/es\/228882\/","title":{"rendered":"Feij\u00f3o ve al Gobierno \u201cacorralado\u201d y \u201cnoqueado\u201d: \u201cLos jueces le paran los pies y sus socios le atan las manos\u201d\u00a0"},"content":{"rendered":"<p><strong>Tras el Comit\u00e9 de Direcci\u00f3n celebrado en Melilla\u00a0<\/strong><\/p>\n<ul class=\"wp-block-list\">\n<li>\u201cNo hay un caso de corrupci\u00f3n en el partido del Gobierno\u201d, advierte el presidente del PP, sino\u00a0\u201c<strong>una presunta organizaci\u00f3n criminal hecha partido y luego hecha Gobierno, que empez\u00f3 a operar en el coche de las primarias y no se ha bajado del coche oficial desde entonces<\/strong>\u201d\u00a0\u00a0<\/li>\n<li><strong>Acusa a S\u00e1nchez de \u201cromper la independencia judicial\u201d al dictar sentencia con respecto al fiscal general del Estado<\/strong>:\u00a0\u201cQue el presidente del Gobierno interfiera es un s\u00edntoma inequ\u00edvoco de su falta de calidad democr\u00e1tica, falta de \u00e9tica y falta de responsabilidad\u201d\u00a0<\/li>\n<li><strong>Presenta su \u201ccarpeta de Melilla y de Ceuta\u201d<\/strong>\u00a0en la que se compromete con la seguridad y la protecci\u00f3n de nuestras fronteras, y se conjura en\u00a0<strong>dar \u201cun vuelco\u201d a las pol\u00edticas econ\u00f3micas y sociales que conviertan a estas ciudades aut\u00f3nomas en lugares \u201cm\u00e1s pr\u00f3speros y atractivos\u201d<\/strong><\/li>\n<li>\u201c<strong>Melilla es y ser\u00e1 Espa\u00f1a<\/strong>. Es una frontera espa\u00f1ola y europea. Su\u00a0protecci\u00f3n no es opcional ni negociable\u201d, recalca Feij\u00f3o quien\u00a0se compromete a\u00a0<strong>defender que Ceuta y Melilla cuenten con mayor presencia de FCSE y la colaboraci\u00f3n de Frontex<\/strong>\u00a0\u00a0<\/li>\n<li>Promete un\u00a0<strong>r\u00e9gimen econ\u00f3mico y fiscal que facilite la implantaci\u00f3n de nuevas empresas<\/strong>\u00a0y la recuperaci\u00f3n de la bonificaci\u00f3n del 50% en las cotizaciones sociales que el Gobierno bloquea en el Congreso, as\u00ed como\u00a0<strong>mejorar la conectividad<\/strong>\u00a0con la Pen\u00ednsula\u00a0\u00a0<\/li>\n<li>Recuerda que\u00a0<strong>el Gobierno de Espa\u00f1a es \u201cel \u00fanico responsable\u201d de la Educaci\u00f3n y la Sanidad en Melilla<\/strong>\u00a0y promete reforzar inversiones en proyectos educativos para hacer de Melilla una\u00a0\u201cciudad universitaria\u201d, as\u00ed como\u00a0<strong>aumentar el n\u00famero de profesionales sanitarios, mejorando sus condiciones, para asegurar una \u201ccobertura digna\u201d<\/strong><\/li>\n<li>Se\u00f1ala que\u00a0<strong>\u201cla \u00fanica sanidad espa\u00f1ola que depende del Gobierno es la que peores ratios tiene\u201d y promete mejoras en las condiciones de los m\u00e9dicos<\/strong>, al tiempo que acusa al Ejecutivo de\u00a0\u201cmarginar\u201d\u00a0a Ceuta y Melilla, retir\u00e1ndoles bonificaciones,\u00a0\u201cabandonando\u201d\u00a0las fronteras o inaugurando hospitales sin camas ni quir\u00f3fanos operativos\u00a0\u00a0<\/li>\n<li>Defiende que Melilla y Ceuta tengan un\u00a0<strong>estatuto europeo equiparable al de las regiones ultraperif\u00e9ricas<\/strong>, as\u00ed como su reconocimiento como territorios prioritarios para mejorar el acceso a los Fondos de Cohesi\u00f3n\u00a0<\/li>\n<li>\u201cEspa\u00f1a no puede ser ingobernable solo porque la corrupci\u00f3n del Partido Socialista sea inagotable\u201d, advierte Feij\u00f3o, que se\u00f1ala que\u00a0<strong>\u201ceste Gobierno es el peor que ha tenido nuestra democracia\u201d\u00a0<\/strong>\u00a0<\/li>\n<li>Se\u00f1ala que esta legislatura est\u00e1\u00a0\u201cagotada\u201d\u00a0debido a la corrupci\u00f3n del PSOE y al bloqueo en el que se encuentra el Gobierno.\u00a0\u201cEste Gobierno no tiene \u00e9tica, pero tampoco solidez parlamentaria\u201d, avisa\u00a0\u00a0<\/li>\n<li>\u201cNi mayor\u00eda, ni socios, ni capacidad para aprobar leyes\u201d, afirma Feij\u00f3o, que avisa de que lo \u00fanico que hay es\u00a0\u201cuna p\u00e9rdida de tiempo y una gigantesca tomadura de pelo\u201d, emplazando al PSOE a\u00a0<strong>\u201casumir que ya no puede gobernar, solo puede bloquear y obstruir el cambio\u201d<\/strong>\u00a0<\/li>\n<li>Recuerda que\u00a0<strong>hoy en Espa\u00f1a viven casi diez millones de personas en riesgo de pobreza o exclusi\u00f3n social<\/strong>\u00a0y critica que el Gobierno no haga nada:\u00a0\u201cNo tiene nada de progresista empobrecer a las clases medias\u201d\u00a0ni que el Gobierno\u00a0\u201clastre\u201d\u00a0el crecimiento del pa\u00eds\u00a0\u00a0<\/li>\n<li>Critica que el Ejecutivo diga que los presupuestos no son indispensables y advierte de que s\u00ed lo son para poner en marcha pol\u00edticas de vivienda, educaci\u00f3n, seguridad o infraestructuras:\u00a0<strong>\u201cLos \u00fanicos que pueden seguir viviendo mejor sin Presupuestos son quienes los han esquilmado con mordidas, enchufes y negocios oscuros\u201d<\/strong>\u00a0\u00a0<\/li>\n<li>Acusa al Gobierno de\u00a0\u201cperjudicar\u201d\u00a0a las comunidades y ciudades aut\u00f3nomas y de\u00a0<strong>haber convertido el Consejo de Ministros en un \u201cComit\u00e9 de Oposici\u00f3n al PP\u201d<\/strong>, recordando que hay ya cinco ministros\u00a0\u201cusando el BOE\u201d\u00a0para hacer campa\u00f1a en las autonom\u00edas en los que ser\u00e1n candidatos\u00a0\u00a0<\/li>\n<\/ul>\n","protected":false},"excerpt":{"rendered":"Tras el Comit\u00e9 de Direcci\u00f3n celebrado en Melilla\u00a0 \u201cNo hay un caso de corrupci\u00f3n en el partido del&hellip;\n","protected":false},"author":2,"featured_media":228883,"comment_status":"","ping_status":"","sticky":false,"template":"","format":"standard","meta":{"footnotes":""},"categories":[8],"tags":[17,18,25,24,13,14,11,19,20,9,10,15,16,23,12,21,22],"class_list":{"0":"post-228882","1":"post","2":"type-post","3":"status-publish","4":"format-standard","5":"has-post-thumbnail","7":"category-espana","8":"tag-breaking-news","9":"tag-breakingnews","10":"tag-es","11":"tag-espana","12":"tag-featured-news","13":"tag-featurednews","14":"tag-headlines","15":"tag-latest-news","16":"tag-latestnews","17":"tag-news","18":"tag-noticias","19":"tag-noticias-destacadas","20":"tag-noticiasdestacadas","21":"tag-spain","22":"tag-titulares","23":"tag-ultimas-noticias","24":"tag-ultimasnoticias"},"share_on_mastodon":{"url":"https:\/\/pubeurope.com\/@es\/115526404998284675","error":""},"_links":{"self":[{"href":"https:\/\/www.europesays.com\/es\/wp-json\/wp\/v2\/posts\/228882","targetHints":{"allow":["GET"]}}],"collection":[{"href":"https:\/\/www.europesays.com\/es\/wp-json\/wp\/v2\/posts"}],"about":[{"href":"https:\/\/www.europesays.com\/es\/wp-json\/wp\/v2\/types\/post"}],"author":[{"embeddable":true,"href":"https:\/\/www.europesays.com\/es\/wp-json\/wp\/v2\/users\/2"}],"replies":[{"embeddable":true,"href":"https:\/\/www.europesays.com\/es\/wp-json\/wp\/v2\/comments?post=228882"}],"version-history":[{"count":0,"href":"https:\/\/www.europesays.com\/es\/wp-json\/wp\/v2\/posts\/228882\/revisions"}],"wp:featuredmedia":[{"embeddable":true,"href":"https:\/\/www.europesays.com\/es\/wp-json\/wp\/v2\/media\/228883"}],"wp:attachment":[{"href":"https:\/\/www.europesays.com\/es\/wp-json\/wp\/v2\/media?parent=228882"}],"wp:term":[{"taxonomy":"category","embeddable":true,"href":"https:\/\/www.europesays.com\/es\/wp-json\/wp\/v2\/categories?post=228882"},{"taxonomy":"post_tag","embeddable":true,"href":"https:\/\/www.europesays.com\/es\/wp-json\/wp\/v2\/tags?post=228882"}],"curies":[{"name":"wp","href":"https:\/\/api.w.org\/{rel}","templated":true}]}}