{"id":228888,"date":"2025-11-10T16:49:12","date_gmt":"2025-11-10T16:49:12","guid":{"rendered":"https:\/\/www.europesays.com\/es\/228888\/"},"modified":"2025-11-10T16:49:12","modified_gmt":"2025-11-10T16:49:12","slug":"pagar-por-ver-a-los-ciclistas-en-finales-de-etapa-como-e","status":"publish","type":"post","link":"https:\/\/www.europesays.com\/es\/228888\/","title":{"rendered":"\u00bfPagar por ver a los ciclistas en finales de etapa como e&#8230;"},"content":{"rendered":"<p>                    La propuesta del ex ciclista J\u00e9r\u00f4me Pineau<\/p>\n<p class=\"c-mainarticle__date\">\n<p>                    10 de noviembre de 2025 (09:50 CET)<\/p>\n<p>                                                                                                                                        <img fetchpriority=\"high\" decoding=\"async\" src=\"https:\/\/www.europesays.com\/es\/wp-content\/uploads\/2025\/11\/alpe-d-huez.jpeg\" alt=\"\u00bfPagar por ver a los ciclistas en finales de etapa como el Alpe D\u00b4huez?\" title=\"\u00bfPagar por ver a los ciclistas en finales de etapa como el Alpe D\u00b4huez?\" class=\"c-mainarticle__img\" loading=\"eager\" width=\"790\" height=\"454\"\/><\/p>\n<p>                    \u00bfPagar por ver a los ciclistas en finales de etapa como el Alpe D\u00b4huez?<\/p>\n<p>El ciclismo se ha distinguido de la mayor\u00eda de los deportes en ser (salvo contadas excepciones como puede ser el caso del ciclocross o la pista) un espect\u00e1culo gratuito para sus aficionados. Pero parece que se empieza a poner en cuesti\u00f3n que se pueda ver en vivo grandes momentos como los finales de etapa en alta monta\u00f1a del Tour de Francia sin tener que pasar por taquilla.\u00a0<\/p>\n<p>El exciclista\u00a0J\u00e9r\u00f4me Pineau ha expresado su opini\u00f3n en el p\u00f3dcast franc\u00e9s Grand Plateau de RMC Sport proponiendo introducir\u00a0un sistema de entradas de pago para ciertas carreras o etapas\u00a0\u201cPuede que sorprenda a algunos, pero en el pr\u00f3ximo Tour de Francia se terminar\u00e1 dos veces en el Alpe d\u2019Huez. Pues bien, cerremos los \u00faltimos cinco kil\u00f3metros de esta subida, privatic\u00e9mosla\u201d.<\/p>\n<p>Pineau dice que el dinero recaudado deber\u00eda ir a parar a los equipos ciclistas que seg\u00fan su opini\u00f3n reciben muy poco de los ingresos que la ASO (Amaury Sport Organisation) logra generar con el Tour de Francia.<\/p>\n<p>\u201cEl ciclismo ha sido tradicionalmente un deporte popular, gratuito y accesible para todos. Pero al final, apenas quedan unos pocos corredores, porque solo dos equipos logran sobrevivir: Bahrain Victorious y UAE Emirates . Y as\u00ed es menos divertido, \u00bfno?\u201d, se\u00f1ala Pineau, aludiendo al desequilibrio financiero en el pelot\u00f3n y al auge de los superequipos.<\/p>\n<p>En es emismo podcas intervino\u00a0Marc Madiot, director del equipo Groupama-FDJ, que pese a estar de acuerdo en los problemas financieros a los que se enfrenta actualmente el ciclismo, pero que no comparte la opini\u00f3n de introducir el pago en el Tour de Francia. \u201cEstoy a favor del acceso gratuito. El ciclismo es el \u00faltimo gran deporte que sigue siendo gratuito, y esa es una de nuestras fortalezas. Tenemos que ser realistas: no vamos a resolver nuestros problemas creando m\u00e1s zonas VIP\u201d.<\/p>\n<p>\u00a0<\/p>\n","protected":false},"excerpt":{"rendered":"La propuesta del ex ciclista J\u00e9r\u00f4me Pineau 10 de noviembre de 2025 (09:50 CET) \u00bfPagar por ver a&hellip;\n","protected":false},"author":2,"featured_media":228889,"comment_status":"","ping_status":"","sticky":false,"template":"","format":"standard","meta":{"footnotes":""},"categories":[273],"tags":[313,312,168,25,24,23,167],"class_list":{"0":"post-228888","1":"post","2":"type-post","3":"status-publish","4":"format-standard","5":"has-post-thumbnail","7":"category-ciclismo","8":"tag-ciclismo","9":"tag-cycling","10":"tag-deportes","11":"tag-es","12":"tag-espana","13":"tag-spain","14":"tag-sports"},"share_on_mastodon":{"url":"https:\/\/pubeurope.com\/@es\/115526432654089651","error":""},"_links":{"self":[{"href":"https:\/\/www.europesays.com\/es\/wp-json\/wp\/v2\/posts\/228888","targetHints":{"allow":["GET"]}}],"collection":[{"href":"https:\/\/www.europesays.com\/es\/wp-json\/wp\/v2\/posts"}],"about":[{"href":"https:\/\/www.europesays.com\/es\/wp-json\/wp\/v2\/types\/post"}],"author":[{"embeddable":true,"href":"https:\/\/www.europesays.com\/es\/wp-json\/wp\/v2\/users\/2"}],"replies":[{"embeddable":true,"href":"https:\/\/www.europesays.com\/es\/wp-json\/wp\/v2\/comments?post=228888"}],"version-history":[{"count":0,"href":"https:\/\/www.europesays.com\/es\/wp-json\/wp\/v2\/posts\/228888\/revisions"}],"wp:featuredmedia":[{"embeddable":true,"href":"https:\/\/www.europesays.com\/es\/wp-json\/wp\/v2\/media\/228889"}],"wp:attachment":[{"href":"https:\/\/www.europesays.com\/es\/wp-json\/wp\/v2\/media?parent=228888"}],"wp:term":[{"taxonomy":"category","embeddable":true,"href":"https:\/\/www.europesays.com\/es\/wp-json\/wp\/v2\/categories?post=228888"},{"taxonomy":"post_tag","embeddable":true,"href":"https:\/\/www.europesays.com\/es\/wp-json\/wp\/v2\/tags?post=228888"}],"curies":[{"name":"wp","href":"https:\/\/api.w.org\/{rel}","templated":true}]}}