{"id":228896,"date":"2025-11-10T16:54:29","date_gmt":"2025-11-10T16:54:29","guid":{"rendered":"https:\/\/www.europesays.com\/es\/228896\/"},"modified":"2025-11-10T16:54:29","modified_gmt":"2025-11-10T16:54:29","slug":"de-la-escultura-invisible-al-pajaro-de-gaudi","status":"publish","type":"post","link":"https:\/\/www.europesays.com\/es\/228896\/","title":{"rendered":"De la escultura invisible al p\u00e1jaro de Gaud\u00ed"},"content":{"rendered":"<p data-gtm-element-container=\"modulo-texto-link\" class=\"paragraph\"><a href=\"https:\/\/www.lavanguardia.com\/participacion\/20210124\/6185893\/guia-normas-participacion-comunidad-lectores-vanguardia.html\" target=\"_blank\" rel=\"nofollow noopener\">* Los autores forman parte de la comunidad de lectores de La Vanguardia<\/a><\/p>\n<p data-gtm-element-container=\"modulo-texto-link\" class=\"paragraph\">De la escultura invisible al p\u00e1jaro de Gaud\u00ed&#8230; En <a href=\"https:\/\/www.lavanguardia.com\/participacion\/las-fotos-de-los-lectores\" target=\"_blank\" rel=\"nofollow noopener\">Las Fotos de los Lectores de La Vanguardia <\/a>podemos ver un resumen de diez im\u00e1genes curiosas, de quejas o con mensaje recogidas esta semana en <a href=\"https:\/\/www.lavanguardia.com\/participacion\/las-fotos-de-los-lectores\" target=\"_blank\" rel=\"nofollow noopener\">El Buz\u00f3n del Lector<\/a>.<\/p>\n<p>1.\u00a0Judith S. \u00a0Gamero<br \/>\nLa escultura invisible<\/p>\n<p data-gtm-element-container=\"modulo-texto-link\" class=\"paragraph\">La escultura del centro del lago del parque Villa Amelia de Barcelona lleva as\u00ed m\u00e1s de un a\u00f1o. As\u00ed conservamos el patrimonio&#8230;<\/p>\n<p>                         Ampliar<\/p>\n<p>                <img loading=\"lazy\" decoding=\"async\" data-full-src=\"https:\/\/www.lavanguardia.com\/uploads\/2025\/11\/07\/690df58d2102b.jpeg\" alt=\"Escultura del centro del lago del parque Villa Amelia de Barcelona.\" width=\"449\" height=\"299\" src=\"https:\/\/www.europesays.com\/es\/wp-content\/uploads\/2025\/11\/690df58d2102b.jpeg\" class=\"lazy\"\/><\/p>\n<p class=\"caption-title \">Escultura del centro del lago del parque Villa Amelia de Barcelona.<\/p>\n<p>                    Judith S. Gamero<\/p>\n<p>                         Ampliar<\/p>\n<p>                <img loading=\"lazy\" decoding=\"async\" data-full-src=\"https:\/\/www.lavanguardia.com\/uploads\/2025\/11\/07\/690df5b2223f1.jpeg\" alt=\"Escultura tapada por la vegetaci\u00f3n, en el centro del lago del parque Villa Amelia de Barcelona.\" width=\"449\" height=\"597\" src=\"https:\/\/www.europesays.com\/es\/wp-content\/uploads\/2025\/11\/690df5b2223f1.jpeg\" class=\"lazy\"\/><\/p>\n<p class=\"caption-title \">Escultura tapada por la vegetaci\u00f3n, en el centro del lago del parque Villa Amelia de Barcelona.<\/p>\n<p>                    Judith S. Gamero<\/p>\n<p>2. N\u00faria Bombard\u00f3<br \/>\nHomenaje a\u00a0Clara Campoamor<\/p>\n<p>                         Ampliar<\/p>\n<p>                <img loading=\"lazy\" decoding=\"async\" data-full-src=\"https:\/\/www.lavanguardia.com\/uploads\/2025\/11\/07\/690df64a3928d.png\" alt=\"Homenaje a Clara Campoamor.\" width=\"449\" height=\"533\" src=\"https:\/\/www.europesays.com\/es\/wp-content\/uploads\/2025\/11\/690df64a3928d.png\" class=\"lazy\"\/><\/p>\n<p class=\"caption-title \">Homenaje a Clara Campoamor.<\/p>\n<p>                    N\u00faria Bombard\u00f3<\/p>\n<p data-gtm-element-container=\"modulo-texto-link\" class=\"paragraph\">En los Jardines Clara Campoamor se rinde tributo a esta figura que luch\u00f3 para que la mujer espa\u00f1ola pudiera ejercer el derecho al sufragio universa. Est\u00e1n ubicados en la Diagonal de Barcelona<\/p>\n<p>3. Narc\u00eds Serrat<br \/>\nEl po\u00e9tico Tempus Fugit<\/p>\n<p>                <img loading=\"lazy\" decoding=\"async\" data-full-src=\"https:\/\/www.lavanguardia.com\/uploads\/2025\/11\/07\/690df6c51a2a5.jpeg\" alt=\"Po\u00e9tico nombre de Tempus Fugit para una relojer\u00eda.\" width=\"449\" height=\"253\" src=\"https:\/\/www.europesays.com\/es\/wp-content\/uploads\/2025\/11\/690df6c51a2a5.jpeg\" class=\"lazy\"\/><\/p>\n<p class=\"caption-title \">Po\u00e9tico nombre de Tempus Fugit para una relojer\u00eda.<\/p>\n<p>                    Narc\u00eds Serrat<\/p>\n<p>4. \u00c1ngela Bautista<br \/>\nEl esqueleto de la nube<\/p>\n<p>                         Ampliar<\/p>\n<p>                <img loading=\"lazy\" decoding=\"async\" data-full-src=\"https:\/\/www.lavanguardia.com\/uploads\/2025\/11\/07\/690df71661449.jpeg\" alt=\"El esqueleto de la nube.\" width=\"449\" height=\"854\" src=\"https:\/\/www.europesays.com\/es\/wp-content\/uploads\/2025\/11\/690df71661449.jpeg\" class=\"lazy\"\/><\/p>\n<p class=\"caption-title \">El esqueleto de la nube.<\/p>\n<p>                    \u00c1ngela Bautista<\/p>\n<p>5. Alberto Maluquer<br \/>\nDe la horchata al turr\u00f3n<\/p>\n<p>                         Ampliar<\/p>\n<p>                <img loading=\"lazy\" decoding=\"async\" data-full-src=\"https:\/\/www.lavanguardia.com\/uploads\/2025\/11\/07\/690df77a61477.jpeg\" alt=\"De la horchata al turr\u00f3n.\" width=\"449\" height=\"337\" src=\"https:\/\/www.europesays.com\/es\/wp-content\/uploads\/2025\/11\/690df77a61477.jpeg\" class=\"lazy\"\/><\/p>\n<p class=\"caption-title \">De la horchata al turr\u00f3n.<\/p>\n<p>                    Alberto Maluquer Sarrias<\/p>\n<p data-gtm-element-container=\"modulo-texto-link\" class=\"paragraph\">He tomado esta fotograf\u00eda de un\u00a0emblem\u00e1tico establecimiento del Eixample barcelon\u00e9s, en donde los clientes disfrutan de esa \u00faltima horchata de temporada, antes de pasar al chocolate caliente, los turrones, los polvorones y las neules, del invierno que ya vemos pr\u00f3ximo. Nuestra ciudad conserva esos peque\u00f1os tesoros, que son una recompensa, para el que los sabe buscar, porque cuando perdemos alguno de ellos nos parece una p\u00e9rdida irreparable.<\/p>\n<p>6. Maria Salvador<br \/>\nFalta de alcantarillas<\/p>\n<p>                         Ampliar<\/p>\n<p>                <img loading=\"lazy\" decoding=\"async\" data-full-src=\"https:\/\/www.lavanguardia.com\/uploads\/2025\/11\/07\/690df826b73b7.jpeg\" alt=\"Muro de hormig\u00f3n para advertir de una inundaci\u00f3n en el pol\u00edgono industrial de Sant Pere, a falta de alcantarillas.\" width=\"449\" height=\"599\" src=\"https:\/\/www.europesays.com\/es\/wp-content\/uploads\/2025\/11\/690df826b73b7.jpeg\" class=\"lazy\"\/><\/p>\n<p class=\"caption-title \">Muro de hormig\u00f3n para advertir de una inundaci\u00f3n en el pol\u00edgono industrial de Sant Pere, a falta de alcantarillas.<\/p>\n<p>                    Maria Salvador<\/p>\n<p>7.\u00a0Carmen Mingo<br \/>\nDeterioro del cementerio de Collserola<\/p>\n<p>                         Ampliar<\/p>\n<p>                <img loading=\"lazy\" decoding=\"async\" data-full-src=\"https:\/\/www.lavanguardia.com\/uploads\/2025\/11\/07\/690df900cc719.jpeg\" alt=\"Deterioro del cementerio de Collserola.\" width=\"449\" height=\"337\" src=\"https:\/\/www.europesays.com\/es\/wp-content\/uploads\/2025\/11\/690df900cc719.jpeg\" class=\"lazy\"\/><\/p>\n<p class=\"caption-title \">Deterioro del cementerio de Collserola.<\/p>\n<p>                    Carmen Mingo Fabregat<\/p>\n<p>                         Ampliar<\/p>\n<p>                <img loading=\"lazy\" decoding=\"async\" data-full-src=\"https:\/\/www.lavanguardia.com\/uploads\/2025\/11\/07\/690df8ffe539d.jpeg\" alt=\"Deterioro del cementerio de Collserola.\" width=\"449\" height=\"337\" src=\"https:\/\/www.europesays.com\/es\/wp-content\/uploads\/2025\/11\/690df8ffe539d.jpeg\" class=\"lazy\"\/><\/p>\n<p class=\"caption-title \">Hierbas subiendo por los nichos del cementerio de Collserola.<\/p>\n<p>                    Carmen Mingo Fabregat<\/p>\n<p data-gtm-element-container=\"modulo-texto-link\" class=\"paragraph\">El pasado 1 de noviembre, con motivo de la festividad de Todos los Santos, acudimos a visitar a nuestros difuntos en el cementerio de Collserola. Las im\u00e1genes\u00a0 muestran el estado en el que se encuentra el camposanto: concesiones en mal estado que seg\u00fan indica Serveis Funeraris de Barcelona van a ser reparadas, nichos con cristales rotos y hierbas en el interior, hierbas que sobrepasan la altura de un nicho de primera planta, flores secas sin retirar, \u00e1rboles que deber\u00edan ser podados&#8230;y otros que presentan una inclinaci\u00f3n que denota un riesgo de ca\u00edda, da\u00f1ando lo que pueda haber a su alrededor. En resumen, una falta de mantenimiento que no es admisible. Estas im\u00e1genes se vienen sucediendo desde hace tiempo y se han puesto en conocimiento de la empresa gestora mediante un escrito. La respuesta que recibimos fue que pondr\u00edan remedio a los problemas comentados, pero ya se ve que no se ha solucionado nada y siguen siendo evidentes a\u00fan m\u00e1s en fechas tan se\u00f1aladas como la del s\u00e1bado pasado. \u00bfSe merecen nuestros difuntos un espacio en estas condiciones? \u00bfEs acorde este mantenimiento a las tasas que se abonan para que estos espacios est\u00e9n cuidados de cara a todos?<\/p>\n<p>8. Osvaldo Bronstein<br \/>\nTiendas de campa\u00f1a en la playa<\/p>\n<p>                         Ampliar<\/p>\n<p>                <img loading=\"lazy\" decoding=\"async\" data-full-src=\"https:\/\/www.lavanguardia.com\/uploads\/2025\/11\/07\/690df9795d953.jpeg\" alt=\"Tiendas de campa\u00f1a para vivir en la playa de la Barceloneta.\" width=\"449\" height=\"337\" src=\"https:\/\/www.europesays.com\/es\/wp-content\/uploads\/2025\/11\/690df9795d953.jpeg\" class=\"lazy\"\/><\/p>\n<p class=\"caption-title \">Tiendas de campa\u00f1a para vivir en la playa de la Barceloneta.<\/p>\n<p>                    Osvaldo Bronstein<\/p>\n<p>9.\u00a0Gonzalo de Miguel Renedo<br \/>\nLa luna al final del t\u00fanel<\/p>\n<p>                <img loading=\"lazy\" decoding=\"async\" data-full-src=\"https:\/\/www.lavanguardia.com\/uploads\/2025\/11\/07\/690dfa014fa3e.png\" alt=\"La luna al final del t\u00fanel.\" width=\"449\" height=\"337\" src=\"https:\/\/www.europesays.com\/es\/wp-content\/uploads\/2025\/11\/690dfa014fa3e.png\" class=\"lazy\"\/><\/p>\n<p class=\"caption-title \">La luna al final del t\u00fanel.<\/p>\n<p>                    Gonzalo de Miguel Renedo<\/p>\n<p data-gtm-element-container=\"modulo-texto-link\" class=\"paragraph\">Muestro la luna rodeada de oscuridad. Semeja ese punto de luz al otro lado del t\u00fanel, ese que dicen que se ve en las experiencias cercanas a la muerte. En fin, la luna al final del t\u00fanel.\u00a0Tomada junto al parque del Ebro, en Logro\u00f1o.<\/p>\n<p>10.\u00a0Ricard Valois<br \/>\nEl p\u00e1jaro de Gaud\u00ed<\/p>\n<p>                         Ampliar<\/p>\n<p>                <img loading=\"lazy\" decoding=\"async\" data-full-src=\"https:\/\/www.lavanguardia.com\/uploads\/2025\/11\/07\/690dfa59b5444.jpeg\" alt=\"Controlando las obras de la Sagrada Familia.\" width=\"449\" height=\"599\" src=\"https:\/\/www.europesays.com\/es\/wp-content\/uploads\/2025\/11\/690dfa59b5444.jpeg\" class=\"lazy\"\/><\/p>\n<p class=\"caption-title \">Controlando las obras de la Sagrada Familia.<\/p>\n<p>                    Ricard Valois Oliva<\/p>\n<p>    Lee tambi\u00e9n<\/p>\n<p><a href=\"https:\/\/www.lavanguardia.com\/participacion\/20210124\/6185893\/guia-normas-participacion-comunidad-lectores-vanguardia.html\" target=\"_blank\" rel=\"nofollow noopener\">\u25a0 \u00bfC\u00d3MO PUEDO PARTICIPAR EN LA COMUNIDAD DE LA VANGUARDIA?<\/a><\/p>\n<p>El Buz\u00f3n del Lector<br \/>\n\u00bfTienes una foto curiosa para compartir?<\/p>\n<p data-gtm-element-container=\"modulo-texto-link\" class=\"paragraph\">Si tienes una fotograf\u00eda con historia o con una experiencia que crees que vale la pena dar a conocer o compartir con el resto de lectores de La Vanguardia, te invitamos a participar en El Buz\u00f3n del Lector a trav\u00e9s de Las Fotos de los Lectores. Env\u00eda tu fotograf\u00eda, adjuntando tus datos personales, al correo: participaci\u00f3n@lavanguardia.es.<\/p>\n","protected":false},"excerpt":{"rendered":"* Los autores forman parte de la comunidad de lectores de La Vanguardia De la escultura invisible al&hellip;\n","protected":false},"author":2,"featured_media":228897,"comment_status":"","ping_status":"","sticky":false,"template":"","format":"standard","meta":{"footnotes":""},"categories":[173],"tags":[229,233,231,230,232,234,146,147,25,24,23],"class_list":{"0":"post-228896","1":"post","2":"type-post","3":"status-publish","4":"format-standard","5":"has-post-thumbnail","7":"category-arte-y-diseno","8":"tag-arte","9":"tag-arte-y-diseno","10":"tag-arts","11":"tag-arts-and-design","12":"tag-design","13":"tag-diseno","14":"tag-entertainment","15":"tag-entretenimiento","16":"tag-es","17":"tag-espana","18":"tag-spain"},"share_on_mastodon":{"url":"https:\/\/pubeurope.com\/@es\/115526452495608277","error":""},"_links":{"self":[{"href":"https:\/\/www.europesays.com\/es\/wp-json\/wp\/v2\/posts\/228896","targetHints":{"allow":["GET"]}}],"collection":[{"href":"https:\/\/www.europesays.com\/es\/wp-json\/wp\/v2\/posts"}],"about":[{"href":"https:\/\/www.europesays.com\/es\/wp-json\/wp\/v2\/types\/post"}],"author":[{"embeddable":true,"href":"https:\/\/www.europesays.com\/es\/wp-json\/wp\/v2\/users\/2"}],"replies":[{"embeddable":true,"href":"https:\/\/www.europesays.com\/es\/wp-json\/wp\/v2\/comments?post=228896"}],"version-history":[{"count":0,"href":"https:\/\/www.europesays.com\/es\/wp-json\/wp\/v2\/posts\/228896\/revisions"}],"wp:featuredmedia":[{"embeddable":true,"href":"https:\/\/www.europesays.com\/es\/wp-json\/wp\/v2\/media\/228897"}],"wp:attachment":[{"href":"https:\/\/www.europesays.com\/es\/wp-json\/wp\/v2\/media?parent=228896"}],"wp:term":[{"taxonomy":"category","embeddable":true,"href":"https:\/\/www.europesays.com\/es\/wp-json\/wp\/v2\/categories?post=228896"},{"taxonomy":"post_tag","embeddable":true,"href":"https:\/\/www.europesays.com\/es\/wp-json\/wp\/v2\/tags?post=228896"}],"curies":[{"name":"wp","href":"https:\/\/api.w.org\/{rel}","templated":true}]}}