{"id":228954,"date":"2025-11-10T17:34:08","date_gmt":"2025-11-10T17:34:08","guid":{"rendered":"https:\/\/www.europesays.com\/es\/228954\/"},"modified":"2025-11-10T17:34:08","modified_gmt":"2025-11-10T17:34:08","slug":"el-acta-arbitral-del-atp-tudelano-jaen-refleja-un-incidente-con-ramon-lazaro","status":"publish","type":"post","link":"https:\/\/www.europesays.com\/es\/228954\/","title":{"rendered":"El acta arbitral del ATP Tudelano-Ja\u00e9n refleja un incidente con Ram\u00f3n L\u00e1zaro"},"content":{"rendered":"<p>\n        El <a href=\"https:\/\/www.noticiasdenavarra.com\/tags\/ribera-navarra-fs\/\" title=\"ATP Iluminaci\u00f3n Ribera Navarra\" target=\"_blank\" class=\"link copy\" rel=\"nofollow noopener\">ATP Iluminaci\u00f3n Ribera Navarra<\/a> perdi\u00f3 el pasado s\u00e1bado en el<strong> Ciudad de Tudela por 2-3 ante el Ja\u00e9n Para\u00edso Interior<\/strong>, con un gol de Joao Sala de doble penalti casi al finalizar el partido (m.39), que <strong>supuso adem\u00e1s la expulsi\u00f3n de Malaguti al ver su segunda tarjeta amarilla<\/strong>. Una decisi\u00f3n que fue bastante protestada por parte local, que ve\u00eda c\u00f3mo se le escapaba el encuentro y condenaba a su equipo a continuar en puestos de descenso una jornada m\u00e1s.\n<\/p>\n<p class=\"article-body__text \">\n        Sin embargo, el malestar no qued\u00f3 ah\u00ed, una vez concluyeron los 40 minutos reglamentarios de juego. A<strong>lberto Carri\u00f3n y Jes\u00fas Almeida, \u00e1rbitros del partido y que pertenecen al Comit\u00e9 Vasco, reflejaron en su acta un incidente posterior <\/strong>con el presidente de la entidad, <a href=\"https:\/\/www.noticiasdenavarra.com\/tags\/ramon-lazaro\/\" title=\"Ram\u00f3n L\u00e1zaro\" target=\"_blank\" class=\"link copy\" rel=\"nofollow noopener\">Ram\u00f3n L\u00e1zaro<\/a>. Seg\u00fan recogieron en el apartado de &#8216;Otras observaciones o ampliaciones a las anteriores&#8217;, los colegiados especificaron lo siguiente: \u201cUna vez finalizado el encuentro, mientras nos disponemos a entrar al vestuario arbitral, estando la puerta del vestuario entreabierta, aparece de imprevisto una persona, siendo identificada como el presidente del ATP Iluminaci\u00f3n Tudelano Ribera Navarra FS, y <strong>r\u00e1pidamente empuja con uno de sus brazos con mucha intensidad en el pecho a uno de los \u00e1rbitros, haci\u00e9ndole perder la estabilidad oblig\u00e1ndole a dar dos pasos hacia atr\u00e1s para no caerse.<\/strong> Tras ello, desaparece de la zona del vestuario sujetado por varias personas que se encontraban en la zona, teniendo que ser requerida la <strong>presencia de las fuerzas de orden p\u00fablico<\/strong> (Polic\u00eda Nacional).\n<\/p>\n<p class=\"article-body__text \">\n        La derrota ante el Ja\u00e9n supone un nuevo jarro de agua fr\u00eda para el ATP Iluminaci\u00f3n Ribera Navarra, que actualmente es pen\u00faltimo en la clasificaci\u00f3n con cinco puntos, a tres de la permanencia y a dos del Alzira, colista de la competici\u00f3n.<\/p>\n","protected":false},"excerpt":{"rendered":"El ATP Iluminaci\u00f3n Ribera Navarra perdi\u00f3 el pasado s\u00e1bado en el Ciudad de Tudela por 2-3 ante el&hellip;\n","protected":false},"author":2,"featured_media":228955,"comment_status":"","ping_status":"","sticky":false,"template":"","format":"standard","meta":{"footnotes":""},"categories":[274],"tags":[11321,14270,1691,168,25,24,3619,23,167,327,326,16026],"class_list":{"0":"post-228954","1":"post","2":"type-post","3":"status-publish","4":"format-standard","5":"has-post-thumbnail","7":"category-tenis","8":"tag-acta","9":"tag-arbitral","10":"tag-atp","11":"tag-deportes","12":"tag-es","13":"tag-espana","14":"tag-jaen","15":"tag-spain","16":"tag-sports","17":"tag-tenis","18":"tag-tennis","19":"tag-tudelano"},"share_on_mastodon":{"url":"https:\/\/pubeurope.com\/@es\/115526609413435889","error":""},"_links":{"self":[{"href":"https:\/\/www.europesays.com\/es\/wp-json\/wp\/v2\/posts\/228954","targetHints":{"allow":["GET"]}}],"collection":[{"href":"https:\/\/www.europesays.com\/es\/wp-json\/wp\/v2\/posts"}],"about":[{"href":"https:\/\/www.europesays.com\/es\/wp-json\/wp\/v2\/types\/post"}],"author":[{"embeddable":true,"href":"https:\/\/www.europesays.com\/es\/wp-json\/wp\/v2\/users\/2"}],"replies":[{"embeddable":true,"href":"https:\/\/www.europesays.com\/es\/wp-json\/wp\/v2\/comments?post=228954"}],"version-history":[{"count":0,"href":"https:\/\/www.europesays.com\/es\/wp-json\/wp\/v2\/posts\/228954\/revisions"}],"wp:featuredmedia":[{"embeddable":true,"href":"https:\/\/www.europesays.com\/es\/wp-json\/wp\/v2\/media\/228955"}],"wp:attachment":[{"href":"https:\/\/www.europesays.com\/es\/wp-json\/wp\/v2\/media?parent=228954"}],"wp:term":[{"taxonomy":"category","embeddable":true,"href":"https:\/\/www.europesays.com\/es\/wp-json\/wp\/v2\/categories?post=228954"},{"taxonomy":"post_tag","embeddable":true,"href":"https:\/\/www.europesays.com\/es\/wp-json\/wp\/v2\/tags?post=228954"}],"curies":[{"name":"wp","href":"https:\/\/api.w.org\/{rel}","templated":true}]}}