{"id":228988,"date":"2025-11-10T17:57:13","date_gmt":"2025-11-10T17:57:13","guid":{"rendered":"https:\/\/www.europesays.com\/es\/228988\/"},"modified":"2025-11-10T17:57:13","modified_gmt":"2025-11-10T17:57:13","slug":"la-cosecha-espanola-en-itf-y-challenger-supera-los-130-titulos-en-2025","status":"publish","type":"post","link":"https:\/\/www.europesays.com\/es\/228988\/","title":{"rendered":"La cosecha espa\u00f1ola en ITF y Challenger supera los 130 t\u00edtulos en 2025"},"content":{"rendered":"<p data-mrf-recirculation=\"Links P\u00e1rrafos\" class=\"ue-c-article__paragraph paragraph ue-c-article--first-letter-highlighted\">El tenis profesional espa\u00f1ol, en sus niveles m\u00e1s modestos, los correspondientes a los circuitos <strong>ITF, Challenger ATP y WTA 125<\/strong>, est\u00e1 afrontando la recta final de 2025 en una forma extraordinaria. Esta pasada semana ha celebrado hasta <strong>cinco t\u00edtulo<\/strong>s. Sumado tambi\u00e9n el de la semana anterior de Rafa <strong>J\u00f3dar<\/strong>, el palmar\u00e9s colectivo espa\u00f1ol de este a\u00f1o alcanza los <strong>131 t\u00edtulos<\/strong> en todos estos circuitos.<\/p>\n<p data-mrf-recirculation=\"Links P\u00e1rrafos\" class=\"ue-c-article__paragraph paragraph\">En el circuito ITF femenino, en el W35 de <strong>Faro <\/strong>(Portugal), t\u00edtulo individual de Marina <strong>Bassols <\/strong>(9\u00ba ITF), venciendo en la final a\u00a0a la neerlandesa Britt Du Pree, procedente de la fase previa, por 1-6 6-2 6-1, y semifinales de \u00c1ngela <strong>Fita<\/strong>. En el W15 de <strong>Castell\u00f3n<\/strong>, final de Mar\u00eda <strong>Garc\u00eda<\/strong>, semifinales de Cristina <strong>D\u00edaz <\/strong>y cuartos de Celia <strong>Cervi\u00f1o<\/strong>, Luc\u00eda <strong>Cortez<\/strong>, Charo <strong>Esquiva <\/strong>y Neus <strong>Torner<\/strong>; en dobles, t\u00edtulo de Noelia <strong>Bouz\u00f3 <\/strong>(12\u00ba suyo), final de <strong>Cervi\u00f1o <\/strong>y semifinales de Sara <strong>Dols<\/strong>, Claudia <strong>Ferrer<\/strong>, Luc\u00eda <strong>Natal<\/strong> y Luc\u00eda <strong>Ros<\/strong>. Y en el W15 de Lincoln (EEUU), semifinales de dobles de Isabel <strong>Adrover<\/strong>.<\/p>\n<p data-mrf-recirculation=\"Links P\u00e1rrafos\" class=\"ue-c-article__paragraph paragraph\">En el circuito masculino, en el M25 de <strong>Valencia<\/strong>, t\u00edtulo de Carlos <strong>S\u00e1nchez <\/strong>Jover (8\u00ba), derrotando en la final a Pedro <strong>R\u00f3denas <\/strong>1-6, 6-4, 6-1, semifinales de Miguel <strong>Damas <\/strong>y cuartos de Javier <strong>Barranco<\/strong>; en dobles, t\u00edtulo de Mario <strong>Mansilla <\/strong>(9\u00ba) y Benjam\u00edn Winter (18\u00ba), final de Ignasi <strong>Forcano <\/strong>y semifinales de Alberto <strong>Garc\u00eda <\/strong>y Carlos <strong>L\u00f3pez<\/strong>. En el M25 de <strong>Monastir <\/strong>(T\u00fanez), semifinales de Alejandro <strong>Moro<\/strong>. En el M25 de <strong>Guadalajara <\/strong>(M\u00e9xico), semifinales de Mat\u00edas <strong>Ponce <\/strong>y en el M15 de <strong>Manama <\/strong>(Bahr\u00e9in), semifinales individuales y t\u00edtulo de dobles de Iv\u00e1n <strong>Marrero<\/strong> (8\u00ba).<\/p>\n<p><img decoding=\"async\" width=\"946\" height=\"630\" class=\"ue-c-article__image lazyload\" alt=\"Final de Valencia entre Carlos S\u00e1nchez y Pedro R\u00f3denas\" loading=\"lazy\" src=\"https:\/\/www.europesays.com\/es\/wp-content\/uploads\/2025\/11\/6912068421c59.jpeg\"\/><\/p>\n<p>Final de Valencia entre Carlos S\u00e1nchez y Pedro R\u00f3denas<\/p>\n<p data-mrf-recirculation=\"Links P\u00e1rrafos\" class=\"ue-c-article__paragraph paragraph\">En el circuito <strong>Challenger<\/strong>, en el 50 de <strong>Knoxville <\/strong>(EEUU), cuartos de final individuales y semifinales de dobles de I\u00f1aki <strong>Montes<\/strong>.<\/p>\n<p data-mrf-recirculation=\"Links P\u00e1rrafos\" class=\"ue-c-article__paragraph paragraph\">Y en el circuito WTA 125k Series, en <strong>Tucum\u00e1n <\/strong>(Argentina), final de dobles de Alicia <strong>Herrero<\/strong>.<\/p>\n<p data-mrf-recirculation=\"Links P\u00e1rrafos\" class=\"ue-c-article__paragraph paragraph\">Una semana antes,\u00a0 en el circuito ITF femenino, en el W75 de <strong>Glasgow <\/strong>(Escocia), cuartos de final de Kaitlin <strong>Quevedo<\/strong>. En el W35 de <strong>Loul\u00e9 <\/strong>(Portugal), semifinales de dobles de Ruth <strong>Roura<\/strong> y en el W15 de <strong>Sumter <\/strong>(EEUU), semifinales de dobles de Cayetana <strong>Gay<\/strong>.<\/p>\n<p data-mrf-recirculation=\"Links P\u00e1rrafos\" class=\"ue-c-article__paragraph paragraph\">En el circuito ITF masculino, en el M25 de <strong>Sintra <\/strong>(Portugal), semifinales individuales de Rafael <strong>Izquierdo<\/strong>; en dobles, final de <strong>Izquierdo<\/strong> y semifinales de Tom\u00e1s <strong>Curr\u00e1s<\/strong>.\u00a0 En el M25 <strong>Harlingen <\/strong>(EEUU), t\u00edtulos individual y de dobles de \u00c0lex <strong>Mart\u00ednez <\/strong>(segundo individual y cuarto de dobles). En la final individual venci\u00f3 al brit\u00e1nico Aidan McHugh 6-3 2-6 6-4. En el M15 de <strong>Bol <\/strong>(Croacia), semifinales de dobles de \u00c1lvaro <strong>Bueno <\/strong>y en el M25 <strong>Qiandaohu<\/strong> (China) t\u00edtulo de dobles de Ignasi <strong>Forcano<\/strong> (sexto, todos en 2025).<\/p>\n<p data-mrf-recirculation=\"Links P\u00e1rrafos\" class=\"ue-c-article__paragraph paragraph\">En el circuito Challenger, en el 75 de <strong>Charlottesville <\/strong>(EEUU), t\u00edtulo individual de Rafael <strong>J\u00f3dar <\/strong>(tercer Challenger, todos en 2025). Venci\u00f3 de nuevo a Martin Damm Jr., por 6-3, 7-6. Alcanz\u00f3 su mejor clasificaci\u00f3n,\u00a0ascendiendo al 166 ATP. En el 50 de <strong>Monastir <\/strong>(T\u00fanez), semifinales de Alejandro <strong>Moro<\/strong>.<\/p>\n<p data-mrf-recirculation=\"Links P\u00e1rrafos\" class=\"ue-c-article__paragraph paragraph\">Por \u00faltimo, en paralelo a<strong>l Masters 1000 de Par\u00eds<\/strong> se disput\u00f3 un cuadro ITF1 de <strong>tenis en silla <\/strong>con semifinales individuales de Dani <strong>Caverzaschi<\/strong> y t\u00edtulo de dobles de Mart\u00edn<strong> De la Puente<\/strong> (8\u00ba del a\u00f1o, 55\u00ba total y 18\u00ba ITF1).<\/p>\n","protected":false},"excerpt":{"rendered":"El tenis profesional espa\u00f1ol, en sus niveles m\u00e1s modestos, los correspondientes a los circuitos ITF, Challenger ATP y&hellip;\n","protected":false},"author":2,"featured_media":228989,"comment_status":"","ping_status":"","sticky":false,"template":"","format":"standard","meta":{"footnotes":""},"categories":[274],"tags":[168,25,24,23,167,327,326],"class_list":{"0":"post-228988","1":"post","2":"type-post","3":"status-publish","4":"format-standard","5":"has-post-thumbnail","7":"category-tenis","8":"tag-deportes","9":"tag-es","10":"tag-espana","11":"tag-spain","12":"tag-sports","13":"tag-tenis","14":"tag-tennis"},"share_on_mastodon":{"url":"https:\/\/pubeurope.com\/@es\/115526700197871211","error":""},"_links":{"self":[{"href":"https:\/\/www.europesays.com\/es\/wp-json\/wp\/v2\/posts\/228988","targetHints":{"allow":["GET"]}}],"collection":[{"href":"https:\/\/www.europesays.com\/es\/wp-json\/wp\/v2\/posts"}],"about":[{"href":"https:\/\/www.europesays.com\/es\/wp-json\/wp\/v2\/types\/post"}],"author":[{"embeddable":true,"href":"https:\/\/www.europesays.com\/es\/wp-json\/wp\/v2\/users\/2"}],"replies":[{"embeddable":true,"href":"https:\/\/www.europesays.com\/es\/wp-json\/wp\/v2\/comments?post=228988"}],"version-history":[{"count":0,"href":"https:\/\/www.europesays.com\/es\/wp-json\/wp\/v2\/posts\/228988\/revisions"}],"wp:featuredmedia":[{"embeddable":true,"href":"https:\/\/www.europesays.com\/es\/wp-json\/wp\/v2\/media\/228989"}],"wp:attachment":[{"href":"https:\/\/www.europesays.com\/es\/wp-json\/wp\/v2\/media?parent=228988"}],"wp:term":[{"taxonomy":"category","embeddable":true,"href":"https:\/\/www.europesays.com\/es\/wp-json\/wp\/v2\/categories?post=228988"},{"taxonomy":"post_tag","embeddable":true,"href":"https:\/\/www.europesays.com\/es\/wp-json\/wp\/v2\/tags?post=228988"}],"curies":[{"name":"wp","href":"https:\/\/api.w.org\/{rel}","templated":true}]}}