{"id":228990,"date":"2025-11-10T17:58:25","date_gmt":"2025-11-10T17:58:25","guid":{"rendered":"https:\/\/www.europesays.com\/es\/228990\/"},"modified":"2025-11-10T17:58:25","modified_gmt":"2025-11-10T17:58:25","slug":"premier-tech-anuncia-por-sorpresa-que-abandona-el-patrocinio-del-equipo-israel","status":"publish","type":"post","link":"https:\/\/www.europesays.com\/es\/228990\/","title":{"rendered":"Premier Tech anuncia por sorpresa que abandona el patrocinio del equipo Israel"},"content":{"rendered":"<p>El equipo Israel Premier Tech ha recibido un golpe duro y sorprendente. La empresa Premier Tech ha anunciado en una nota de prensa su decisi\u00f3n de interrumpir de forma abrupta el patrocinio del equipo Israel-Premier Tech, formaci\u00f3n en la que era su segundo sponsor principal y decisi\u00f3n que llega en la fase final del proceso de inscripci\u00f3n ante la Uni\u00f3n Ciclista Internacional.<\/p>\n<p>Premier Tech ha explicado en su comunicado oficial: \u00abDespu\u00e9s de muchas discusiones con el equipo y tras analizar todas las circunstancias, <strong>Premier Tech ha decidido retirarse de su condici\u00f3n de copatrocinador con efecto inmediato<\/strong>\u00ab. La nueva posici\u00f3n de Premier Tech acabar\u00e1 seguramente en los tribunales de justicia de Canad\u00e1, puesto que hay un contrato firmado entre las partes y v\u00e1lido, al menos, para 2026.<\/p>\n<p>En su explicaci\u00f3n, Premier Tech reconoce que el equipo ha cambiado de nombre para 2026, pero no parece ser suficiente: \u00abAunque tomamos nota de la decisi\u00f3n del equipo de cambiar su nombre para la temporada 2026, la raz\u00f3n fundamental por la que Premier Tech patrocinaba al equipo <strong>ha quedado eclipsada hasta tal punto que nos resulta insostenible continuar como patrocinadores<\/strong>. En primer lugar, queremos dar las gracias al equipo, a los ciclistas y al personal, por las cuatro temporadas inolvidables que hemos pasado a su lado, y reconocer sus incre\u00edbles logros y su profesionalidad, tanto dentro como fuera de la carretera\u00bb.<\/p>\n<p>Adem\u00e1s, Premier Tech ampl\u00eda: \u00ab<strong>Llevamos 30 a\u00f1os dedic\u00e1ndonos al ciclismo<\/strong>, pero, sobre todo, desde 1923 nos apasionan nuestras industrias, nuestros mercados, nuestros clientes y los miembros de nuestro equipo. Ellos son el n\u00facleo de nuestro prop\u00f3sito y la raz\u00f3n de ser de Premier Tech. Queremos que cada uno de estos actores se sienta entusiasmado y orgulloso de estar asociado con Premier Tech, sus marcas, sus productos y sus servicios\u00bb.<\/p>\n","protected":false},"excerpt":{"rendered":"El equipo Israel Premier Tech ha recibido un golpe duro y sorprendente. La empresa Premier Tech ha anunciado&hellip;\n","protected":false},"author":2,"featured_media":228991,"comment_status":"","ping_status":"","sticky":false,"template":"","format":"standard","meta":{"footnotes":""},"categories":[273],"tags":[313,312,168,25,24,23,167],"class_list":{"0":"post-228990","1":"post","2":"type-post","3":"status-publish","4":"format-standard","5":"has-post-thumbnail","7":"category-ciclismo","8":"tag-ciclismo","9":"tag-cycling","10":"tag-deportes","11":"tag-es","12":"tag-espana","13":"tag-spain","14":"tag-sports"},"share_on_mastodon":{"url":"https:\/\/pubeurope.com\/@es\/115526703744636945","error":""},"_links":{"self":[{"href":"https:\/\/www.europesays.com\/es\/wp-json\/wp\/v2\/posts\/228990","targetHints":{"allow":["GET"]}}],"collection":[{"href":"https:\/\/www.europesays.com\/es\/wp-json\/wp\/v2\/posts"}],"about":[{"href":"https:\/\/www.europesays.com\/es\/wp-json\/wp\/v2\/types\/post"}],"author":[{"embeddable":true,"href":"https:\/\/www.europesays.com\/es\/wp-json\/wp\/v2\/users\/2"}],"replies":[{"embeddable":true,"href":"https:\/\/www.europesays.com\/es\/wp-json\/wp\/v2\/comments?post=228990"}],"version-history":[{"count":0,"href":"https:\/\/www.europesays.com\/es\/wp-json\/wp\/v2\/posts\/228990\/revisions"}],"wp:featuredmedia":[{"embeddable":true,"href":"https:\/\/www.europesays.com\/es\/wp-json\/wp\/v2\/media\/228991"}],"wp:attachment":[{"href":"https:\/\/www.europesays.com\/es\/wp-json\/wp\/v2\/media?parent=228990"}],"wp:term":[{"taxonomy":"category","embeddable":true,"href":"https:\/\/www.europesays.com\/es\/wp-json\/wp\/v2\/categories?post=228990"},{"taxonomy":"post_tag","embeddable":true,"href":"https:\/\/www.europesays.com\/es\/wp-json\/wp\/v2\/tags?post=228990"}],"curies":[{"name":"wp","href":"https:\/\/api.w.org\/{rel}","templated":true}]}}