{"id":228998,"date":"2025-11-10T18:03:10","date_gmt":"2025-11-10T18:03:10","guid":{"rendered":"https:\/\/www.europesays.com\/es\/228998\/"},"modified":"2025-11-10T18:03:10","modified_gmt":"2025-11-10T18:03:10","slug":"abre-al-publico-la-residencia-artistica-de-la-casa-museo-picasso-en-a-coruna","status":"publish","type":"post","link":"https:\/\/www.europesays.com\/es\/228998\/","title":{"rendered":"Abre al p\u00fablico la residencia art\u00edstica de la Casa Museo Picasso en A Coru\u00f1a"},"content":{"rendered":"<p><img decoding=\"async\" width=\"1280\" height=\"732\" fetchpriority=\"high\" alt=\"In\u00e9s Rey, durante su visita a la Casa Picasso\" src=\"https:\/\/www.europesays.com\/es\/wp-content\/uploads\/2025\/11\/6912075703ed5.jpeg\"\/><\/p>\n<p>In\u00e9s Rey, durante su visita a la Casa Picasso<\/p>\n<p>Ayuntamiento de A Coru\u00f1a<\/p>\n<p class=\"\">Todo el mundo tiene que renovar su estilo, y<b> Pablo Picasso<\/b>\u00a0lo sab\u00eda bien. Probablemente \u00e9l dar\u00eda el visto bueno a la reforma de 130.000 euros que se ha hecho en su <b>antigua casa coru\u00f1esa, la del n\u00famero 4 de Payo G\u00f3mez<\/b>. Aunque el segundo piso, el que contiene su antigua residencia, se ha mantenido intacto, el resto de la casa ha sufrido una remodelaci\u00f3n para acoger una residencia de artistas. Todo el primer piso ahora est\u00e1 pintado de un blanco inmaculado, como un lienzo por comenzar.\u00a0<\/p>\n<p class=\"\">La idea, como explic\u00f3 la<b> alcaldesa, In\u00e9s Rey,<\/b> era recuperar el edificio como \u00ablugar \u00fatil e vivo\u00bb. Se renovaron las estructuras interiores y se adapt\u00f3 a los est\u00e1ndares de funcionalidad (forjados, carpinter\u00edas, medidas antiincendios) y tambi\u00e9n todo el mobiliario de la primera planta. En las pr\u00f3ximas semanas el lugar acoger\u00e1 unos<b> talleres art\u00edsticos de Gosia Trebacz<\/b> inspirados en el di\u00e1logo entre Pablo Picasso y Alexander Calder.\u00a0<\/p>\n<p class=\"\">Est\u00e1n dirigidos a p\u00fablico infantil y adulto, que realizar\u00e1n dise\u00f1os personalizados en camisetas y crear\u00e1n esculturas m\u00f3viles. Todos esos trabajos se expondr\u00e1n en la sala de exposiciones de la planta baja. El objetivo es fomentar la vinculaci\u00f3n de Picasso con la ciudad. \u00abQueremos seguir reivindicando a etapa de Picasso na Coru\u00f1a\u00bb, declar\u00f3 Rey.\u00a0\u00a0<\/p>\n<p class=\"\">La <b>fachada <\/b>todav\u00eda est\u00e1 cubierta por andamios, pero la obra interior ya est\u00e1 finalizada. Como se\u00f1al\u00f3 el <b>director del \u00e1rea de Cultura, Ux\u00edo Novo Rey<\/b>, los museos actualmente no son solo \u00abun mausoleo de patrimonio\u00bb si no tambi\u00e9n \u00abcentros culturais vivos\u00bb. El primer piso tiene un formato dom\u00e9stico precisamente por ese motivo. \u00abOs museos te\u00f1en que ser casas, e ter todo tipo de servizos\u00bb. De esta manera, los artistas pueden pasar aqu\u00ed toda la jornada, \u00absin pernocta\u00bb, puntualiz\u00f3 la alcaldesa.\u00a0<\/p>\n","protected":false},"excerpt":{"rendered":"In\u00e9s Rey, durante su visita a la Casa Picasso Ayuntamiento de A Coru\u00f1a Todo el mundo tiene que&hellip;\n","protected":false},"author":2,"featured_media":228999,"comment_status":"","ping_status":"","sticky":false,"template":"","format":"standard","meta":{"footnotes":""},"categories":[173],"tags":[229,233,231,230,232,234,146,147,25,24,23],"class_list":{"0":"post-228998","1":"post","2":"type-post","3":"status-publish","4":"format-standard","5":"has-post-thumbnail","7":"category-arte-y-diseno","8":"tag-arte","9":"tag-arte-y-diseno","10":"tag-arts","11":"tag-arts-and-design","12":"tag-design","13":"tag-diseno","14":"tag-entertainment","15":"tag-entretenimiento","16":"tag-es","17":"tag-espana","18":"tag-spain"},"share_on_mastodon":{"url":"https:\/\/pubeurope.com\/@es\/115526723553668473","error":""},"_links":{"self":[{"href":"https:\/\/www.europesays.com\/es\/wp-json\/wp\/v2\/posts\/228998","targetHints":{"allow":["GET"]}}],"collection":[{"href":"https:\/\/www.europesays.com\/es\/wp-json\/wp\/v2\/posts"}],"about":[{"href":"https:\/\/www.europesays.com\/es\/wp-json\/wp\/v2\/types\/post"}],"author":[{"embeddable":true,"href":"https:\/\/www.europesays.com\/es\/wp-json\/wp\/v2\/users\/2"}],"replies":[{"embeddable":true,"href":"https:\/\/www.europesays.com\/es\/wp-json\/wp\/v2\/comments?post=228998"}],"version-history":[{"count":0,"href":"https:\/\/www.europesays.com\/es\/wp-json\/wp\/v2\/posts\/228998\/revisions"}],"wp:featuredmedia":[{"embeddable":true,"href":"https:\/\/www.europesays.com\/es\/wp-json\/wp\/v2\/media\/228999"}],"wp:attachment":[{"href":"https:\/\/www.europesays.com\/es\/wp-json\/wp\/v2\/media?parent=228998"}],"wp:term":[{"taxonomy":"category","embeddable":true,"href":"https:\/\/www.europesays.com\/es\/wp-json\/wp\/v2\/categories?post=228998"},{"taxonomy":"post_tag","embeddable":true,"href":"https:\/\/www.europesays.com\/es\/wp-json\/wp\/v2\/tags?post=228998"}],"curies":[{"name":"wp","href":"https:\/\/api.w.org\/{rel}","templated":true}]}}