{"id":229006,"date":"2025-11-10T18:08:10","date_gmt":"2025-11-10T18:08:10","guid":{"rendered":"https:\/\/www.europesays.com\/es\/229006\/"},"modified":"2025-11-10T18:08:10","modified_gmt":"2025-11-10T18:08:10","slug":"la-planta-noble-y-el-vestuario-se-alejan-de-xabi","status":"publish","type":"post","link":"https:\/\/www.europesays.com\/es\/229006\/","title":{"rendered":"La planta noble y el vestuario se alejan de Xabi"},"content":{"rendered":"<p style=\"\">Cuando Xabi vio venir a <strong>Vinicius<\/strong> durante cincuenta metros, recorri\u00e9ndose todo el ancho del <strong>Bernab\u00e9u<\/strong>, en mitad de un cl\u00e1sico que a\u00fan estaba por ganar, y mont\u00f3 el numerito que mont\u00f3, Alonso no se imaginaba que <a href=\"https:\/\/www.abc.es\/deportes\/real-madrid\/xabi-perdona-vinicius-hablo-corazon-ninguna-represalia-20251031100902-nt.html\" target=\"_blank\" data-voc-vtm-id=\"in-text-traffic\" title=\"aquellos aspavientos y amenazas iban a ser lo menos da\u00f1ino\" data-mrf-link=\"www.abc.es\" rel=\"nofollow noopener\">aquellos aspavientos y amenazas iban a ser lo menos da\u00f1ino<\/a> &#8230;  de los d\u00edas venideros. Del pico emocional de volver a ganar al Bar\u00e7a, tras los cuatro manotazos de la pasada temporada, a la sima de confianza de sus escasos cinco meses como entrenador del Madrid. Xabi tiene un problema, o varios, y no son de f\u00e1cil soluci\u00f3n.<\/p>\n<p class=\"voc-p\" style=\"\">El principal es que su idea de f\u00fatbol, su libro de estilo, no casa con una parte de los jugadores, algunos de ellos muy importantes. A <strong>Alonso<\/strong> se le fich\u00f3 para que <a href=\"https:\/\/www.abc.es\/deportes\/real-madrid\/ancelotti-semana-clave-futuro-ultima-adios-madrid-20250427184618-nt.html\" target=\"_blank\" data-voc-vtm-id=\"in-text-traffic\" title=\"la \u00faltima temporada de Ancelotti no se repitiera\" data-mrf-link=\"www.abc.es\" rel=\"nofollow noopener\">la \u00faltima temporada de Ancelotti no se repitiera<\/a>. Jugadores desganados y desmotivados, sin muchas ganas de correr ni de defender, y un equipo poco trabajado, sin sinergias y sin la actitud que demanda una entidad como el Madrid. Hac\u00eda falta cierta mano dura, en lo disciplinario, en lo t\u00e1ctico, en lo f\u00edsico y en lo mental. Por eso se produjo el relevo.<\/p>\n<p class=\"voc-p\" style=\"\">Xabi implement\u00f3 buena parte de sus ideas en el Mundial de Clubes, un torneo del que ahora reniega cuando los periodistas le preguntamos por \u00e9l, en un ejercicio de incomprensible amnesia que le hace bastante da\u00f1o. El Madrid de Xabi que m\u00e1s se ha parecido<strong> al Leverkusen de Xabi<\/strong> se vio en Estados Unidos, a pesar de que all\u00ed hab\u00eda un buen n\u00famero de jugadores ausentes. Por lesi\u00f3n, como Mbapp\u00e9, Militao o Carvajal; por baja forma, como Vini, Bellingham, Rodrygo o Trent; o por incorporaci\u00f3n tard\u00eda, como Mastantuono y Carreras. M\u00e1s de la mitad de su habitual once titular no compareci\u00f3 en el Mundial, y a\u00fan as\u00ed se vio a un Madrid renovado e ilusionante.<\/p>\n<p class=\"voc-p\" style=\"\">Presi\u00f3n alta, l\u00ednea muy adelantada, cambios de sistema, solidaridad y compromiso colectivo, irrupci\u00f3n de la cantera y un bloque compacto que a\u00fan en estado embrionario, y pese al revolc\u00f3n en semifinales contra el PSG, dej\u00f3 un buen sabor de boca al madridismo. Esa semilla sigui\u00f3 creciendo en los primeros partidos de esta temporada, pero poco a poco, y en silencio, el Madrid de Xabi ha ido recuperando esos viejos vicios que acabaron con Ancelotti. Una parte del vestuario no acaba de digerir sus exigencias ni su m\u00e9todo, y el caso<strong> Vinicius<\/strong> ha sido la excusa perfecta para que la plantilla vuelva a hacerse fuerte y recuerde que en el Madrid ellos siempre mandan m\u00e1s que el entrenador. En la primera gran pol\u00e9mica, <a href=\"https:\/\/www.abc.es\/deportes\/real-madrid\/vinicius-pide-perdon-xabi-alonso-20251029133424-nt.html\" target=\"_blank\" data-voc-vtm-id=\"in-text-traffic\" title=\"la planta noble ha elegido bando\" data-mrf-link=\"www.abc.es\" rel=\"nofollow noopener\">la planta noble ha elegido bando<\/a> y se ha puesto claramente del lado del brasile\u00f1o, que se permiti\u00f3 el lujo de nos disculparse p\u00fablicamente con su entrenador, con el consiguiente descr\u00e9dito para Alonso. El mensaje es transparente. <\/p>\n<p class=\"voc-p\" style=\"\">A este l\u00edo interno se le suma que desde el 5-2 del derbi, el <strong>Madrid de Xabi<\/strong> ya no ha sido el que fue. El cl\u00e1sico emerge como un asterisco en una din\u00e1mica sobradamente conocida. Equipo en bloque medio y bloque bajo, presi\u00f3n a cuentagotas y mal ejecutada, l\u00ednea defensiva desajustada, equipo partido, poco f\u00fatbol en la zona de creaci\u00f3n, poca actitud y compromiso, cambios pol\u00edticos y cantera invisible. Los buenos resultados, unido al mal inicio de temporada de Bar\u00e7a y Atl\u00e9tico, han tapado todos estos problemas, pero Anfield y Vallecas han desnudado una peligrosa inercia que deja a Alonso un tanto tocado. <\/p>\n<p class=\"voc-p\" style=\"\">Hay un dato que engloba este bajonazo. En la \u00faltima jornada de <strong>Champions<\/strong>, el Madrid fue el tercer equipo que menos corri\u00f3 de los 36 participantes. Y ante el Rayo, y pese a tener solo 67 horas de descanso, <a href=\"https:\/\/www.abc.es\/deportes\/real-madrid\/madrid-aburre-empata-vallecas-20251109181242-nt_amp.html\" target=\"_self\" data-voc-vtm-id=\"in-text-traffic\" title=\"el equipo de \u00cd\u00f1igo corri\u00f3 8 kil\u00f3metros m\u00e1s que el Madrid\" data-mrf-link=\"www.abc.es\" rel=\"nofollow noopener\">el equipo de \u00cd\u00f1igo corri\u00f3 8 kil\u00f3metros m\u00e1s que el Madrid<\/a>. Son solo cifras, pero dejan en muy mal lugar el rock&amp;roll que prometi\u00f3 que ser\u00eda su Madrid, y que \u00e9l ahora intenta tapar en una \u00faltimas comparecencias en las que cada vez es m\u00e1s seco, cortante y distante. Otra se\u00f1al defensiva de que vive su momento m\u00e1s delicado como t\u00e9cnico blanco.<\/p>\n","protected":false},"excerpt":{"rendered":"Cuando Xabi vio venir a Vinicius durante cincuenta metros, recorri\u00e9ndose todo el ancho del Bernab\u00e9u, en mitad de&hellip;\n","protected":false},"author":2,"featured_media":229007,"comment_status":"","ping_status":"","sticky":false,"template":"","format":"standard","meta":{"footnotes":""},"categories":[93],"tags":[50767,168,25,24,31286,1605,23,167,28690,1781],"class_list":{"0":"post-229006","1":"post","2":"type-post","3":"status-publish","4":"format-standard","5":"has-post-thumbnail","7":"category-deportes","8":"tag-alejan","9":"tag-deportes","10":"tag-es","11":"tag-espana","12":"tag-noble","13":"tag-planta","14":"tag-spain","15":"tag-sports","16":"tag-vestuario","17":"tag-xabi"},"share_on_mastodon":{"url":"https:\/\/pubeurope.com\/@es\/115526743094285956","error":""},"_links":{"self":[{"href":"https:\/\/www.europesays.com\/es\/wp-json\/wp\/v2\/posts\/229006","targetHints":{"allow":["GET"]}}],"collection":[{"href":"https:\/\/www.europesays.com\/es\/wp-json\/wp\/v2\/posts"}],"about":[{"href":"https:\/\/www.europesays.com\/es\/wp-json\/wp\/v2\/types\/post"}],"author":[{"embeddable":true,"href":"https:\/\/www.europesays.com\/es\/wp-json\/wp\/v2\/users\/2"}],"replies":[{"embeddable":true,"href":"https:\/\/www.europesays.com\/es\/wp-json\/wp\/v2\/comments?post=229006"}],"version-history":[{"count":0,"href":"https:\/\/www.europesays.com\/es\/wp-json\/wp\/v2\/posts\/229006\/revisions"}],"wp:featuredmedia":[{"embeddable":true,"href":"https:\/\/www.europesays.com\/es\/wp-json\/wp\/v2\/media\/229007"}],"wp:attachment":[{"href":"https:\/\/www.europesays.com\/es\/wp-json\/wp\/v2\/media?parent=229006"}],"wp:term":[{"taxonomy":"category","embeddable":true,"href":"https:\/\/www.europesays.com\/es\/wp-json\/wp\/v2\/categories?post=229006"},{"taxonomy":"post_tag","embeddable":true,"href":"https:\/\/www.europesays.com\/es\/wp-json\/wp\/v2\/tags?post=229006"}],"curies":[{"name":"wp","href":"https:\/\/api.w.org\/{rel}","templated":true}]}}