{"id":229034,"date":"2025-11-10T18:29:08","date_gmt":"2025-11-10T18:29:08","guid":{"rendered":"https:\/\/www.europesays.com\/es\/229034\/"},"modified":"2025-11-10T18:29:08","modified_gmt":"2025-11-10T18:29:08","slug":"the-black-crowes-confirman-dos-fechas-en-espana","status":"publish","type":"post","link":"https:\/\/www.europesays.com\/es\/229034\/","title":{"rendered":"The Black Crowes confirman dos fechas en Espa\u00f1a"},"content":{"rendered":"<p>La legendaria formaci\u00f3n norteamericana <strong>The Black Crowes<\/strong> ha confirmado dos fechas en nuestro pa\u00eds durante el mes de Julio, estar\u00e1n actuando en Alicante y en Madrid dentro del festival Mad Cool. The Black Crowes visitan una vez m\u00e1s nuestros escenarios formando parte de su gira europea y brindarnos la oportunidad de presenciar en directo a una de las bandas de rock m\u00e1s ic\u00f3nicas de las \u00faltimas d\u00e9cadas. La formaci\u00f3n m\u00e1s reciente de The Black Crowes sigue liderada por los <a href=\"https:\/\/www.dirtyrock.info\/2022\/10\/the-black-crowes-en-madrid-el-graznido-mas-esperado-de-los-cuervos\/\" rel=\"nofollow noopener\" target=\"_blank\">hermanos Robinson<\/a>, Chris (voz principal, arm\u00f3nica, guitarra, percusiones) y Rich (guitarra y coros) acompa\u00f1ados por Sven Pipien (bajo y coros), Nico Bereciart\u00faa (guitarra), Erik Deutsch (teclados) y Cully Symington (bater\u00eda).<\/p>\n<p>Desde su formaci\u00f3n en Atlanta en 1984, The Black Crowes han marcado un hito en el rock con discos tan emblem\u00e1ticos como \u201cShake Your Money Maker\u201d (1990) y \u201cThe Southern Harmony And Musical Companion\u201d (1992). Tras diversas etapas, bajas y regresos, la banda se reactiv\u00f3 nuevamente en 2019 y en Marzo de 2024 lanzaron su \u00e1lbum de estudio m\u00e1s reciente, \u201cHappiness Bastards\u201d. Esta nueva visita a nuestro pa\u00eds representa una nueva ocasi\u00f3n de disfrutar tanto de los temas cl\u00e1sicos que consagraron a la banda como de su propuesta m\u00e1s contempor\u00e1nea.\u00a0<\/p>\n<p><strong>THE BLACK CROWES ESPA\u00d1A 2026<\/strong><\/p>\n<p>8 Julio Alicante Area 12-Multiespacio Rabasa<\/p>\n<p>11 Julio Madrid Festival Mad Cool 2026<\/p>\n","protected":false},"excerpt":{"rendered":"La legendaria formaci\u00f3n norteamericana The Black Crowes ha confirmado dos fechas en nuestro pa\u00eds durante el mes de&hellip;\n","protected":false},"author":2,"featured_media":229035,"comment_status":"","ping_status":"","sticky":false,"template":"","format":"standard","meta":{"footnotes":""},"categories":[170],"tags":[60164,146,147,25,24,60076,60165,184,185,23,38241,60166,60167],"class_list":{"0":"post-229034","1":"post","2":"type-post","3":"status-publish","4":"format-standard","5":"has-post-thumbnail","7":"category-musica","8":"tag-area-12-alicante","9":"tag-entertainment","10":"tag-entretenimiento","11":"tag-es","12":"tag-espana","13":"tag-mad-cool-2026","14":"tag-multiespacio-rabasa","15":"tag-music","16":"tag-musica","17":"tag-spain","18":"tag-the-black-crowes","19":"tag-the-black-crowes-2026","20":"tag-the-black-crowes-espana-2026"},"share_on_mastodon":{"url":"https:\/\/pubeurope.com\/@es\/115526825645256538","error":""},"_links":{"self":[{"href":"https:\/\/www.europesays.com\/es\/wp-json\/wp\/v2\/posts\/229034","targetHints":{"allow":["GET"]}}],"collection":[{"href":"https:\/\/www.europesays.com\/es\/wp-json\/wp\/v2\/posts"}],"about":[{"href":"https:\/\/www.europesays.com\/es\/wp-json\/wp\/v2\/types\/post"}],"author":[{"embeddable":true,"href":"https:\/\/www.europesays.com\/es\/wp-json\/wp\/v2\/users\/2"}],"replies":[{"embeddable":true,"href":"https:\/\/www.europesays.com\/es\/wp-json\/wp\/v2\/comments?post=229034"}],"version-history":[{"count":0,"href":"https:\/\/www.europesays.com\/es\/wp-json\/wp\/v2\/posts\/229034\/revisions"}],"wp:featuredmedia":[{"embeddable":true,"href":"https:\/\/www.europesays.com\/es\/wp-json\/wp\/v2\/media\/229035"}],"wp:attachment":[{"href":"https:\/\/www.europesays.com\/es\/wp-json\/wp\/v2\/media?parent=229034"}],"wp:term":[{"taxonomy":"category","embeddable":true,"href":"https:\/\/www.europesays.com\/es\/wp-json\/wp\/v2\/categories?post=229034"},{"taxonomy":"post_tag","embeddable":true,"href":"https:\/\/www.europesays.com\/es\/wp-json\/wp\/v2\/tags?post=229034"}],"curies":[{"name":"wp","href":"https:\/\/api.w.org\/{rel}","templated":true}]}}