{"id":229036,"date":"2025-11-10T18:30:09","date_gmt":"2025-11-10T18:30:09","guid":{"rendered":"https:\/\/www.europesays.com\/es\/229036\/"},"modified":"2025-11-10T18:30:09","modified_gmt":"2025-11-10T18:30:09","slug":"leo-from-chicago-el-documental","status":"publish","type":"post","link":"https:\/\/www.europesays.com\/es\/229036\/","title":{"rendered":"\u00abLeo from Chicago\u00bb: El documental"},"content":{"rendered":"<p>La Direcci\u00f3n Editorial del Dicasterio para la Comunicaci\u00f3n presenta el documental \u00abLeo from Chicago\u00bb: un c\u00f3ctel de entrevistas, v\u00eddeos e im\u00e1genes que recorren la historia y las ra\u00edces de Robert Francis Prevost en su pa\u00eds natal, Estados Unidos. Una producci\u00f3n de los periodistas Deborah Castellano Lubov, Salvatore Cernuzio y Felipe Herrera-Espaliat.&#13;\n<\/p>\n<p>Este documental de los medios de comunicaci\u00f3n vaticanos aborda las ra\u00edces de Robert Francis Prevost en su tierra natal, los Estados Unidos. Un recorrido que comienza con la infancia en el suburbio de Dolton, a trav\u00e9s de los recuerdos de sus hermanos Louis y John, y contin\u00faa por escuelas y universidades, comunidades y parroquias, con las voces de compa\u00f1eros de estudios, docentes, hermanos de congregaci\u00f3n y viejos amigos.<\/p>\n<p>     <a href=\"https:\/\/www.vaticannews.va\/es\/papa\/news\/2025-11\/hermano-rob-padre-bob-viaje-ee-uu-tras-las-huellas-papa-leon-xiv.html\" title=\"Hermano \u201cRob\u201d, padre \u201cBob\u201d: viaje a EE.\u202fUU. tras las huellas de Robert Francis Prevost\" rel=\"nofollow noopener\" target=\"_blank\"><\/p>\n<p>        <img decoding=\"async\" src=\"data:image\/gif;base64,R0lGODlhAQABAIAAAAAAAP\/\/\/yH5BAEAAAAALAAAAAABAAEAAAIBRAA7\" data-original=\"https:\/\/www.vaticannews.va\/content\/dam\/vaticannews\/multimedia\/2025\/novembre\/10\/Leo.jpg\/_jcr_content\/renditions\/cq5dam.thumbnail.cropped.500.281.jpeg\" alt=\"Hermano \u201cRob\u201d, padre \u201cBob\u201d: viaje a EE.\u202fUU. tras las huellas de Robert Francis Prevost\"\/><\/p>\n<p>      <\/a><\/p>\n<p>\n      Un itinerario por EE.\u202fUU., tierra natal del Pont\u00edfice, entre voces, im\u00e1genes y testimonios sobre la figura, la historia, las ra\u00edces, los lazos y la vocaci\u00f3n de quien desde el 8 de &#8230;\n     <\/p>\n<p>Se trata de una producci\u00f3n audiovisual de la Direcci\u00f3n Editorial del Dicasterio para la Comunicaci\u00f3n de la Santa Sede, en colaboraci\u00f3n con la Arquidi\u00f3cesis de Chicago y el Apostolado El Sembrador Nueva Evangelizaci\u00f3n (ESNE), transmitida en los canales oficiales de Radio Vaticana \u2013 Vatican News.<\/p>\n","protected":false},"excerpt":{"rendered":"La Direcci\u00f3n Editorial del Dicasterio para la Comunicaci\u00f3n presenta el documental \u00abLeo from Chicago\u00bb: un c\u00f3ctel de entrevistas,&hellip;\n","protected":false},"author":2,"featured_media":225135,"comment_status":"","ping_status":"","sticky":false,"template":"","format":"standard","meta":{"footnotes":""},"categories":[169],"tags":[54654,177,38237,146,147,25,24,629,176,175,400,59502,12631,23,403],"class_list":{"0":"post-229036","1":"post","2":"type-post","3":"status-publish","4":"format-standard","5":"has-post-thumbnail","7":"category-cine","8":"tag-docufilm","9":"tag-cine","10":"tag-dicasterio-para-la-comunicacion","11":"tag-entertainment","12":"tag-entretenimiento","13":"tag-es","14":"tag-espana","15":"tag-estados-unidos","16":"tag-film","17":"tag-movies","18":"tag-papa-leon-xiv","19":"tag-radio-vaticano","20":"tag-santa-sede","21":"tag-spain","22":"tag-vaticano"},"share_on_mastodon":{"url":"https:\/\/pubeurope.com\/@es\/115526829595407866","error":""},"_links":{"self":[{"href":"https:\/\/www.europesays.com\/es\/wp-json\/wp\/v2\/posts\/229036","targetHints":{"allow":["GET"]}}],"collection":[{"href":"https:\/\/www.europesays.com\/es\/wp-json\/wp\/v2\/posts"}],"about":[{"href":"https:\/\/www.europesays.com\/es\/wp-json\/wp\/v2\/types\/post"}],"author":[{"embeddable":true,"href":"https:\/\/www.europesays.com\/es\/wp-json\/wp\/v2\/users\/2"}],"replies":[{"embeddable":true,"href":"https:\/\/www.europesays.com\/es\/wp-json\/wp\/v2\/comments?post=229036"}],"version-history":[{"count":0,"href":"https:\/\/www.europesays.com\/es\/wp-json\/wp\/v2\/posts\/229036\/revisions"}],"wp:featuredmedia":[{"embeddable":true,"href":"https:\/\/www.europesays.com\/es\/wp-json\/wp\/v2\/media\/225135"}],"wp:attachment":[{"href":"https:\/\/www.europesays.com\/es\/wp-json\/wp\/v2\/media?parent=229036"}],"wp:term":[{"taxonomy":"category","embeddable":true,"href":"https:\/\/www.europesays.com\/es\/wp-json\/wp\/v2\/categories?post=229036"},{"taxonomy":"post_tag","embeddable":true,"href":"https:\/\/www.europesays.com\/es\/wp-json\/wp\/v2\/tags?post=229036"}],"curies":[{"name":"wp","href":"https:\/\/api.w.org\/{rel}","templated":true}]}}