{"id":229041,"date":"2025-11-10T18:33:08","date_gmt":"2025-11-10T18:33:08","guid":{"rendered":"https:\/\/www.europesays.com\/es\/229041\/"},"modified":"2025-11-10T18:33:08","modified_gmt":"2025-11-10T18:33:08","slug":"jeremy-renner-acusado-de-abuso-sexual-por-la-cineasta-yi-zhou-cuando-lei-las-acusaciones-pasadas-de-su-exesposa-no-le-crei","status":"publish","type":"post","link":"https:\/\/www.europesays.com\/es\/229041\/","title":{"rendered":"Jeremy Renner, acusado de abuso sexual por la cineasta Yi Zhou:\u00a0\u00abCuando le\u00ed las acusaciones pasadas de su exesposa, no le cre\u00ed\u00bb"},"content":{"rendered":"<p>\t\t\t \t\t \t\t\t\t\t\t\tMontaje de Jeremy Renner y Yi Zhou <strong class=\"pd-l\">REUTERS, 2025 | Cordon Press, 2025  <\/strong><\/p>\n<p>\t\t\t\t\t\tEl actor, que particip\u00f3 en varias pel\u00edculas del Universo de Marvel, asegura que \u00ablas acusaciones son totalmente falsas\u00bb<br \/>\n\t\t\t\t\t\t\t\t\t\t\t\t<strong>10 nov 2025<\/strong> . Actualizado a las 17:14 h.\t\t\t\t\t\t<\/p>\n<p class=\"first-paragraph txt\">Hace una semana, la <strong>cineasta Yi Zhou<\/strong> comparti\u00f3\u00a0en su perfil de <a href=\"https:\/\/www.lavozdegalicia.es\/temas\/instagram\" rel=\"nofollow noopener\" target=\"_blank\">Instagram<\/a> una serie de publicaciones en las que\u00a0aparec\u00eda la palabra <strong>\u00abCancelado\u00bb. Denunciaba\u00a0p\u00fablicamente al actor Jeremy Renner de haber\u00a0tenido conductas violentas y abusivas hacia ella<\/strong>, adem\u00e1s de amenazarla con llamar al Servicio de Inmigraci\u00f3n y Control de Aduanas (ICE). Un representante del int\u00e9rprete de Los Vengadores asegur\u00f3 que \u00ablas acusaciones son totalmente inexactas y falsas\u00bb.\u00a0<\/p>\n<p class=\"txt\">\u00abDurante los \u00faltimos meses he vivido<strong> con miedo por mi seguridad y una profunda angustia<\/strong> por el trato que he recibido. Ninguna mujer, cineasta o creadora deber\u00eda tener que trabajar bajo una presi\u00f3n emocional y psicol\u00f3gica tan grande mientras intenta proteger su nombre y la integridad de su obra\u00bb, comenz\u00f3 diciendo Zhou en\u00a0<a href=\"https:\/\/www.lavozdegalicia.es\/temas\/instagram\" rel=\"nofollow noopener\" target=\"_blank\">Instagram<\/a>. La cineasta tiene dos proyectos,<strong> Stardust Future y\u00a0Cr\u00f3nicas de Disney, en los que Renner colabor\u00f3<\/strong>.<\/p>\n<blockquote class=\"instagram-media\" data-instgrm-captioned=\"\" data-instgrm-permalink=\"https:\/\/www.instagram.com\/p\/DQnHCg2Egr-\/?utm_source=ig_embed&amp;utm_campaign=loading\" data-instgrm-version=\"14\" style=\" background:#FFF; border:0; border-radius:3px; box-shadow:0 0 1px 0 rgba(0,0,0,0.5),0 1px 10px 0 rgba(0,0,0,0.15); margin: 1px; max-width:658px; min-width:326px; padding:0; width:99.375%; width:-webkit-calc(100% - 2px); width:calc(100% - 2px);\"\/>\n<p class=\"txt\">En las primeras semanas tras el estreno de la pel\u00edcula Stardust Future, la pel\u00edcula recibi\u00f3\u00a0numerosas cr\u00edticas\u00a0en redes sociales, algunas de ellas provenientes de cuentas de trols, que la acusaban de haber sido creada con <a href=\"https:\/\/www.lavozdegalicia.es\/temas\/inteligencia-artificial\" rel=\"nofollow noopener\" target=\"_blank\">inteligencia artificial<\/a>.<strong> A pesar de que las animaciones s\u00ed est\u00e1n hechas con IA, cumplen con las leyes establecidas\u00a0para la producci\u00f3n de piezas audiovisuales<\/strong>. El actor, que ten\u00eda pactadas\u00a0varias acciones para promocionar la\u00a0cinta, no llev\u00f3 a cabo ninguna\u00a0ni admiti\u00f3 haber <strong>participado activamente en ella dando voz a uno de los personajes<\/strong>. En el caso del documental sobre Disney, colabor\u00f3 en la creaci\u00f3n de la m\u00fasica.<\/p>\n<p class=\"txt\">Seg\u00fan explic\u00f3 la cineasta de origen asi\u00e1tico, los intercambios comenzaron en junio, cuando <strong>Renner le envi\u00f3 a trav\u00e9s de WhatsApp una serie de im\u00e1genes pornogr\u00e1ficas \u00abno\u00a0solicitadas ni deseadas\u00bb<\/strong>. Despu\u00e9s de esa primera interacci\u00f3n continuaron en contacto mediante\u00a0llamadas y mensajes, hasta que\u00a0mantuvieron un primer encuentro presencial en el que Zhou asegura que\u00a0<strong>no hubo consentimiento<\/strong>. \u00ab<strong>Ped\u00ed m\u00e1s tiempo y delicadeza, pero no se respetaron mis l\u00edmites<\/strong>. Las relaciones sexuales que vinieron despu\u00e9s si fueron consentidas, a pesar de que el primer incidente sigui\u00f3 siendo profundamente angustiante\u00bb, escribi\u00f3.<\/p>\n<blockquote class=\"instagram-media\" data-instgrm-captioned=\"\" data-instgrm-permalink=\"https:\/\/www.instagram.com\/p\/DQx5DWxkXoi\/?utm_source=ig_embed&amp;utm_campaign=loading\" data-instgrm-version=\"14\" style=\" background:#FFF; border:0; border-radius:3px; box-shadow:0 0 1px 0 rgba(0,0,0,0.5),0 1px 10px 0 rgba(0,0,0,0.15); margin: 1px; max-width:658px; min-width:326px; padding:0; width:99.375%; width:-webkit-calc(100% - 2px); width:calc(100% - 2px);\"\/>\n<p class=\"txt\">Uno de los encuentros que caus\u00f3 miedo a Zhou ocurri\u00f3 en la casa del actor la<strong> noche del 20 de agosto<\/strong>, cuando\u00a0ultimaban los detalles de las dos producciones en las que trabajaban juntos. Durante la reuni\u00f3n, <strong>Renner habr\u00eda bebido una botella de vino en solitario<\/strong> y, posteriormente, <strong>se mostr\u00f3 enfadado y violento<\/strong>. La situaci\u00f3n, seg\u00fan la cineasta, escal\u00f3 hasta asustarla\u00a0de tal forma que <strong>se encerr\u00f3 para evitar que \u00e9l pudiera hacerle da\u00f1o<\/strong>. En su cuenta de Instagram comparti\u00f3 los mensajes que le envi\u00f3 a sus amigos durante el episodio.\u00a0<\/p>\n<p class=\"txt\">La productora asegur\u00f3 que\u00a0al principio no quiso creer las acusaciones que <strong>la exesposa de Renner, Sonni Pacheco, present\u00f3 en el 2019 durante el juicio por la custodia de su hija, Ava<\/strong>. La modelo lo denunci\u00f3 por \u00abintento de homicidio\u00bb, adem\u00e1s de sostener\u00a0que \u00ababus\u00f3 emocional y verbalmente\u00bb de ella. Tambi\u00e9n\u00a0afirm\u00f3\u00a0que el consumo de sustancias\u00a0por parte del actor puso en riesgo a\u00a0la menor. La defensa de Renner respondi\u00f3 que su \u00fanico inter\u00e9s es el bienestar de su hija, que quien\u00a0consum\u00eda drogas era su exesposa y que \u00e9l\u00a0<strong>se ofreci\u00f3 a someterse a pruebas aleatorias durante los tres meses siguientes<\/strong>.\u00a0<\/p>\n<blockquote class=\"instagram-media\" data-instgrm-captioned=\"\" data-instgrm-permalink=\"https:\/\/www.instagram.com\/p\/DQx6NqbEQ8j\/?utm_source=ig_embed&amp;utm_campaign=loading\" data-instgrm-version=\"14\" style=\" background:#FFF; border:0; border-radius:3px; box-shadow:0 0 1px 0 rgba(0,0,0,0.5),0 1px 10px 0 rgba(0,0,0,0.15); margin: 1px; max-width:658px; min-width:326px; padding:0; width:99.375%; width:-webkit-calc(100% - 2px); width:calc(100% - 2px);\"\/>\n<p class=\"txt\">Este a\u00f1o, en una entrevista con el medio The Guardian, el actor promocionaba <strong>su libro My Next Breath<\/strong>,\u00a0en el que\u00a0relata <a class=\"link-txt\" href=\"https:\/\/www.lavozdegalicia.es\/xlsemanal\/personajes\/jeremy-renner-actor-sobrevivir-horror-accidente-cine-hollywood.html\" rel=\"nofollow noopener\" target=\"_blank\">c\u00f3mo el accidente que sufri\u00f3 al\u00a0impactar contra\u00a0una m\u00e1quina quitanieves cambi\u00f3 su vida<\/a>. En\u00a0esa conversaci\u00f3n, Renner\u00a0afirm\u00f3 que <strong>hab\u00eda sido acusado injustamente<\/strong>:\u00a0\u00abSer acusado de cosas que no hiciste no se siente bien. Sobre todo,<strong> no se siente bien cuando eres una celebridad y lo sabe todo el mundo<\/strong>\u00bb.<\/p>\n<p>&#13;<br \/>\n\tArchivado en:&#13;<br \/>\n\t\t\t\t\t<a href=\"https:\/\/www.lavozdegalicia.es\/temas\/instagram\/\" target=\"_blank\" class=\"mg-l\" rel=\"nofollow noopener\">Instagram<\/a>&#13;<br \/>\n\t\t\t\t\t<a href=\"https:\/\/www.lavozdegalicia.es\/temas\/abusos-sexuales\/\" target=\"_blank\" class=\"mg-l\" rel=\"nofollow noopener\">Abusos sexuales<\/a>&#13;<br \/>\n\t\t\t\t\t<a href=\"https:\/\/www.lavozdegalicia.es\/temas\/inteligencia-artificial\/\" target=\"_blank\" class=\"mg-l\" rel=\"nofollow noopener\">Inteligencia artificial<\/a>&#13;<br \/>\n\t&#13;<\/p>\n<p>\t\t\t\t<script async src=\"\/\/www.instagram.com\/embed.js\"><\/script><\/p>\n","protected":false},"excerpt":{"rendered":"Montaje de Jeremy Renner y Yi Zhou REUTERS, 2025 | Cordon Press, 2025 El actor, que particip\u00f3 en&hellip;\n","protected":false},"author":2,"featured_media":229042,"comment_status":"","ping_status":"","sticky":false,"template":"","format":"standard","meta":{"footnotes":""},"categories":[91],"tags":[13810,146,147,25,24,4536,136,23],"class_list":{"0":"post-229041","1":"post","2":"type-post","3":"status-publish","4":"format-standard","5":"has-post-thumbnail","7":"category-entretenimiento","8":"tag-abusos-sexuales","9":"tag-entertainment","10":"tag-entretenimiento","11":"tag-es","12":"tag-espana","13":"tag-instagram","14":"tag-inteligencia-artificial","15":"tag-spain"},"share_on_mastodon":{"url":"https:\/\/pubeurope.com\/@es\/115526841332436276","error":""},"_links":{"self":[{"href":"https:\/\/www.europesays.com\/es\/wp-json\/wp\/v2\/posts\/229041","targetHints":{"allow":["GET"]}}],"collection":[{"href":"https:\/\/www.europesays.com\/es\/wp-json\/wp\/v2\/posts"}],"about":[{"href":"https:\/\/www.europesays.com\/es\/wp-json\/wp\/v2\/types\/post"}],"author":[{"embeddable":true,"href":"https:\/\/www.europesays.com\/es\/wp-json\/wp\/v2\/users\/2"}],"replies":[{"embeddable":true,"href":"https:\/\/www.europesays.com\/es\/wp-json\/wp\/v2\/comments?post=229041"}],"version-history":[{"count":0,"href":"https:\/\/www.europesays.com\/es\/wp-json\/wp\/v2\/posts\/229041\/revisions"}],"wp:featuredmedia":[{"embeddable":true,"href":"https:\/\/www.europesays.com\/es\/wp-json\/wp\/v2\/media\/229042"}],"wp:attachment":[{"href":"https:\/\/www.europesays.com\/es\/wp-json\/wp\/v2\/media?parent=229041"}],"wp:term":[{"taxonomy":"category","embeddable":true,"href":"https:\/\/www.europesays.com\/es\/wp-json\/wp\/v2\/categories?post=229041"},{"taxonomy":"post_tag","embeddable":true,"href":"https:\/\/www.europesays.com\/es\/wp-json\/wp\/v2\/tags?post=229041"}],"curies":[{"name":"wp","href":"https:\/\/api.w.org\/{rel}","templated":true}]}}