{"id":229053,"date":"2025-11-10T18:44:07","date_gmt":"2025-11-10T18:44:07","guid":{"rendered":"https:\/\/www.europesays.com\/es\/229053\/"},"modified":"2025-11-10T18:44:07","modified_gmt":"2025-11-10T18:44:07","slug":"cuando-el-jefe-de-pogacar-tuvo-que-salir-corriendo-tras-una-bronca-con-sus-ciclistas-las-cosas-se-pusieron-crudas","status":"publish","type":"post","link":"https:\/\/www.europesays.com\/es\/229053\/","title":{"rendered":".: Cuando el jefe de Pogacar tuvo que salir corriendo tras una bronca con sus ciclistas: \u00abLas cosas se pusieron crudas\u00bb"},"content":{"rendered":"<p><a class=\"v-mdl-ath__fig-a\" href=\"https:\/\/www.elcorreo.com\/autor\/bruno-vergara-76.html\" title=\"Bruno Vergara\" rel=\"nofollow noopener\" target=\"_blank\"><br \/>\n<img decoding=\"async\" class=\"v-mdl-ath__img\" src=\"https:\/\/www.europesays.com\/es\/wp-content\/uploads\/2025\/11\/autor-76-foto-1.png\" alt=\"Bruno Vergara\"\/><br \/>\n<\/a><\/p>\n<p class=\"v-mdl-ath__p v-mdl-ath__p--6\">\nLunes, 10 de noviembre 2025, 16:59<\/p>\n<p>| Actualizado 17:32h.<\/p>\n<p class=\"v-p\">Sabino Angoitia, conocido por su dilatada trayectoria como ciclista entre los a\u00f1os 1983 y 1989, fue director deportivo durante 11 temporadas al frente del Caf\u00e9 Baqu\u00e9 amateur, con el cual alcanz\u00f3 sus mayores \u00e9xitos. Despu\u00e9s dio el salto al profesionalismo, donde no tiene buenos recuerdos de su \u00e9poca en Saunier Duval, Fuji-Servetto, Footon-Servetto y Geox, un \u00faltimo equipo que abandon\u00f3 en 2011. <\/p>\n<p class=\"v-p\">\u00abAl final fue muy malo, desde que tuvimos problemas en el Tour de Francia con Saunier Duval\u00bb, recuerda Angoitia, quien, en una entrevista en el canal E\u00dcTSI, afirma que en esa \u00e9poca \u00abhubiera sido mejor no haber estado\u00bb. El vizca\u00edno describe la dureza de ser director, una profesi\u00f3n que le obligaba a estar m\u00e1s de 200 d\u00edas fuera de casa. Como las cosas no iban muy bien en el equipo, los problemas se trasladaban a su vida privada. \u00abMe dej\u00f3 tocado, empec\u00e9 a odiar el ciclismo, no ten\u00eda ganas de nada\u00bb, sostiene. <\/p>\n<p class=\"v-p\">Para Angoitia, el a\u00f1o en el Geox \u00abfue infernal\u00bb. El equipo estaba liderado por Mauro Gianetti y Joxean Fern\u00e1ndez &#8216;Matx\u00edn&#8217;, director deportivo principal de la escuadra. Ambos ahora en el todopoderosos UAE Emirates de Tadej Pogacar. \u00abEstuvimos tres meses sin cobrar, hab\u00eda gente que ten\u00eda problemas para pagar el alquiler\u00bb, recuerda Angoitia, que destaca que \u00abno gan\u00e1bamos 40 mil euros, gan\u00e1bamos lo justo\u00bb. <\/p>\n<p class=\"v-p\">Su trayectoria en el Geox acab\u00f3 en 2011. \u00abEstaba en casa, desilusionado, con la cabeza hecha polvo\u00bb, se sincera el veterano director, quien recuerda c\u00f3mo fueron esos \u00faltimos meses. En la Vuelta a Burgos estaban los \u00abdefenestrados\u00bb -explica-, tanto ciclistas como directores, los que \u00abno \u00edbamos a seguir\u00bb la temporada siguiente. \u00abPor otro lado estaba el equipo A, el de &#8216;Matxin&#8217;, el de los &#8216;buenecillos&#8217;, los que iban a correr la Vuelta a Espa\u00f1a\u00bb.<\/p>\n<p class=\"v-p\">Angotia afirma que estaban apartados porque se enfrentaban a Gianetti. \u00abLe dec\u00edamos lo que hab\u00eda que decirle a la cara. No nos and\u00e1bamos con remilgos\u00bb. De hecho, recuerda un momento inc\u00f3modo para el suizo. \u00abEn una Vuelta a Austria tuvo que salir corriendo por el pasillo del hotel porque fue a decir algo a los corredores y las cosas se pusieron crudas\u00bb, rememora el exdirector deportivo de Lemoa, quien enfatiza en los problemas de cobros que tuvieron en esa \u00e9poca. <\/p>\n<p class=\"v-p\">Angoitia tambi\u00e9n se acuerda muy bien de Juanjo Cobo, que \u00abestaba con 5 kilos de m\u00e1s\u00bb, que hizo segundo en Lagunas de Neila, donde se impuso Mikel Landa. \u00abNo lo mat\u00e9 de milagro\u00bb. Poco despu\u00e9s, el de Torrelavega fue la gran revelaci\u00f3n ganando la Vuelta a Espa\u00f1a por delante de Chris Froome. <\/p>\n<p>Reporta un error<\/p>\n","protected":false},"excerpt":{"rendered":"Lunes, 10 de noviembre 2025, 16:59 | Actualizado 17:32h. Sabino Angoitia, conocido por su dilatada trayectoria como ciclista&hellip;\n","protected":false},"author":2,"featured_media":229054,"comment_status":"","ping_status":"","sticky":false,"template":"","format":"standard","meta":{"footnotes":""},"categories":[273],"tags":[313,1757,13759,312,168,622,25,24,14553,60170,7197,16427,23,167],"class_list":{"0":"post-229053","1":"post","2":"type-post","3":"status-publish","4":"format-standard","5":"has-post-thumbnail","7":"category-ciclismo","8":"tag-ciclismo","9":"tag-ciclista","10":"tag-corriendo","11":"tag-cycling","12":"tag-deportes","13":"tag-equipo","14":"tag-es","15":"tag-espana","16":"tag-exdirector","17":"tag-gianetti","18":"tag-recuerda","19":"tag-salir","20":"tag-spain","21":"tag-sports"},"share_on_mastodon":{"url":"https:\/\/pubeurope.com\/@es\/115526884923268356","error":""},"_links":{"self":[{"href":"https:\/\/www.europesays.com\/es\/wp-json\/wp\/v2\/posts\/229053","targetHints":{"allow":["GET"]}}],"collection":[{"href":"https:\/\/www.europesays.com\/es\/wp-json\/wp\/v2\/posts"}],"about":[{"href":"https:\/\/www.europesays.com\/es\/wp-json\/wp\/v2\/types\/post"}],"author":[{"embeddable":true,"href":"https:\/\/www.europesays.com\/es\/wp-json\/wp\/v2\/users\/2"}],"replies":[{"embeddable":true,"href":"https:\/\/www.europesays.com\/es\/wp-json\/wp\/v2\/comments?post=229053"}],"version-history":[{"count":0,"href":"https:\/\/www.europesays.com\/es\/wp-json\/wp\/v2\/posts\/229053\/revisions"}],"wp:featuredmedia":[{"embeddable":true,"href":"https:\/\/www.europesays.com\/es\/wp-json\/wp\/v2\/media\/229054"}],"wp:attachment":[{"href":"https:\/\/www.europesays.com\/es\/wp-json\/wp\/v2\/media?parent=229053"}],"wp:term":[{"taxonomy":"category","embeddable":true,"href":"https:\/\/www.europesays.com\/es\/wp-json\/wp\/v2\/categories?post=229053"},{"taxonomy":"post_tag","embeddable":true,"href":"https:\/\/www.europesays.com\/es\/wp-json\/wp\/v2\/tags?post=229053"}],"curies":[{"name":"wp","href":"https:\/\/api.w.org\/{rel}","templated":true}]}}