{"id":229114,"date":"2025-11-10T19:29:08","date_gmt":"2025-11-10T19:29:08","guid":{"rendered":"https:\/\/www.europesays.com\/es\/229114\/"},"modified":"2025-11-10T19:29:08","modified_gmt":"2025-11-10T19:29:08","slug":"conmocion-en-turin-dos-fallecidos-en-las-atp-finals","status":"publish","type":"post","link":"https:\/\/www.europesays.com\/es\/229114\/","title":{"rendered":"Conmoci\u00f3n en Tur\u00edn: dos fallecidos en las ATP Finals"},"content":{"rendered":"<p class=\"\"><a href=\"https:\/\/as.com\/tenis\/final_atp\/fritz-aprovecha-la-fatiga-de-musetti-y-es-el-proximo-rival-de-alcaraz-f202511-n\/\" target=\"_self\" rel=\"nofollow noopener\" title=\"https:\/\/as.com\/tenis\/final_atp\/fritz-aprovecha-la-fatiga-de-musetti-y-es-el-proximo-rival-de-alcaraz-f202511-n\/\">Mientras Taylor Fritz y Lorenzo Musetti peleaban por sumar la primera victoria en el grupo Jimmy Connors, <\/a>en el que <a href=\"https:\/\/as.com\/tenis\/final_atp\/alcaraz-gana-por-fin-el-primer-partido-de-las-finals-f202511-n\/\" target=\"_self\" rel=\"nofollow noopener\" title=\"https:\/\/as.com\/tenis\/final_atp\/alcaraz-gana-por-fin-el-primer-partido-de-las-finals-f202511-n\/\">Carlos Alcaraz derrot\u00f3 a De Mi\u00f1aur en la jornada inicial, <\/a>u<b>n hombre de 78 a\u00f1os peleaba por su vida en las gradas tras sufrir un desmayo. <\/b>Los servicios de emergencia intervinieron r\u00e1pidamente, pero<b> pese a mantenerle con las constantes vitales y trasladarle al Hospital Molinette, en estado cr\u00edtico, acab\u00f3 falleciendo.<\/b><\/p>\n<p>Noticias relacionadas<\/p>\n<p class=\"\"><b>Pocas horas antes, frente a la Fan Village en la Piazza d\u2019Armi, cerca del Inalpi Arena, otro hombre de 70 a\u00f1os comenz\u00f3 a sentirse mal y lamentablemente corri\u00f3 la misma suerte, <\/b>pese a la veloz intervenci\u00f3n tambi\u00e9n de los rescatistas. Tambi\u00e9n fue trasladado a\u00fan con vida al centro sanitario, pero la reanimaci\u00f3n tampoco pudo salvarle.<b> Dos tragedias que han conmocionado a los asistentes a las <\/b><a href=\"https:\/\/as.com\/tenis\/final_atp\/a-que-hora-es-el-alcaraz-fritz-tv-horario-donde-y-como-ver-las-atp-finals-f202511-n\/\" target=\"_self\" rel=\"nofollow noopener\" title=\"https:\/\/as.com\/tenis\/final_atp\/a-que-hora-es-el-alcaraz-fritz-tv-horario-donde-y-como-ver-las-atp-finals-f202511-n\/\"><b>ATP Finals de Tur\u00edn.<\/b><\/a><\/p>\n<p class=\"\"><b>\u00a1Tus opiniones importan!<\/b> Comenta en los art\u00edculos y suscr\u00edbete gratis a nuestra <a href=\"https:\/\/asfan.as.com\/newsletters\/\" target=\"_blank\" rel=\"nofollow noopener\" title=\"https:\/\/asfan.as.com\/newsletters\/\">newsletter<\/a> y a las alertas informativas en la <a href=\"https:\/\/as.com\/aplicacion-de-as-n\/\" target=\"_blank\" rel=\"nofollow noopener\" title=\"https:\/\/as.com\/aplicacion-de-as-n\/\">App<\/a> o el canal de <a href=\"https:\/\/www.whatsapp.com\/channel\/0029VaAasdA7j6g745nz9M10\" target=\"_blank\" rel=\"nofollow noopener\" title=\"https:\/\/www.whatsapp.com\/channel\/0029VaAasdA7j6g745nz9M10\">WhatsApp<\/a>. \u00bfBuscas licenciar contenido? Haz clic <a href=\"https:\/\/profesional.elpais.com\/soluciones-sindicacion?utm_medium=interno&amp;utm_source=crosslinking&amp;utm_campaign=sindicacion_as_pie_articulos\" target=\"_blank\" rel=\"nofollow noopener\" title=\"https:\/\/profesional.elpais.com\/soluciones-sindicacion?utm_medium=interno&amp;utm_source=crosslinking&amp;utm_campaign=sindicacion_as_pie_articulos\">aqu\u00ed<\/a><\/p>\n","protected":false},"excerpt":{"rendered":"Mientras Taylor Fritz y Lorenzo Musetti peleaban por sumar la primera victoria en el grupo Jimmy Connors, en&hellip;\n","protected":false},"author":2,"featured_media":229115,"comment_status":"","ping_status":"","sticky":false,"template":"","format":"standard","meta":{"footnotes":""},"categories":[274],"tags":[168,25,24,23,167,327,326],"class_list":{"0":"post-229114","1":"post","2":"type-post","3":"status-publish","4":"format-standard","5":"has-post-thumbnail","7":"category-tenis","8":"tag-deportes","9":"tag-es","10":"tag-espana","11":"tag-spain","12":"tag-sports","13":"tag-tenis","14":"tag-tennis"},"share_on_mastodon":{"url":"https:\/\/pubeurope.com\/@es\/115527062524612503","error":""},"_links":{"self":[{"href":"https:\/\/www.europesays.com\/es\/wp-json\/wp\/v2\/posts\/229114","targetHints":{"allow":["GET"]}}],"collection":[{"href":"https:\/\/www.europesays.com\/es\/wp-json\/wp\/v2\/posts"}],"about":[{"href":"https:\/\/www.europesays.com\/es\/wp-json\/wp\/v2\/types\/post"}],"author":[{"embeddable":true,"href":"https:\/\/www.europesays.com\/es\/wp-json\/wp\/v2\/users\/2"}],"replies":[{"embeddable":true,"href":"https:\/\/www.europesays.com\/es\/wp-json\/wp\/v2\/comments?post=229114"}],"version-history":[{"count":0,"href":"https:\/\/www.europesays.com\/es\/wp-json\/wp\/v2\/posts\/229114\/revisions"}],"wp:featuredmedia":[{"embeddable":true,"href":"https:\/\/www.europesays.com\/es\/wp-json\/wp\/v2\/media\/229115"}],"wp:attachment":[{"href":"https:\/\/www.europesays.com\/es\/wp-json\/wp\/v2\/media?parent=229114"}],"wp:term":[{"taxonomy":"category","embeddable":true,"href":"https:\/\/www.europesays.com\/es\/wp-json\/wp\/v2\/categories?post=229114"},{"taxonomy":"post_tag","embeddable":true,"href":"https:\/\/www.europesays.com\/es\/wp-json\/wp\/v2\/tags?post=229114"}],"curies":[{"name":"wp","href":"https:\/\/api.w.org\/{rel}","templated":true}]}}