{"id":229179,"date":"2025-11-10T20:22:16","date_gmt":"2025-11-10T20:22:16","guid":{"rendered":"https:\/\/www.europesays.com\/es\/229179\/"},"modified":"2025-11-10T20:22:16","modified_gmt":"2025-11-10T20:22:16","slug":"casa-museo-picasso-a-coruna","status":"publish","type":"post","link":"https:\/\/www.europesays.com\/es\/229179\/","title":{"rendered":"Casa Museo Picasso A Coru\u00f1a"},"content":{"rendered":"<p class=\"ft-text\">Un inmueble del XIX pero muy de nuestro tiempo. As\u00ed es la nueva <strong>Casa Museo Picasso<\/strong>, que sirvi\u00f3 de hogar para el genio durante su etapa coru\u00f1esa \u2014en la que se inici\u00f3 en la pintura\u2014 y que ahora servir\u00e1 de recipiente creativo para otros artistas, y, qui\u00e9n sabe, quiz\u00e1s para alg\u00fan futuro genio.<\/p>\n<p class=\"ft-text\">La alcaldesa,<strong> In\u00e9s Rey, v<\/strong>isit\u00f3 la casa este lunes, acompa\u00f1ada por el responsable del \u00e1rea de Cultura, <strong>Ux\u00edo Novo Rey,<\/strong> para supervisar personalmente el resultado de la rehabilitaci\u00f3n, que cont\u00f3 con una inversi\u00f3n de <strong>128.878 euros y<\/strong> permiti\u00f3 resolver deficiencias estructurales, renovar espacios interiores y adaptar el conjunto a los est\u00e1ndares actuales de seguridad, accesibilidad y seguridad. Se han reforzado los forjados y elementos portantes, se han renovado los revestimientos, carpinter\u00edas e instalaciones, se han aplicado medidas de protecci\u00f3n pasiva contra incendios y se ha renovado el mobiliario.<\/p>\n<p class=\"ft-text\">\u00abSomos una de las ciudades <strong>picassianas<\/strong>, participamos en los actos que hubo hace dos a\u00f1os y queremos seguir manteniendo ese esp\u00edritu vivo\u00bb, se\u00f1al\u00f3 la alcaldesa, una pretensi\u00f3n que el Concello persigue a trav\u00e9s de iniciativas como la recuperaci\u00f3n del edifico para \u00abconservarlo, mejorarlo y devolverlo a la ciudad como un lugar \u00fatil y vivo\u00bb. La regidora y el titular de Cultura pudieron participar, como figurantes espont\u00e1neos, en la grabaci\u00f3n del documental que un grupo de alumnos de la<strong> Escuela de Formaci\u00f3n Profesional de Audiovisual y de Producci\u00f3n<\/strong> acomet\u00edan en las instalaciones el mismo d\u00eda.<\/p>\n<p><img decoding=\"async\" src=\"https:\/\/www.europesays.com\/es\/wp-content\/uploads\/2025\/11\/a01c77ed-4384-4395-9339-12b0c7cb0c7d_alta-libre-aspect-ratio_default_0_x1172y693.jpg\" width=\"1200\" height=\"800\" alt=\"Visita a la Casa Museo Picasso tras la reforma.\" class=\"ft-helper-img-rd\" loading=\"lazy\"\/><\/p>\n<p class=\"ft-helper-fontColor-quaternary ft-helper-fontSize-body-S ft-helper-spacer-t-xxs\">La alcaldesa In\u00e9s Rey y el director del \u00e1rea de Cultura del Concello, Ux\u00edo Novo, durante la visita a la Casa Museo Picasso tras la reforma.  \/ LOC<\/p>\n<p class=\"ft-text\">Como esta, podr\u00e1n desarrollarse en el espacio otras iniciativas art\u00edsticas ciudadanas, que continuar\u00e1n, la pr\u00f3xima semana, con un programa de talleres art\u00edsticos impartidos por Gosia Trebacz, inspirados en el di\u00e1logo creativo entre<strong> Picasso y Alexander Calde<\/strong> y dirigidos al p\u00fablico infantil y adulto en sesiones diferenciadas, cuyo resultado ser\u00e1 expuesto en la sala de la planta baja. El edificio conserva su car\u00e1cter de casa museo, con una de las plantas musealizada y adaptada a la \u00e9poca en la que el joven Picasso fue vecino de la ciudad, con el fin de \u00abseguir vinculando la ciudad de A Coru\u00f1a con esa etapa inicial de Picasso como artista\u00bb, explic\u00f3 la regidora.<\/p>\n<p class=\"ft-text\">La parte de abajo funciona como centro expositivo, el primer piso estar\u00e1 \u00abmuy focalizado en la parte formativa\u00bb, que se complementar\u00e1 con otro piso, y la parte musealizada. \u00abLos museos tienen que ser centros culturales vivos\u00bb, coment\u00f3 Ux\u00edo Novo.<\/p>\n","protected":false},"excerpt":{"rendered":"Un inmueble del XIX pero muy de nuestro tiempo. As\u00ed es la nueva Casa Museo Picasso, que sirvi\u00f3&hellip;\n","protected":false},"author":2,"featured_media":229180,"comment_status":"","ping_status":"","sticky":false,"template":"","format":"standard","meta":{"footnotes":""},"categories":[173],"tags":[229,60178,233,231,230,385,9781,9004,7879,60177,232,234,146,147,25,24,470,474,559,14824,23,7830],"class_list":{"0":"post-229179","1":"post","2":"type-post","3":"status-publish","4":"format-standard","5":"has-post-thumbnail","7":"category-arte-y-diseno","8":"tag-arte","9":"tag-arte-en-a-coruna","10":"tag-arte-y-diseno","11":"tag-arts","12":"tag-arts-and-design","13":"tag-casa","14":"tag-completa","15":"tag-concello","16":"tag-coruna","17":"tag-cultura-en-a-coruna","18":"tag-design","19":"tag-diseno","20":"tag-entertainment","21":"tag-entretenimiento","22":"tag-es","23":"tag-espana","24":"tag-museo","25":"tag-obras","26":"tag-picasso","27":"tag-reforma","28":"tag-spain","29":"tag-talleres"},"share_on_mastodon":{"url":"https:\/\/pubeurope.com\/@es\/115527269998030975","error":""},"_links":{"self":[{"href":"https:\/\/www.europesays.com\/es\/wp-json\/wp\/v2\/posts\/229179","targetHints":{"allow":["GET"]}}],"collection":[{"href":"https:\/\/www.europesays.com\/es\/wp-json\/wp\/v2\/posts"}],"about":[{"href":"https:\/\/www.europesays.com\/es\/wp-json\/wp\/v2\/types\/post"}],"author":[{"embeddable":true,"href":"https:\/\/www.europesays.com\/es\/wp-json\/wp\/v2\/users\/2"}],"replies":[{"embeddable":true,"href":"https:\/\/www.europesays.com\/es\/wp-json\/wp\/v2\/comments?post=229179"}],"version-history":[{"count":0,"href":"https:\/\/www.europesays.com\/es\/wp-json\/wp\/v2\/posts\/229179\/revisions"}],"wp:featuredmedia":[{"embeddable":true,"href":"https:\/\/www.europesays.com\/es\/wp-json\/wp\/v2\/media\/229180"}],"wp:attachment":[{"href":"https:\/\/www.europesays.com\/es\/wp-json\/wp\/v2\/media?parent=229179"}],"wp:term":[{"taxonomy":"category","embeddable":true,"href":"https:\/\/www.europesays.com\/es\/wp-json\/wp\/v2\/categories?post=229179"},{"taxonomy":"post_tag","embeddable":true,"href":"https:\/\/www.europesays.com\/es\/wp-json\/wp\/v2\/tags?post=229179"}],"curies":[{"name":"wp","href":"https:\/\/api.w.org\/{rel}","templated":true}]}}