{"id":229183,"date":"2025-11-10T20:25:10","date_gmt":"2025-11-10T20:25:10","guid":{"rendered":"https:\/\/www.europesays.com\/es\/229183\/"},"modified":"2025-11-10T20:25:10","modified_gmt":"2025-11-10T20:25:10","slug":"black-label-society-en-iberoamerica-single-de-graham-bonnet-band-nuevo-disco-de-love-hate","status":"publish","type":"post","link":"https:\/\/www.europesays.com\/es\/229183\/","title":{"rendered":"BLACK LABEL SOCIETY en Iberoam\u00e9rica. Single de GRAHAM BONNET BAND. Nuevo disco de LOVE\/HATE."},"content":{"rendered":"<p>\u00a0<\/p>\n<p style=\"text-align: center;\"><strong><a href=\"#BLS\">BLACK LABEL SOCIETY en Iberoam\u00e9rica<\/a> \u2013 <a href=\"#BONNET\">Single de GRAHAM BONNET BAND \u2013 <\/a><a href=\"#LOVE\">Nuevo disco de LOVE\/HATE.<\/a><\/strong><\/p>\n<p><a href=\"https:\/\/www.rafabasa.com\/2021\/04\/21\/black-label-society-ronnie-romero-intelligent-music-project-suidakra\/BLACK%20LABEL%20SOCIETY\" target=\"_blank\" rel=\"noopener nofollow\"><strong>BLACK LABEL SOCIETY<\/strong><\/a> han confirmado las siguientes fechas en Iberoam\u00e9rica:<\/p>\n<p>Abril<\/p>\n<ul>\n<li>23 Vel\u00f3dromo, Ciudad de M\u00e9xico, M\u00e9xico<\/li>\n<li>25 Bangers Open Air Festival, Sao Paulo, Brasil<\/li>\n<li>28 Teatro Flores, Buenos Aires, Argentina<\/li>\n<li>30 Teatro Coliseo, Santiago, Chile<\/li>\n<\/ul>\n<p>Sus \u00faltimos singles en este <a href=\"https:\/\/www.rafabasa.com\/2025\/10\/09\/rush-black-label-society-zanarkand\/#BLS\" target=\"_blank\" rel=\"noopener nofollow\">noticia<\/a>.<\/p>\n<p><img fetchpriority=\"high\" decoding=\"async\" src=\"https:\/\/www.europesays.com\/es\/wp-content\/uploads\/2025\/11\/11.jpg\" alt=\"BLS\" width=\"333\" height=\"500\"\/><\/p>\n<p><a href=\"https:\/\/www.rafabasa.com\/2021\/04\/21\/black-label-society-ronnie-romero-intelligent-music-project-suidakra\/BLACK%20LABEL%20SOCIETY\" target=\"_blank\" rel=\"noopener nofollow\"><strong>BLACK LABEL SOCIETY<\/strong><\/a> tocar\u00e1 en LEYENDAS DEL ROCK 2026.<\/p>\n<p>En principio la banda est\u00e1 preparando <a href=\"https:\/\/www.rafabasa.com\/2025\/09\/14\/scorpions-black-label-society-brainstorm\/#Zakk\" rel=\"nofollow noopener\" target=\"_blank\">nuevo material<\/a>.<\/p>\n<p><a href=\"https:\/\/www.rafabasa.com\/2021\/04\/21\/black-label-society-ronnie-romero-intelligent-music-project-suidakra\/BLACK%20LABEL%20SOCIETY\" target=\"_blank\" rel=\"noopener nofollow\"><strong>BLACK LABEL SOCIETY<\/strong><\/a> editaron el 26 de noviembre de 2021 su \u00faltimo disco \u201cDoom Crew Inc.\u201d.<\/p>\n<p>Todos los detalles en esta <a href=\"https:\/\/www.rafabasa.com\/2021\/08\/23\/aerosmith-black-label-society-summer-breeze\/#BLACK_LABEL_SOCIETY\" target=\"_blank\" rel=\"noopener nofollow\">noticia<\/a>.<\/p>\n<p>\u00a0<\/p>\n<p>\u00a0<\/p>\n<p>A continuaci\u00f3n ten\u00e9is el tema \u201cNight Games\u201d del pr\u00f3ximo disco en directo de <a href=\"https:\/\/www.facebook.com\/grahambonnetmusic\" target=\"_blank\" rel=\"noopener nofollow\"><strong>GRAHAM BONNET BAND<\/strong><\/a> \u201cLost In Hollywood Again\u201d, dispuesto para el 12 de diciembre a trav\u00e9s de Frontiers Music.<\/p>\n<p>Todos los detalles en esta <a href=\"https:\/\/www.rafabasa.com\/2025\/10\/13\/megadeth-graham-bonnet-band-possessed\/#GRAHAM\" rel=\"nofollow noopener\" target=\"_blank\">noticia<\/a>.<\/p>\n<p>El cantante dijo en enero de 2024 estar preparando <a href=\"https:\/\/www.rafabasa.com\/2024\/01\/21\/doro-graham-bonnet-gasteiz-in-metal\/#Graham_Bonnet\" target=\"_blank\" rel=\"noopener nofollow\">nuevo material<\/a>, pero no se ha vuelto a saber nada.<\/p>\n<p><a href=\"https:\/\/www.facebook.com\/grahambonnetmusic\" target=\"_blank\" rel=\"noopener nofollow\"><strong>GRAHAM BONNET BAND<\/strong><\/a> editaron el 13 de mayo de 2022 a trav\u00e9s de Frontiers Music su \u00faltimo disco \u201cDay Out In Nowhere\u201d.<\/p>\n<p>Todos los detalles en esta <a href=\"https:\/\/www.rafabasa.com\/2022\/03\/08\/graham-bonnet-band-porcupine-tree-jaded-heart\/#GRAHAM_BONNET_BAND\" target=\"_blank\" rel=\"noopener nofollow\">noticia<\/a> y su \u00faltimo v\u00eddeo en <a href=\"https:\/\/www.rafabasa.com\/2022\/04\/12\/five-finger-death-punch-graham-bonnet-band-hypocrisy\/#GRAHAM_BONNET_BAND\" target=\"_blank\" rel=\"noopener nofollow\">esta<\/a>.<\/p>\n<p>\u00a0<\/p>\n<p>\u00a0<\/p>\n<p><strong>LOVE\/HATE <\/strong>editar\u00e1n el 14 de noviembre en Europa a trav\u00e9s High Roller Records en Europa un nuevo disco titulado \u201cPunk Rock Fiesta!\u201d.<\/p>\n<p>Estos son los temas que incluye:<\/p>\n<p>1.\u00a0\u00a0\u00a0\u00a0\u00a0\u00a0\u00a0\u00a0\u00a0\u00a0\u00a0 You\u2019re Gonna Burn<br \/>2.\u00a0\u00a0\u00a0\u00a0\u00a0\u00a0\u00a0\u00a0\u00a0\u00a0\u00a0 Eye for an Eye<br \/>3.\u00a0\u00a0\u00a0\u00a0\u00a0\u00a0\u00a0\u00a0\u00a0\u00a0\u00a0 The Wrath of Love<br \/>4.\u00a0\u00a0\u00a0\u00a0\u00a0\u00a0\u00a0\u00a0\u00a0\u00a0\u00a0 Over the Edge<br \/>5.\u00a0\u00a0\u00a0\u00a0\u00a0\u00a0\u00a0\u00a0\u00a0\u00a0\u00a0 Didya Think You Could Fall in Love?<br \/>6.\u00a0\u00a0\u00a0\u00a0\u00a0\u00a0\u00a0\u00a0\u00a0\u00a0\u00a0 Can\u2019t Be Wrong<br \/>7.\u00a0\u00a0\u00a0\u00a0\u00a0\u00a0\u00a0\u00a0\u00a0\u00a0\u00a0 I\u2019ll Be Your Shadow<br \/>8.\u00a0\u00a0\u00a0\u00a0\u00a0\u00a0\u00a0\u00a0\u00a0\u00a0\u00a0 Time to Take Your Pill<\/p>\n<p>Estar\u00e1 disponible en CD didpack y formato digital.<\/p>\n<p>El cantante Jizzy Pearl ha estado acompa\u00f1ado por el guitarrista Darren Housholder, el bajista Christian Kimmett y el bater\u00eda Dave Moreno.<\/p>\n<p>El \u00e1lbum sali\u00f3 en EE UU hace unos meses v\u00eda de Kenyon Records.<\/p>\n<p>A continuaci\u00f3n ten\u00e9is el v\u00eddeo para \u201cOver The Edge\u201d. El v\u00eddeo ha sido realizado por Ashley Miles de Hot Frog Animations.<\/p>\n<p>M\u00e1s sobre la banda en esta <a href=\"https:\/\/www.rafabasa.com\/2021\/11\/23\/judas-priest-jizzy-pearls-love-hate-burning-witches\/#JIZZY_PEARLS_LOVE_HATE\" rel=\"nofollow noopener\" target=\"_blank\">noticia<\/a>.<\/p>\n<p align=\"center\"><strong>Sigue el\u00a0<a href=\"https:\/\/whatsapp.com\/channel\/0029VaCprxVBA1f555USvT2O\" target=\"_blank\" rel=\"nofollow noopener\">Canal de RAFABASA.COM en WhatsApp<\/a>, donde encontrar\u00e1s todas nuestras novedades al instante<\/strong><\/p>\n<p>\u00a0<\/p>\n","protected":false},"excerpt":{"rendered":"\u00a0 BLACK LABEL SOCIETY en Iberoam\u00e9rica \u2013 Single de GRAHAM BONNET BAND \u2013 Nuevo disco de LOVE\/HATE. BLACK&hellip;\n","protected":false},"author":2,"featured_media":229184,"comment_status":"","ping_status":"","sticky":false,"template":"","format":"standard","meta":{"footnotes":""},"categories":[170],"tags":[60179,146,147,25,24,50193,60180,184,185,23],"class_list":{"0":"post-229183","1":"post","2":"type-post","3":"status-publish","4":"format-standard","5":"has-post-thumbnail","7":"category-musica","8":"tag-black-label-society","9":"tag-entertainment","10":"tag-entretenimiento","11":"tag-es","12":"tag-espana","13":"tag-graham-bonnet-band","14":"tag-love-hate","15":"tag-music","16":"tag-musica","17":"tag-spain"},"share_on_mastodon":{"url":"https:\/\/pubeurope.com\/@es\/115527282057222142","error":""},"_links":{"self":[{"href":"https:\/\/www.europesays.com\/es\/wp-json\/wp\/v2\/posts\/229183","targetHints":{"allow":["GET"]}}],"collection":[{"href":"https:\/\/www.europesays.com\/es\/wp-json\/wp\/v2\/posts"}],"about":[{"href":"https:\/\/www.europesays.com\/es\/wp-json\/wp\/v2\/types\/post"}],"author":[{"embeddable":true,"href":"https:\/\/www.europesays.com\/es\/wp-json\/wp\/v2\/users\/2"}],"replies":[{"embeddable":true,"href":"https:\/\/www.europesays.com\/es\/wp-json\/wp\/v2\/comments?post=229183"}],"version-history":[{"count":0,"href":"https:\/\/www.europesays.com\/es\/wp-json\/wp\/v2\/posts\/229183\/revisions"}],"wp:featuredmedia":[{"embeddable":true,"href":"https:\/\/www.europesays.com\/es\/wp-json\/wp\/v2\/media\/229184"}],"wp:attachment":[{"href":"https:\/\/www.europesays.com\/es\/wp-json\/wp\/v2\/media?parent=229183"}],"wp:term":[{"taxonomy":"category","embeddable":true,"href":"https:\/\/www.europesays.com\/es\/wp-json\/wp\/v2\/categories?post=229183"},{"taxonomy":"post_tag","embeddable":true,"href":"https:\/\/www.europesays.com\/es\/wp-json\/wp\/v2\/tags?post=229183"}],"curies":[{"name":"wp","href":"https:\/\/api.w.org\/{rel}","templated":true}]}}