{"id":229234,"date":"2025-11-10T21:06:08","date_gmt":"2025-11-10T21:06:08","guid":{"rendered":"https:\/\/www.europesays.com\/es\/229234\/"},"modified":"2025-11-10T21:06:08","modified_gmt":"2025-11-10T21:06:08","slug":"alexis-y-azpilicueta-quieren-regresar-para-el-derbi-sevilla","status":"publish","type":"post","link":"https:\/\/www.europesays.com\/es\/229234\/","title":{"rendered":"Alexis y Azpilicueta quieren regresar para el derbi Sevilla"},"content":{"rendered":"<p style=\"\">El <strong>Sevilla FC<\/strong> descans\u00f3 ayer y hoy tras la victoria cosechada en el <strong>S\u00e1nchez-Pizju\u00e1n<\/strong> ante Osasuna. El conjunto dirigido por <strong>Mat\u00edas Almeyda<\/strong> regresar\u00e1 este martes para ir preparando, sin prisas, el pr\u00f3ximo encuentro liguero ante el Espanyol tras el par\u00f3n de  &#8230; selecciones. Almeyda tiene casi dos semanas de trabajo por delante, pero cuenta con la plantilla muy mermada entre los lesionados y los <strong>ocho internacionales<\/strong> que han puesto rumbo con sus respectivas selecciones. <\/p>\n<p class=\"voc-p\" style=\"\"><strong>Gudelj, Vlachodimos, Nyland, Suazo, Vargas, Sow, Ejuke y Akor Adams<\/strong> se han marchado con sus respectivos combinados, mientras que <strong>Alexis, Azpilicueta, Cardoso, Isaac Romero y Agoum\u00e9<\/strong> se encuentran en la enfermer\u00eda. No obstante, el pivote franc\u00e9s se prev\u00e9 que regrese muy pronto con el grupo, puesto que lo que tiene es un golpe que le molesta, pero nada de gravedad. <\/p>\n<p class=\"voc-p\" style=\"\">Durante el d\u00eda de hoy, tanto Alexis como Cardoso han compartido a trav\u00e9s de sus redes sociales c\u00f3mo han acudido a las instalaciones de la ciudad deportiva para seguir avanzando en sus recuperaciones. El chileno quiere estar a punto para el derbi que tendr\u00e1 lugar en el<strong> S\u00e1nchez-Pizju\u00e1n<\/strong> el pr\u00f3ximo 30 de noviembre. Mismo reto se ha propuesto Azpilicueta, el cual volvi\u00f3 a lesionarse el pasado fin de semana y se estima que est\u00e9 de baja entre 3-4 semanas. Puede llegar, aunque algo justo.<\/p>\n<p class=\"voc-title\">Entre lesionados y jugadores internacionales, Almeyda tiene trece ausencias esta semana<\/p>\n<p class=\"voc-p\" style=\"\">Por su parte,<strong> Isaac Romero<\/strong> quiere estar para la visita al Espanyol, mientras que la situaci\u00f3n de Cardoso a\u00fan es dif\u00edcil de augurar. El club no cree que pueda jugar ning\u00fan partido de este mes de noviembre, pero todo depender\u00e1 de su evoluci\u00f3n. <\/p>\n<p class=\"voc-p\" style=\"\">Ante esta falta de efectivos, Almeyda tendr\u00e1 que tirar de presencia canterana para que el primer equipo pueda entrenar con garant\u00edas. Adem\u00e1s, el argentino podr\u00e1 seguir atendiendo a los menos habituales y poner especial \u00e9nfasis en recuperar a <strong>Joan Jord\u00e1n<\/strong>. El catal\u00e1n ya entr\u00f3 en la lista del <strong>Sevilla &#8211; Osasuna<\/strong>, pero no tuvo minutos. De hecho, Almeyda sac\u00f3 a Manu Bueno antes que al catal\u00e1n, por lo que se puede intuir que a\u00fan el jugador no est\u00e1 al nivel que debe. <\/p>\n","protected":false},"excerpt":{"rendered":"El Sevilla FC descans\u00f3 ayer y hoy tras la victoria cosechada en el S\u00e1nchez-Pizju\u00e1n ante Osasuna. El conjunto&hellip;\n","protected":false},"author":2,"featured_media":229235,"comment_status":"","ping_status":"","sticky":false,"template":"","format":"standard","meta":{"footnotes":""},"categories":[268],"tags":[31612,30646,291,168,18298,25,24,280,282,13733,5778,1171,281,23,167],"class_list":{"0":"post-229234","1":"post","2":"type-post","3":"status-publish","4":"format-standard","5":"has-post-thumbnail","7":"category-futbol","8":"tag-alexis","9":"tag-azpilicueta","10":"tag-betis","11":"tag-deportes","12":"tag-derbi","13":"tag-es","14":"tag-espana","15":"tag-football","16":"tag-futbol","17":"tag-quieren","18":"tag-regresar","19":"tag-sevilla","20":"tag-soccer","21":"tag-spain","22":"tag-sports"},"share_on_mastodon":{"url":"https:\/\/pubeurope.com\/@es\/115527443127835842","error":""},"_links":{"self":[{"href":"https:\/\/www.europesays.com\/es\/wp-json\/wp\/v2\/posts\/229234","targetHints":{"allow":["GET"]}}],"collection":[{"href":"https:\/\/www.europesays.com\/es\/wp-json\/wp\/v2\/posts"}],"about":[{"href":"https:\/\/www.europesays.com\/es\/wp-json\/wp\/v2\/types\/post"}],"author":[{"embeddable":true,"href":"https:\/\/www.europesays.com\/es\/wp-json\/wp\/v2\/users\/2"}],"replies":[{"embeddable":true,"href":"https:\/\/www.europesays.com\/es\/wp-json\/wp\/v2\/comments?post=229234"}],"version-history":[{"count":0,"href":"https:\/\/www.europesays.com\/es\/wp-json\/wp\/v2\/posts\/229234\/revisions"}],"wp:featuredmedia":[{"embeddable":true,"href":"https:\/\/www.europesays.com\/es\/wp-json\/wp\/v2\/media\/229235"}],"wp:attachment":[{"href":"https:\/\/www.europesays.com\/es\/wp-json\/wp\/v2\/media?parent=229234"}],"wp:term":[{"taxonomy":"category","embeddable":true,"href":"https:\/\/www.europesays.com\/es\/wp-json\/wp\/v2\/categories?post=229234"},{"taxonomy":"post_tag","embeddable":true,"href":"https:\/\/www.europesays.com\/es\/wp-json\/wp\/v2\/tags?post=229234"}],"curies":[{"name":"wp","href":"https:\/\/api.w.org\/{rel}","templated":true}]}}