{"id":229275,"date":"2025-11-10T21:36:16","date_gmt":"2025-11-10T21:36:16","guid":{"rendered":"https:\/\/www.europesays.com\/es\/229275\/"},"modified":"2025-11-10T21:36:16","modified_gmt":"2025-11-10T21:36:16","slug":"famke-janssen-explica-por-que-no-vuelve-a-avengers-doomsday-como-jean-grey-no-me-interesa","status":"publish","type":"post","link":"https:\/\/www.europesays.com\/es\/229275\/","title":{"rendered":"Famke Janssen explica por qu\u00e9 no vuelve a &#8216;Avengers: Doomsday&#8217; como Jean Grey: \u00abNo me interesa\u00bb"},"content":{"rendered":"<p>El ambicioso plan de Marvel Studios para unir a los h\u00e9roes de diferentes universos en &#8216;<a href=\"https:\/\/www.ecartelera.com\/peliculas\/avengers-kang-dynasty\/\" rel=\"nofollow noopener\" target=\"_blank\">Avengers: Doomsday<\/a>&#8216; y &#8216;<a href=\"https:\/\/www.ecartelera.com\/peliculas\/avengers-secret-wars\/\" rel=\"nofollow noopener\" target=\"_blank\">Avengers: Secret Wars<\/a>&#8216; promete ser una <b>celebraci\u00f3n del legado superheroico de las \u00faltimas dos d\u00e9cadas<\/b>. Sin embargo, no todos los veteranos de la era Fox se sumar\u00e1n a la fiesta multiversal. <a href=\"https:\/\/www.ecartelera.com\/personas\/famke-janssen\/\" rel=\"nofollow noopener\" target=\"_blank\">Famke Janssen<\/a>, recordada por su interpretaci\u00f3n de Jean Grey en la saga original de &#8216;<a href=\"https:\/\/www.ecartelera.com\/sagas\/x-men\/\" rel=\"nofollow noopener\" target=\"_blank\">X-Men<\/a>&#8216;, ha confirmado que no regresar\u00e1 al papel que la hizo mundialmente famosa.<\/p>\n<p>Tr\u00e1iler &#8216;X-Men 3: La decisi\u00f3n final&#8217;<\/p>\n<p><video id=\"vid-10440\" class=\"video-js vjs-default-skin\" data-title=\"Tr\u00e1iler 'X-Men 3: La decisi\u00f3n final'\" poster=\"https:\/\/www.ecartelera.com\/images\/videos\/10400\/10440-m.jpg\" controls=\"\" preload=\"auto\" width=\"640\" height=\"360\" playsinline=\"\" data-vtt=\"\/\/v1.ecartelera.com\/video\/10400\/10440_sprite.vtt\" data-stream=\"1\">El navegador no soporta el tag de v\u00eddeo.<\/video><\/p>\n<p>X<\/p>\n<p>En una reciente <a target=\"_blank\" href=\"https:\/\/www.youtube.com\/watch?v=9FF6BXHAlto&amp;t=3147s\" rel=\"nofollow noopener\">entrevista<\/a> con el periodista Kristian Harloff, la actriz neerlandesa ha hablado sobre su carrera y sobre su nuevo proyecto con Netflix, &#8216;Amsterdam Empire&#8217;. Al ser preguntada por una posible participaci\u00f3n en &#8216;Avengers: Doomsday&#8217;, Janssen fue tajante: \u00abNo, <b>no volver\u00e9, ni me interesa hacerlo<\/b>\u00ab. Seg\u00fan ha explicado, su prioridad actual pasa por <b>ejercer un rol m\u00e1s activo detr\u00e1s de las c\u00e1maras<\/b>, como productora ejecutiva de su serie. \u00abEn este proyecto tengo voz y voto, puedo participar en las decisiones creativas. Eso no es algo que Marvel busque de m\u00ed\u00bb, ha apuntado.<\/p>\n<p>La actriz, que suma m\u00e1s de 80 pel\u00edculas en su filmograf\u00eda, ha asegurado que prefiere mirar hacia adelante en lugar de revivir papeles del pasado. \u00ab<b>Me cuesta volver atr\u00e1s para hacer un personaje que solo tiene unas l\u00edneas<\/b>. No me resulta interesante. Estoy en otro momento y me he ganado ese espacio\u00bb, ha comentado, subrayando su deseo de centrarse en trabajos donde pueda aportar m\u00e1s all\u00e1 de la actuaci\u00f3n.<\/p>\n<p>\t\t\t\t\t\t\t<img decoding=\"async\" loading=\"lazy\" src=\"https:\/\/www.europesays.com\/es\/wp-content\/uploads\/2025\/11\/247638_famke-janssen-explica-por-que-no-vuelve-a-avenger.jpg\" alt=\"Jean Grey se transforma en F\u00e9nix Oscura en 'X-Men: La decisi\u00f3n final'\" width=\"1200\" height=\"600\"\/>\t<\/p>\n<p>\t\t\t\t\t\tJean Grey se transforma en F\u00e9nix Oscura en &#8216;X-Men: La decisi\u00f3n final&#8217; (20th Century Fox)<\/p>\n<p>Aun as\u00ed, Janssen no cierra la puerta del todo a los grandes repartos corales. \u00abAcabo de terminar una pel\u00edcula en Bulgaria, &#8216;One Second After&#8217;, y tambi\u00e9n dise\u00f1\u00e9 mi propio vestuario\u00bb, ha adelantado. \u00ab<b>Me encanta participar en el proceso creativo, explorar otras facetas<\/b>. Ahora mismo, eso me motiva m\u00e1s que cualquier regreso nost\u00e1lgico\u00bb, ha reiterado.<\/p>\n<p>La hora mutante<\/p>\n<p>La noticia llega en un momento en que &#8216;Avengers: Doomsday&#8217; genera una enorme expectaci\u00f3n entre los fans por reunir a h\u00e9roes del <a href=\"https:\/\/www.ecartelera.com\/sagas\/universo-marvel\/\" rel=\"nofollow noopener\" target=\"_blank\">Universo Cinematogr\u00e1fico Marvel<\/a> con los personajes de las pel\u00edculas cl\u00e1sicas de Fox. Entre los confirmados se encuentran <a href=\"https:\/\/www.ecartelera.com\/personas\/patrick-stewart\/\" rel=\"nofollow noopener\" target=\"_blank\">Patrick Stewart<\/a>, <a href=\"https:\/\/www.ecartelera.com\/personas\/ian-mckellen\/\" rel=\"nofollow noopener\" target=\"_blank\">Ian McKellen<\/a>, <a href=\"https:\/\/www.ecartelera.com\/personas\/james-marsden\/\" rel=\"nofollow noopener\" target=\"_blank\">James Marsden<\/a>, <a href=\"https:\/\/www.ecartelera.com\/personas\/kelsey-grammer\/\" rel=\"nofollow noopener\" target=\"_blank\">Kelsey Grammer<\/a>, <a href=\"https:\/\/www.ecartelera.com\/personas\/alan-cumming\/\" rel=\"nofollow noopener\" target=\"_blank\">Alan Cumming<\/a> y <a href=\"https:\/\/www.ecartelera.com\/personas\/rebecca-romijn\/\" rel=\"nofollow noopener\" target=\"_blank\">Rebecca Romijn<\/a>, quienes <b>volver\u00e1n a encarnar a sus ic\u00f3nicos mutantes<\/b>.<\/p>\n<p>\t\t\t\t\t\t\t<img decoding=\"async\" loading=\"lazy\" src=\"https:\/\/www.europesays.com\/es\/wp-content\/uploads\/2025\/11\/247640_famke-janssen-explica-por-que-no-vuelve-a-avenger.jpg\" alt=\"'X-Men 2'\" width=\"1200\" height=\"801\"\/>\t<\/p>\n<p>\t\t\t\t\t\t&#8216;X-Men 2&#8217; (20th Century Fox)<\/p>\n<p>Aunque los seguidores lamentar\u00e1n la ausencia de Janssen, su decisi\u00f3n encaja con la direcci\u00f3n que est\u00e1 tomando su carrera y con la saturaci\u00f3n de cameos que se espera en la cinta. &#8216;Avengers: Doomsday&#8217;, dirigida por <a href=\"https:\/\/www.ecartelera.com\/personas\/anthony-russo\/\" rel=\"nofollow noopener\" target=\"_blank\">Anthony<\/a> y <a href=\"https:\/\/www.ecartelera.com\/personas\/joe-russo\/\" rel=\"nofollow noopener\" target=\"_blank\">Joe Russo<\/a>, servir\u00e1 como antesala de &#8216;Secret Wars&#8217;, donde<b> Doctor Muerte se consolidar\u00e1 como el nuevo gran villano <\/b>del multiverso Marvel.<\/p>\n<p>Para muchos, la elecci\u00f3n de no recuperar a Jean Grey en su versi\u00f3n cl\u00e1sica puede ser estrat\u00e9gica: la franquicia <b>se prepara para introducir a una nueva generaci\u00f3n de mutantes<\/b> dentro del UCM, probablemente encabezada por rostros m\u00e1s j\u00f3venes. Con o sin Janssen, el legado de la poderosa tel\u00e9pata ya est\u00e1 asegurado y su sombra seguir\u00e1 proyect\u00e1ndose sobre los futuros X-Men del cine.<\/p>\n","protected":false},"excerpt":{"rendered":"El ambicioso plan de Marvel Studios para unir a los h\u00e9roes de diferentes universos en &#8216;Avengers: Doomsday&#8216; y&hellip;\n","protected":false},"author":2,"featured_media":229276,"comment_status":"","ping_status":"","sticky":false,"template":"","format":"standard","meta":{"footnotes":""},"categories":[169],"tags":[1014,1015,1013,177,1011,146,147,25,24,782,176,1019,1016,175,753,1012,23,1017,1018],"class_list":{"0":"post-229275","1":"post","2":"type-post","3":"status-publish","4":"format-standard","5":"has-post-thumbnail","7":"category-cine","8":"tag-actores","9":"tag-actrices","10":"tag-cartelera","11":"tag-cine","12":"tag-ecartelera","13":"tag-entertainment","14":"tag-entretenimiento","15":"tag-es","16":"tag-espana","17":"tag-estrellas","18":"tag-film","19":"tag-fotogramas","20":"tag-fotos","21":"tag-movies","22":"tag-peliculas","23":"tag-pelis","24":"tag-spain","25":"tag-trailers","26":"tag-videos"},"share_on_mastodon":{"url":"https:\/\/pubeurope.com\/@es\/115527561388791511","error":""},"_links":{"self":[{"href":"https:\/\/www.europesays.com\/es\/wp-json\/wp\/v2\/posts\/229275","targetHints":{"allow":["GET"]}}],"collection":[{"href":"https:\/\/www.europesays.com\/es\/wp-json\/wp\/v2\/posts"}],"about":[{"href":"https:\/\/www.europesays.com\/es\/wp-json\/wp\/v2\/types\/post"}],"author":[{"embeddable":true,"href":"https:\/\/www.europesays.com\/es\/wp-json\/wp\/v2\/users\/2"}],"replies":[{"embeddable":true,"href":"https:\/\/www.europesays.com\/es\/wp-json\/wp\/v2\/comments?post=229275"}],"version-history":[{"count":0,"href":"https:\/\/www.europesays.com\/es\/wp-json\/wp\/v2\/posts\/229275\/revisions"}],"wp:featuredmedia":[{"embeddable":true,"href":"https:\/\/www.europesays.com\/es\/wp-json\/wp\/v2\/media\/229276"}],"wp:attachment":[{"href":"https:\/\/www.europesays.com\/es\/wp-json\/wp\/v2\/media?parent=229275"}],"wp:term":[{"taxonomy":"category","embeddable":true,"href":"https:\/\/www.europesays.com\/es\/wp-json\/wp\/v2\/categories?post=229275"},{"taxonomy":"post_tag","embeddable":true,"href":"https:\/\/www.europesays.com\/es\/wp-json\/wp\/v2\/tags?post=229275"}],"curies":[{"name":"wp","href":"https:\/\/api.w.org\/{rel}","templated":true}]}}