{"id":229311,"date":"2025-11-10T22:03:26","date_gmt":"2025-11-10T22:03:26","guid":{"rendered":"https:\/\/www.europesays.com\/es\/229311\/"},"modified":"2025-11-10T22:03:26","modified_gmt":"2025-11-10T22:03:26","slug":"sinner-se-acerca-a-una-historica-racha-de-federer-bajo-techo-atp-tour","status":"publish","type":"post","link":"https:\/\/www.europesays.com\/es\/229311\/","title":{"rendered":"Sinner se acerca a una hist\u00f3rica racha de Federer bajo techo | ATP Tour"},"content":{"rendered":"<p>        Nitto ATP Finals<br \/>\n    Sinner se acerca a una hist\u00f3rica racha de Federer bajo techo<\/p>\n<p>El mi\u00e9rcoles volver\u00e1 a pista para medir a Alexander Zverev<\/p>\n<p>November 10, 2025<\/p>\n<p>            <img decoding=\"async\" src=\"https:\/\/www.europesays.com\/es\/wp-content\/uploads\/2025\/11\/turin-2025-sinner-lunes.jpg\" alt=\"Jannik Sinner es el vigente campe\u00f3n de las Nitto ATP Finals.\"\/><\/p>\n<p>Getty Images<\/p>\n<p>        Jannik Sinner es el vigente campe\u00f3n de las Nitto ATP Finals.<br \/>\n        By Redacci\u00f3n ATP <\/p>\n<p><a href=\"https:\/\/www.atptour.com\/es\/players\/jannik-sinner\/s0ag\/overview\" rel=\"nofollow noopener\" target=\"_blank\">Jannik Sinner<\/a> es una m\u00e1quina de triunfos en pistas r\u00e1pidas bajo techo. Al sumar uno m\u00e1s este lunes en su debut de las <a href=\"https:\/\/www.atptour.com\/es\/tournaments\/nitto-atp-finals\/605\/overview\" rel=\"nofollow noopener\" target=\"_blank\">Nitto ATP Finals<\/a>, gracias a superar 7-5, 6-1 al canadiense Felix-Auger-Aliassime, el italiano lleg\u00f3 a 27 partidos ganados de manera consecutiva en este tipo de pistas.<\/p>\n<p>Estamos hablando de la sexta mejor racha en estas condiciones en la Era Abierta. Y gracias al resultado del lunes, ahora est\u00e1 a dos victorias m\u00e1s de igualar la racha de 29 victorias de <a href=\"https:\/\/www.atptour.com\/es\/players\/roger-federer\/f324\/overview\" rel=\"nofollow noopener\" target=\"_blank\">Roger Federer<\/a> en pistas r\u00e1pidas bajo techo entre 2010 y 2012.<\/p>\n<p><strong>Mayores rachas en pistas r\u00e1pidas bajo techo en la Era Abierta (desde 1968)<\/strong><\/p>\n<p>Sinner ha alimentado ya m\u00faltiples veces este invicto venciendo a <a href=\"https:\/\/www.atptour.com\/es\/players\/felix-auger-aliassime\/ag37\/overview\" rel=\"nofollow noopener\" target=\"_blank\">Felix Auger-Aliassime<\/a>, su verdugo hace unos d\u00edas en la final del ATP Masters 1000 de Par\u00eds, donde dej\u00f3 en 10-0 su r\u00e9cord en estas condiciones antes de llegar a las <a href=\"https:\/\/www.atptour.com\/es\/tournaments\/nitto-atp-finals\/605\/overview\" rel=\"nofollow noopener\" target=\"_blank\">Nitto ATP Finals<\/a>.<\/p>\n<p>En Par\u00eds le ha dado pocas razones para ilusionarse al canadiense, por segunda vez compitiendo en este evento. Y este lunes menos. El 23 veces campe\u00f3n del ATP Tour ni siquiera enfrent\u00f3 break points, una efectividad letal combinada con las tres rupturas que logr\u00f3 al resto en el duelo de menos de dos horas de juego.<\/p>\n<p>Con este resultado, el No. 2 del PIF ATP Rankings deja en 4-2 su Lexus ATP HeadToHead con Felix, quien antes de 2025 lideraba 2-0 la rivalidad entre ambos. El italiano lo derrot\u00f3 esta temporada en Cincinnati, el <a href=\"https:\/\/www.atptour.com\/es\/tournaments\/us-open\/560\/overview\" rel=\"nofollow noopener\" target=\"_blank\">US Open<\/a>, Par\u00eds y ahora en Tur\u00edn.\u00a0\u00a0<\/p>\n<p>Adem\u00e1s, Sinner llega con este marcador a once victorias en este evento, y a seis de manera consecutiva, una racha en la que a\u00fan no pierde sets. Adem\u00e1s, se consolida con la segunda mejor efectividad en la historia del torneo, con 83% (r\u00e9cord de 11-2), y s\u00f3lo superado por el 88% de Illie Nastase (r\u00e9cord de 22-3).<\/p>\n<p>El mi\u00e9rcoles volver\u00e1 a saltar a pista cuando mida a <a href=\"https:\/\/www.atptour.com\/es\/players\/alexander-zverev\/z355\/overview\" rel=\"nofollow noopener\" target=\"_blank\">Alexander Zverev<\/a>, No. 3 del PIF ATP Rankings. El italiano lidera 5-4 el Lexus ATP HeadToHead entre ambos. En el otro duelo de esa jornada y correspondiente al grupo <a href=\"https:\/\/www.atptour.com\/es\/players\/bjorn-borg\/b058\/overview\" rel=\"nofollow noopener\" target=\"_blank\">Bjorn Borg<\/a>, Auger-Aliassime enfrentar\u00e1 al estadounidense <a href=\"https:\/\/www.atptour.com\/es\/players\/ben-shelton\/s0s1\/overview\" rel=\"nofollow noopener\" target=\"_blank\">Ben Shelton<\/a> en el partido entre perdedores en su debut del certamen.<\/p>\n","protected":false},"excerpt":{"rendered":"Nitto ATP Finals Sinner se acerca a una hist\u00f3rica racha de Federer bajo techo El mi\u00e9rcoles volver\u00e1 a&hellip;\n","protected":false},"author":2,"featured_media":229312,"comment_status":"","ping_status":"","sticky":false,"template":"","format":"standard","meta":{"footnotes":""},"categories":[93],"tags":[168,25,24,23,167],"class_list":{"0":"post-229311","1":"post","2":"type-post","3":"status-publish","4":"format-standard","5":"has-post-thumbnail","7":"category-deportes","8":"tag-deportes","9":"tag-es","10":"tag-espana","11":"tag-spain","12":"tag-sports"},"share_on_mastodon":{"url":"https:\/\/pubeurope.com\/@es\/115527667747073222","error":""},"_links":{"self":[{"href":"https:\/\/www.europesays.com\/es\/wp-json\/wp\/v2\/posts\/229311","targetHints":{"allow":["GET"]}}],"collection":[{"href":"https:\/\/www.europesays.com\/es\/wp-json\/wp\/v2\/posts"}],"about":[{"href":"https:\/\/www.europesays.com\/es\/wp-json\/wp\/v2\/types\/post"}],"author":[{"embeddable":true,"href":"https:\/\/www.europesays.com\/es\/wp-json\/wp\/v2\/users\/2"}],"replies":[{"embeddable":true,"href":"https:\/\/www.europesays.com\/es\/wp-json\/wp\/v2\/comments?post=229311"}],"version-history":[{"count":0,"href":"https:\/\/www.europesays.com\/es\/wp-json\/wp\/v2\/posts\/229311\/revisions"}],"wp:featuredmedia":[{"embeddable":true,"href":"https:\/\/www.europesays.com\/es\/wp-json\/wp\/v2\/media\/229312"}],"wp:attachment":[{"href":"https:\/\/www.europesays.com\/es\/wp-json\/wp\/v2\/media?parent=229311"}],"wp:term":[{"taxonomy":"category","embeddable":true,"href":"https:\/\/www.europesays.com\/es\/wp-json\/wp\/v2\/categories?post=229311"},{"taxonomy":"post_tag","embeddable":true,"href":"https:\/\/www.europesays.com\/es\/wp-json\/wp\/v2\/tags?post=229311"}],"curies":[{"name":"wp","href":"https:\/\/api.w.org\/{rel}","templated":true}]}}