{"id":229321,"date":"2025-11-10T22:09:11","date_gmt":"2025-11-10T22:09:11","guid":{"rendered":"https:\/\/www.europesays.com\/es\/229321\/"},"modified":"2025-11-10T22:09:11","modified_gmt":"2025-11-10T22:09:11","slug":"belgica-ofrece-2-000-euros-al-mes-a-149-000-jovenes-por-hacer-la-mili-voluntaria","status":"publish","type":"post","link":"https:\/\/www.europesays.com\/es\/229321\/","title":{"rendered":"B\u00e9lgica ofrece 2.000 euros al mes a 149.000 j\u00f3venes por hacer la mili voluntaria"},"content":{"rendered":"<p>Mientras B\u00e9lgica celebra este martes el D\u00eda del Armisticio, fiesta nacional en el pa\u00eds, miles de j\u00f3venes han comenzado a recibir una carta en la  &#8230; que el Gobierno les invita a hacer el servicio militar voluntario durante un a\u00f1o por un sueldo de 2.000 euros al mes. La misiva llegar\u00e1 a los hogares de un total de 149.000 hombres y mujeres que en 2026 cumplir\u00e1n la mayor\u00eda de edad, anunci\u00f3 el ministro de Defensa belga, Theo Francken, en redes sociales. El objetivo de la campa\u00f1a es lograr medio millar de reclutas para el programa de formaci\u00f3n castrense que empezar\u00e1 el pr\u00f3ximo septiembre.<\/p>\n<p><a href=\"http:\/\/www.elcorreo.com\/internacional\/europa\/belgica-aumentara-vigilancia-prohibira-vuelo-drones-sobre-20251106173340-ntrc.html#vtm_modulosEngag=mod-rel:internacional:noticia:1:cmp:2-not\" class=\"v-a-link\" title=\"B\u00e9lgica aumentar\u00e1 la vigilancia y prohibir\u00e1 el vuelo de drones sobre \u00abzonas sensibles\u00bb\" rel=\"nofollow noopener\" target=\"_blank\"><br \/>\n<img decoding=\"async\" loading=\"lazy\" class=\"v-a-img\" src=\"https:\/\/www.europesays.com\/es\/wp-content\/uploads\/2025\/11\/belgica-drones-kiRE-U240145479800nIC-366x256@RC.JPG\" alt=\"B\u00e9lgica aumentar\u00e1 la vigilancia y prohibir\u00e1 el vuelo de drones sobre \u00abzonas sensibles\u00bb\"\/><br \/>\n<\/a><\/p>\n<p><a href=\"http:\/\/www.elcorreo.com\/internacional\/europa\/merz-considera-inevitable-regreso-mili-obligatoria-alemania-20251006130656-ntrc.html#vtm_modulosEngag=mod-rel:internacional:noticia:2:cmp:2-not\" class=\"v-a-link\" title=\"Merz considera pr\u00e1cticamente inevitable el regreso de la mili obligatoria en Alemania\" rel=\"nofollow noopener\" target=\"_blank\"><br \/>\n<img decoding=\"async\" loading=\"lazy\" class=\"v-a-img\" src=\"https:\/\/www.europesays.com\/es\/wp-content\/uploads\/2025\/11\/alemania-knTH--366x256@RC.jpg\" alt=\"Merz considera pr\u00e1cticamente inevitable el regreso de la mili obligatoria en Alemania\"\/><br \/>\n<\/a><\/p>\n<p class=\"v-p\">El Ejecutivo belga, actualmente encabezado por la ultraderecha con la formaci\u00f3n nacionalista flamenca N-VA, pretende que este programa duplique su oferta y llegue hasta las 1.000 plazas en 2027, con la idea de aumentar progresivamente la cifra hasta llegar a los 7.000 reclutas anuales. La iniciativa llega en un momento en el que Europa trata de reforzar sus defensas ante la amenaza que supone Rusia, sobre todo tras los recientes incidentes con las incursiones de drones en el espacio a\u00e9reo comunitario y que B\u00e9lgica ha vivido en sus propios cielos.<\/p>\n<p class=\"v-p\">El ministro de Defensa belga, por su parte, justific\u00f3 la campa\u00f1a alegando la necesidad de renovar a los soldados ante la llegada de \u00abmucho material nuevo\u00bb, despu\u00e9s de que el pa\u00eds se comprometiera con la OTAN a aumentar sustancialmente su gasto militar. Se espera que los nuevos reclutas, de entre 18 y 25 a\u00f1os, se encarguen en su mayor\u00eda de tareas de vigilancia terrestres, navales y a\u00e9reas. \u00abEl objetivo es tambi\u00e9n concienciar a los j\u00f3venes de que el mundo ha cambiado y de que hay una amenaza que pesa sobre nuestro pa\u00eds\u00bb, explic\u00f3 Francken en una entrevista con el diario belga &#8216;Le Soir&#8217;.<\/p>\n<p>Campa\u00f1as de reclutamiento<\/p>\n<p class=\"v-p\">La carta, adem\u00e1s del sueldo, promete que pasar por el ej\u00e9rcito es ideal para \u00abdesarrollar la disciplina y el esp\u00edritu de equipo\u00bb y anima a los interesados a inscribirse. Aunque su entrada no est\u00e1 garantizada, ya que todos los j\u00f3venes deber\u00e1n pasar unos ex\u00e1menes m\u00e9dicos obligatorios.<\/p>\n<p>\nEl Ejecutivo insiste en que las misivas \u00abson s\u00f3lo informativas\u00bb, tras las cr\u00edticas de la poblaci\u00f3n y la oposici\u00f3n\n<\/p>\n<p class=\"v-p\">Las fuerzas armadas belgas cuentan cada a\u00f1o con su propio punto informativo durante los actos que rodean a la Fiesta Nacional, que se celebra el 21 de julio. El ej\u00e9rcito tambi\u00e9n tiene locales repartidos por distintas ciudades y camuflados entre las tiendas a las que los j\u00f3venes interesados pueden acudir con sus dudas. Ahora, el Gobierno ha decidido dar un paso m\u00e1s, con sesiones informativas que llevar\u00e1 a distintos puntos del pa\u00eds durante todo el a\u00f1o. B\u00e9lgica apenas logra reclutar a unos 2.800 soldados al a\u00f1o, una cifra que hace imposible llegar al objetivo fijado por el Ejecutivo de contar con 40.000 militares para 2030.<\/p>\n<p class=\"v-p\">El pa\u00eds suspendi\u00f3 el servicio militar obligatorio en 1993 y reactiva ahora la oferta voluntaria para la poblaci\u00f3n, una medida que ya han puesto en marcha diez pa\u00edses de la Uni\u00f3n Europea. Ante las cr\u00edticas de parte de la poblaci\u00f3n, de asociaciones antimilitaristas y de la oposici\u00f3n del Gobierno a estas cartas, el Ejecutivo liderado por el primer ministro Bart De Weber insiste en que son misivas \u00abpuramente informativas\u00bb y que \u00abno obligan\u00bb a los j\u00f3venes a entrar en la carrera castrense. Eso s\u00ed, una vez que los reclutas firmen el contrato, este tendr\u00e1 un car\u00e1cter vinculante.<\/p>\n","protected":false},"excerpt":{"rendered":"Mientras B\u00e9lgica celebra este martes el D\u00eda del Armisticio, fiesta nacional en el pa\u00eds, miles de j\u00f3venes han&hellip;\n","protected":false},"author":2,"featured_media":229322,"comment_status":"","ping_status":"","sticky":false,"template":"","format":"standard","meta":{"footnotes":""},"categories":[42],"tags":[996,12097,3171,17,18,1557,13,14,11,61,62,63,64,433,19,20,1970,30011,9,10,15,16,12,21,22,65,66,67],"class_list":{"0":"post-229321","1":"post","2":"type-post","3":"status-publish","4":"format-standard","5":"has-post-thumbnail","7":"category-internacional","8":"tag-996","9":"tag-anima","10":"tag-belgica","11":"tag-breaking-news","12":"tag-breakingnews","13":"tag-euros","14":"tag-featured-news","15":"tag-featurednews","16":"tag-headlines","17":"tag-internacional","18":"tag-international","19":"tag-international-news","20":"tag-internationalnews","21":"tag-jovenes","22":"tag-latest-news","23":"tag-latestnews","24":"tag-mes","25":"tag-mili","26":"tag-news","27":"tag-noticias","28":"tag-noticias-destacadas","29":"tag-noticiasdestacadas","30":"tag-titulares","31":"tag-ultimas-noticias","32":"tag-ultimasnoticias","33":"tag-world","34":"tag-world-news","35":"tag-worldnews"},"share_on_mastodon":{"url":"https:\/\/pubeurope.com\/@es\/115527690890630971","error":""},"_links":{"self":[{"href":"https:\/\/www.europesays.com\/es\/wp-json\/wp\/v2\/posts\/229321","targetHints":{"allow":["GET"]}}],"collection":[{"href":"https:\/\/www.europesays.com\/es\/wp-json\/wp\/v2\/posts"}],"about":[{"href":"https:\/\/www.europesays.com\/es\/wp-json\/wp\/v2\/types\/post"}],"author":[{"embeddable":true,"href":"https:\/\/www.europesays.com\/es\/wp-json\/wp\/v2\/users\/2"}],"replies":[{"embeddable":true,"href":"https:\/\/www.europesays.com\/es\/wp-json\/wp\/v2\/comments?post=229321"}],"version-history":[{"count":0,"href":"https:\/\/www.europesays.com\/es\/wp-json\/wp\/v2\/posts\/229321\/revisions"}],"wp:featuredmedia":[{"embeddable":true,"href":"https:\/\/www.europesays.com\/es\/wp-json\/wp\/v2\/media\/229322"}],"wp:attachment":[{"href":"https:\/\/www.europesays.com\/es\/wp-json\/wp\/v2\/media?parent=229321"}],"wp:term":[{"taxonomy":"category","embeddable":true,"href":"https:\/\/www.europesays.com\/es\/wp-json\/wp\/v2\/categories?post=229321"},{"taxonomy":"post_tag","embeddable":true,"href":"https:\/\/www.europesays.com\/es\/wp-json\/wp\/v2\/tags?post=229321"}],"curies":[{"name":"wp","href":"https:\/\/api.w.org\/{rel}","templated":true}]}}