{"id":229333,"date":"2025-11-10T22:20:26","date_gmt":"2025-11-10T22:20:26","guid":{"rendered":"https:\/\/www.europesays.com\/es\/229333\/"},"modified":"2025-11-10T22:20:26","modified_gmt":"2025-11-10T22:20:26","slug":"apollo-compra-el-57-del-atletico-de-madrid-y-valora-al-club-en-2-500-millones-de-euros","status":"publish","type":"post","link":"https:\/\/www.europesays.com\/es\/229333\/","title":{"rendered":"Apollo compra el 57% del Atl\u00e9tico de Madrid y valora al club en 2.500 millones de euros"},"content":{"rendered":"<p>La propiedad del\u00a0<strong><a href=\"https:\/\/www.vozpopuli.com\/tag\/atletico_de_madrid\" rel=\"nofollow noopener\" target=\"_blank\">Atl\u00e9tico de Madrid<\/a> <\/strong>ha formalizado\u00a0un acuerdo con <a href=\"https:\/\/www.vozpopuli.com\/economia\/apollo-pide-a-bruselas-desbloquear-el-mercado-de-titulizaciones-en-plena-ofensiva-en-espana.html\" rel=\"nofollow noopener\" target=\"_blank\">el fondo estadounidense <strong>Apollo Sports Capital<\/strong><\/a> (ASC) para su entrada como <strong>nuevo accionista mayoritario<\/strong> del club de LaLiga a <strong>partir del primer trimestre de\u00a02026<\/strong>. La operaci\u00f3n se materializar\u00eda mediante una <strong>ampliaci\u00f3n de capital<\/strong>. Seg\u00fan ha podido saber\u00a0Vozpopuli<strong>,\u00a0<\/strong>Apollo se har\u00e1 con el\u00a0<strong>57% del capital<\/strong>,\u00a0en una operaci\u00f3n que valorar\u00e1 al club -deal value- en unos <strong>2.500 millones de euros deuda incluida<\/strong>.<\/p>\n<p>El <a href=\"https:\/\/www.vozpopuli.com\/economia\/gil-marin-acuerda-la-venta-del-atletico-de-madrid-a-apollo-por-mas-de-2000-millones.html\" rel=\"nofollow noopener\" target=\"_blank\">acuerdo<\/a>, adelantado por este medio, ha sido oficializado en sus l\u00edneas generales este lunes tras haber prestado su conformidad\u00a0<a href=\"https:\/\/www.vozpopuli.com\/economia\/ares-sopesa-reducir-su-peso-en-el-atletico-de-madrid-para-allanar-la-entrada-de-apollo.html\" rel=\"nofollow noopener\" target=\"_blank\">el\u00a0fondo Ares Management<\/a>.\u00a0El hasta ahora socio internacional de referencia del consejero delegado del Atl\u00e9tico de Madrid,\u00a0<strong>Miguel \u00c1ngel Gil Mar\u00edn<\/strong>, a trav\u00e9s de Atletico HoldCo,\u00a0ha asumido finalmente <a href=\"https:\/\/www.vozpopuli.com\/economia\/ares-sopesa-reducir-su-peso-en-el-atletico-de-madrid-para-allanar-la-entrada-de-apollo.html\" rel=\"nofollow noopener\" target=\"_blank\">reducir su peso en el capital<\/a>\u00a0global -del 24% a un nivel inferior al 10%, precisan fuentes financieras- tras haber <a href=\"https:\/\/www.vozpopuli.com\/economia\/empresas\/ares-reestructura-su-inversion-en-el-atletico-de-madrid-para-facilitar-una-ampliacion-de-capital.html\" rel=\"nofollow noopener\" target=\"_blank\"><strong>consolidado plusval\u00edas contables en los \u00faltimos trimestres<\/strong><\/a>.<\/p>\n<p>Paralelamente, ponen de relieve fuentes financieras, <strong>Apollo<\/strong>\u00a0&#8211;<a href=\"https:\/\/www.vozpopuli.com\/economia\/ares-sopesa-reducir-su-peso-en-el-atletico-de-madrid-para-allanar-la-entrada-de-apollo.html\" rel=\"nofollow noopener\" target=\"_blank\">que comparte fundador con Ares<\/a>&#8211;<strong> recurrir\u00eda a capital \u00edntegramente propio y no a financiaci\u00f3n externa para inyectar m\u00e1s de 1.000 millones en la entidad rojiblanca.<\/strong> La<strong>\u00a0<\/strong>cantidad permitir\u00e1, entre otras cuestiones, financiar el proyecto de la <strong>Ciudad del Deporte<\/strong>, un macrocomplejo de ocio y entretenimiento junto al Estadio Riyadh Air Metropolitano con un presupuesto de 800 millones sobre parcelas concedidas por el Ayuntamiento de Madrid que la Ejecutiva rojiblanca <a href=\"https:\/\/www.vozpopuli.com\/economia\/empresas\/gil-marin-pide-a-la-banca-de-inversion-550-millones-para-el-atletico-de-madrid-antes-de-otono.html\" rel=\"nofollow noopener\" target=\"_blank\">precisaba destrabar este oto\u00f1o<\/a>.<\/p>\n<p><strong>Gil Mar\u00edn<\/strong>, consejero delegado, y <strong>Enrique Cerezo<\/strong>, presidente, mantendr\u00e1n sus cargos y su papel como <strong>accionistas minoritarios durante un per\u00edodo de \u00abtransici\u00f3n\u00bb hasta 2027\/2028 al menos<\/strong>, seg\u00fan las fuentes consultadas, garantizando la <strong>continuidad del modelo deportivo y de gesti\u00f3n<\/strong> que ha situado al club entre los m\u00e1s competitivos de Europa, reivindican desde la entidad rojiblanca.\u00a0El israel\u00ed <strong>Idan Ofer, que hasta ahora ten\u00eda cerca de un 30% como segundo accionista, permanecer\u00e1\u00a0tambi\u00e9n\u00a0como minoritario<\/strong>, han informado fuentes oficiales.<\/p>\n<p>\u00abDe cara al futuro, juntos vemos una gran oportunidad para impulsar un crecimiento s\u00f3lido y sostenible de Atl\u00e9tico de Madrid, sobre la base de nuestro legado. Para m\u00ed <strong>era importante contar con un socio inversor a largo plazo<\/strong> que creyera en nuestra estrategia y pudiera potenciar nuestras actividades <strong>fuera del terreno de juego con el desarrollo de la Ciudad del Deporte<\/strong>\u00ab, ha incidido Miguel \u00c1ngel Gil Mar\u00edn en el comunicado del anuncio de la entrada de Apollo.\u00a0<\/p>\n<p>Inyecci\u00f3n para consolidar el crecimiento<\/p>\n<p><strong>Robert Givone<\/strong>, socio de Apollo y co-gestor de ASC, ha destacado\u00a0que el Atl\u00e9tico \u00abes una de las grandes instituciones deportivas de Europa\u00bb y que la inversi\u00f3n busca respaldar \u00abla continuidad del liderazgo de Miguel \u00c1ngel Gil, adem\u00e1s de invertir en el equipo y en la comunidad local\u00bb.<\/p>\n<p>Por su parte, <strong>Jim Miller<\/strong>, codirector de la estrategia de Deporte, Medios y Entretenimiento de Ares y consejero del consejo de administraci\u00f3n de <strong>Atl\u00e9tico HoldCo<\/strong>, la mercantil compartida con Gil y Cerezo, ha afirmado estar igualmente entusiasmado de \u00abseguir como inversores minoritarios y de continuar ofreciendo apoyo estrat\u00e9gico mientras el Club consolida su crecimiento\u00bb.<\/p>\n<p>Apollo aportar\u00e1 as\u00ed\u00a0<strong>capital fresco y su creciente experiencia en el sector deportivo, los medios y el entretenimiento<\/strong>. El fondo, que ya controla torneos como el <strong>Mutua Madrid Open<\/strong> y el <strong>Miami Open<\/strong>, sit\u00faa as\u00ed al Atl\u00e9tico como su principal inversi\u00f3n deportiva en Europa. Seg\u00fan la nota oficial, la firma prev\u00e9 trabajar con la direcci\u00f3n del club para \u00abreforzar su solidez financiera, competitividad deportiva y contribuci\u00f3n a la comunidad\u00bb.<\/p>\n<p>En paralelo, Ares ha aceptado <strong>reducir\u00a0su participaci\u00f3n<\/strong>, manteniendo presencia minoritaria en el consejo y exposici\u00f3n estrat\u00e9gica al f\u00fatbol europeo. Su decisi\u00f3n de no acudir a la ampliaci\u00f3n responde a un criterio de <strong>eficiencia de capital y maximizaci\u00f3n de plusval\u00edas<\/strong>, despu\u00e9s de haber revalorizado su inversi\u00f3n en torno a un 40% desde su entrada en 2021.<\/p>\n<p>El cierre de la operaci\u00f3n est\u00e1 previsto para el <strong>primer trimestre de 2026<\/strong>, condicionado a las autorizaciones regulatorias. Con la llegada de Apollo, el Atl\u00e9tico inicia una nueva etapa de crecimiento institucional, que combina continuidad en la gesti\u00f3n y capital internacional de largo plazo, con el objetivo de consolidarse entre la \u00e9lite deportiva y econ\u00f3mica de Europa.<\/p>\n","protected":false},"excerpt":{"rendered":"La propiedad del\u00a0Atl\u00e9tico de Madrid ha formalizado\u00a0un acuerdo con el fondo estadounidense Apollo Sports Capital (ASC) para su&hellip;\n","protected":false},"author":2,"featured_media":229334,"comment_status":"","ping_status":"","sticky":false,"template":"","format":"standard","meta":{"footnotes":""},"categories":[268],"tags":[168,25,24,280,282,281,23,167],"class_list":{"0":"post-229333","1":"post","2":"type-post","3":"status-publish","4":"format-standard","5":"has-post-thumbnail","7":"category-futbol","8":"tag-deportes","9":"tag-es","10":"tag-espana","11":"tag-football","12":"tag-futbol","13":"tag-soccer","14":"tag-spain","15":"tag-sports"},"share_on_mastodon":{"url":"https:\/\/pubeurope.com\/@es\/115527733949664943","error":""},"_links":{"self":[{"href":"https:\/\/www.europesays.com\/es\/wp-json\/wp\/v2\/posts\/229333","targetHints":{"allow":["GET"]}}],"collection":[{"href":"https:\/\/www.europesays.com\/es\/wp-json\/wp\/v2\/posts"}],"about":[{"href":"https:\/\/www.europesays.com\/es\/wp-json\/wp\/v2\/types\/post"}],"author":[{"embeddable":true,"href":"https:\/\/www.europesays.com\/es\/wp-json\/wp\/v2\/users\/2"}],"replies":[{"embeddable":true,"href":"https:\/\/www.europesays.com\/es\/wp-json\/wp\/v2\/comments?post=229333"}],"version-history":[{"count":0,"href":"https:\/\/www.europesays.com\/es\/wp-json\/wp\/v2\/posts\/229333\/revisions"}],"wp:featuredmedia":[{"embeddable":true,"href":"https:\/\/www.europesays.com\/es\/wp-json\/wp\/v2\/media\/229334"}],"wp:attachment":[{"href":"https:\/\/www.europesays.com\/es\/wp-json\/wp\/v2\/media?parent=229333"}],"wp:term":[{"taxonomy":"category","embeddable":true,"href":"https:\/\/www.europesays.com\/es\/wp-json\/wp\/v2\/categories?post=229333"},{"taxonomy":"post_tag","embeddable":true,"href":"https:\/\/www.europesays.com\/es\/wp-json\/wp\/v2\/tags?post=229333"}],"curies":[{"name":"wp","href":"https:\/\/api.w.org\/{rel}","templated":true}]}}