{"id":229349,"date":"2025-11-10T22:30:08","date_gmt":"2025-11-10T22:30:08","guid":{"rendered":"https:\/\/www.europesays.com\/es\/229349\/"},"modified":"2025-11-10T22:30:08","modified_gmt":"2025-11-10T22:30:08","slug":"el-hormiguero-andy-cuenta-toda-la-verdad-sobre-la-separacion-de-andy-y-lucas-nos-dijimos-de-todo","status":"publish","type":"post","link":"https:\/\/www.europesays.com\/es\/229349\/","title":{"rendered":"El Hormiguero: Andy cuenta toda la verdad sobre la separaci\u00f3n de Andy y Lucas: \u00abNos dijimos de todo\u00bb"},"content":{"rendered":"<p style=\"\">El duelo del &#8216;acces prime time&#8217; de este lunes 10 de noviembre ten\u00eda, de entrada, un claro ganador. Sin embargo, &#8216;<strong>El Hormiguero<\/strong>&#8216; guardaba un as bajo la manga para hacerle frente a la visita de <strong>Rosal\u00eda<\/strong> a &#8216;<strong>La Revuelta<\/strong>&#8216;: la primera <a href=\"https:\/\/www.abc.es\/gente\/vida-personal-andy-reciente-separacion-andy-lucas-20251110203000-nt.html\" target=\"_self\" data-voc-vtm-id=\"in-text-traffic\" title=\"visita de Andy\" data-mrf-link=\"www.abc.es\" rel=\"nofollow noopener\">visita de Andy<\/a> &#8230;  en solitario tras la separaci\u00f3n de <strong>Luca<\/strong><strong>s<\/strong>. Con la excusa del estreno de su <a href=\"https:\/\/www.abc.es\/play\/television\/noticias\/sale-luz-letra-primera-cancion-andy-tras-20251110160555-nt.html\" target=\"_self\" data-voc-vtm-id=\"in-text-traffic\" title=\"primera canci\u00f3n en solitario, &#039;Marioneta&#039;\" data-mrf-link=\"www.abc.es\" rel=\"nofollow noopener\">primera canci\u00f3n en solitario, &#8216;Marioneta&#8217;<\/a>, el ex integrante del d\u00fao gaditano eligi\u00f3 el programa de <strong>Pablo Motos<\/strong> para contar su versi\u00f3n sobre la separaci\u00f3n del grupo y acallar todos los rumores que han rodeado el final de una etapa de m\u00e1s de 20 a\u00f1os. Aunque Motos advirti\u00f3 de que, en este caso, las habladur\u00edas \u00abse han quedado cortas\u00bb. <\/p>\n<p class=\"voc-p\" style=\"\">\u00abHemos tenido momentos muy tensos, malos y momentos tambi\u00e9n. A <strong>Lucas<\/strong> le tengo que agradecer much\u00edsimas cosas. Lo digo a boca llena, pero durante la crisis tuve un problema econ\u00f3mico y \u00e9l me ayud\u00f3. Y en pandemia tambi\u00e9n. En muchos momentos \u00e9l ha estado a mi lado. Pero no he entendido muchas situaciones\u00bb, empez\u00f3 explicando. \u00abHa sido as\u00ed desde el principio. <strong>Lucas<\/strong> era como tu hermano antes de grabar el primer disco, pero ya, con \u2018<strong>Son de Amores<\/strong>\u2019, te llevaste la primera en la boca\u00bb, acot\u00f3 el presentador. <\/p>\n<p class=\"voc-p\" style=\"\">\u00abS\u00ed, lo que pasa es que no entend\u00eda mucho c\u00f3mo funcionaba el negocio. Lucas era futbolista, ven\u00eda de la cantera del C\u00e1diz. \u00c9l confiaba mucho en mi musicalmente. Con \u2018<strong>Son de Amores\u2019<\/strong> me pidi\u00f3 que hiciera la m\u00fasica del estribillo\u00bb. Pero cuando lleg\u00f3 la hora de registrarlo como coautor, no lo hizo.<\/p>\n<p>\nLa pelea que lo dinamit\u00f3 todo\n<\/p>\n<p class=\"voc-p\" style=\"\">Sin embargo, el invitado reconoci\u00f3 que el momento m\u00e1s dif\u00edcil han sido para \u00e9l los \u00faltimos meses. \u00abDesde que tuvimos el encontronazo en mayo, que fue una pelea de verdad. F\u00edsicamente no nos tocamos, eso s\u00ed es verdad, pero fue muy desagradable. \u00c9l en el momento me pidi\u00f3 disculpas, pero lo que viv\u00ed all\u00ed no fue de amigos\u00bb, desvel\u00f3. <\/p>\n<p class=\"voc-p\" style=\"\">\u00abVamos a empezar por el principio. Hay una frase tuya que es \u2018<strong>Lucas<\/strong> se llevaba tres partes, la suya, la que me robaba y la que no me daba\u2019\u00bb, apunt\u00f3 Motos. Andy aclar\u00f3 que no ten\u00eda pruebas de eso. Sin embargo, dej\u00f3 caer que no le sol\u00eda cuadrar el cach\u00e9 que cobraban por bolo y el que \u00e9l se embolsaba. \u00abEs verdad que cuando nosotros salimos de Sony, \u00e9l se hace cargo de todo. Y claro, yo no veo las cuentas. Cada uno ten\u00eda su S.L. Pero en crisis me qued\u00e9 como el que se est\u00e1 ba\u00f1ando en la playa y tengo que cerrar la m\u00eda. A a partir de ah\u00ed, \u00e9l lo factura todo y yo no veo los n\u00fameros. Tengo que confiar en su palabra\u00bb. <\/p>\n<p class=\"voc-p\" style=\"\">Sin embargo, asegura que nunca ha visto un c\u00e9ntimo de las escuchas de Spotify o las visualizaciones en Youtube del d\u00fao, salvo los royalties que le quedan desde que se march\u00f3 de la discogr\u00e1fica. \u00abLo habl\u00e9 con \u00e9l en su momento y me dec\u00eda que era muy poco dinero realmente, que \u00e9l se hac\u00eda cargo de todos los gastos y yo no invert\u00eda nada\u00bb. \u00abBueno, poco dinero no es. Vosotros en Spotify ten\u00e9is 1.6 millones de visitas al mes.Paga 3.500 euros por mill\u00f3n de visitas, con lo cual estar\u00edamos hablando de unos 5.000 euros mensuales\u00bb, lo corrigi\u00f3 el de Requena. En su opini\u00f3n, \u00abera una guerra perdida\u00bb.<\/p>\n<p class=\"voc-p\" style=\"\">El conductor de \u2018<strong>El Hormiguero<\/strong>\u2019 record\u00f3 la \u00faltima visita de los dos. \u00abFue muy rara, Lucas tom\u00f3 la palabra casi en todas las preguntas. \u00bfDijo la verdad o dijo alguna cosa que no era\u2026?\u00bb. \u00abLa parte que me toca, presuntamente, puedo decirte que&#8230; Que a lo mejor no dijo del todo la verdad. Pero eso lo sabe ya la gente en la calle. Yo no me alegro para nada del mal ajeno, y menos de la persona que he tenido media vida a mi lado\u00bb, zanj\u00f3, sin querer entrar en m\u00e1s detalles sobre si lo que cont\u00f3 sobre su operaci\u00f3n de nariz era verdad.<\/p>\n<p class=\"voc-p\" style=\"\">En cuanto al \u00faltimo concierto en el Palacio de Vistalegre, ya la relaci\u00f3n estaba pr\u00e1cticamente rota \u00abtras una pelea de verdad en la que s\u00f3lo falt\u00f3 pegarnos\u00bb. Ocurri\u00f3 despu\u00e9s de la intervenci\u00f3n de su compa\u00f1ero en un concierto en un pueblo de Extremadura. \u00abVi nervioso a <strong>Lucas<\/strong> ese d\u00eda, intent\u00e9 calmarlo y en el escenario estuve animando, diciendo tonter\u00edas para mejorar la cosa\u00bb. Pero al terminar, se le encar\u00f3. \u00abLe hice frente y nos dijimos de todo. No llegamos a tocarnos porque nos separaron. Yo acab\u00e9 en el hospital pero no porque me agrediera, yo ven\u00eda de una lesi\u00f3n reciente jugando al f\u00fatbol y claro, cuando le vi que ven\u00eda hacia m\u00ed, que no es chico, yo hice frente, porque yo tambi\u00e9n puedo ponerme serio. Nos separaron, pero en ese encontronazo me termin\u00e9 de romper la pierna\u00bb. <\/p>\n<p class=\"voc-p\" style=\"\">Por eso, cuando sus compromisos laborales en com\u00fan terminaron, se quit\u00f3 un peso de encima, aunque no tienen contacto desde entonces  \u00abLibre. Me sent\u00eda libre. Yo ah\u00ed no me lo cre\u00eda. Ya pod\u00eda ser lo que quisiera sin que nadie me dijera que estaba mal, que estaba bien o que me estaba equivocando. Ya era yo\u00bb.<\/p>\n","protected":false},"excerpt":{"rendered":"El duelo del &#8216;acces prime time&#8217; de este lunes 10 de noviembre ten\u00eda, de entrada, un claro ganador.&hellip;\n","protected":false},"author":2,"featured_media":229350,"comment_status":"","ping_status":"","sticky":false,"template":"","format":"standard","meta":{"footnotes":""},"categories":[91],"tags":[16221,2196,146,147,25,24,7357,12704,57,23,24195],"class_list":{"0":"post-229349","1":"post","2":"type-post","3":"status-publish","4":"format-standard","5":"has-post-thumbnail","7":"category-entretenimiento","8":"tag-andy","9":"tag-cuenta","10":"tag-entertainment","11":"tag-entretenimiento","12":"tag-es","13":"tag-espana","14":"tag-lucas","15":"tag-separacion","16":"tag-sobre","17":"tag-spain","18":"tag-verdad"},"share_on_mastodon":{"url":"https:\/\/pubeurope.com\/@es\/115527773158262520","error":""},"_links":{"self":[{"href":"https:\/\/www.europesays.com\/es\/wp-json\/wp\/v2\/posts\/229349","targetHints":{"allow":["GET"]}}],"collection":[{"href":"https:\/\/www.europesays.com\/es\/wp-json\/wp\/v2\/posts"}],"about":[{"href":"https:\/\/www.europesays.com\/es\/wp-json\/wp\/v2\/types\/post"}],"author":[{"embeddable":true,"href":"https:\/\/www.europesays.com\/es\/wp-json\/wp\/v2\/users\/2"}],"replies":[{"embeddable":true,"href":"https:\/\/www.europesays.com\/es\/wp-json\/wp\/v2\/comments?post=229349"}],"version-history":[{"count":0,"href":"https:\/\/www.europesays.com\/es\/wp-json\/wp\/v2\/posts\/229349\/revisions"}],"wp:featuredmedia":[{"embeddable":true,"href":"https:\/\/www.europesays.com\/es\/wp-json\/wp\/v2\/media\/229350"}],"wp:attachment":[{"href":"https:\/\/www.europesays.com\/es\/wp-json\/wp\/v2\/media?parent=229349"}],"wp:term":[{"taxonomy":"category","embeddable":true,"href":"https:\/\/www.europesays.com\/es\/wp-json\/wp\/v2\/categories?post=229349"},{"taxonomy":"post_tag","embeddable":true,"href":"https:\/\/www.europesays.com\/es\/wp-json\/wp\/v2\/tags?post=229349"}],"curies":[{"name":"wp","href":"https:\/\/api.w.org\/{rel}","templated":true}]}}