{"id":229354,"date":"2025-11-10T22:33:07","date_gmt":"2025-11-10T22:33:07","guid":{"rendered":"https:\/\/www.europesays.com\/es\/229354\/"},"modified":"2025-11-10T22:33:07","modified_gmt":"2025-11-10T22:33:07","slug":"el-pp-espanol-vota-junto-la-ultraderecha-en-la-eurocamara-contra-el-objetivo-de-emisiones-de-2040-espana","status":"publish","type":"post","link":"https:\/\/www.europesays.com\/es\/229354\/","title":{"rendered":"El PP espa\u00f1ol vota junto la ultraderecha en la Euroc\u00e1mara contra el objetivo de emisiones de 2040 | Espa\u00f1a"},"content":{"rendered":"<p class=\"\">En momentos en que <a href=\"https:\/\/elpais.com\/espana\/comunidad-valenciana\/2025-11-10\/perez-llorca-pp-nadie-me-ha-comunicado-que-vaya-a-ser-candidato-a-la-generalitat.html\" target=\"_self\" rel=\"nofollow noopener\" title=\"https:\/\/elpais.com\/espana\/comunidad-valenciana\/2025-11-10\/perez-llorca-pp-nadie-me-ha-comunicado-que-vaya-a-ser-candidato-a-la-generalitat.html\">el PP negocia a contrarreloj con Vox <\/a>para sustituir a Carlos Maz\u00f3n al frente de la Comunidad Valenciana, los conservadores espa\u00f1oles han hecho desde Bruselas, a m\u00e1s de 1.300 kil\u00f3metros de distancia, cuanto menos un gui\u00f1o a sus potenciales compa\u00f1eros de viaje necesarios para formar de nuevo gobierno regional a pesar del desastre de la dana: en la comisi\u00f3n de Medio Ambiente del Parlamento Europeo, los populares espa\u00f1oles se han desmarcado de la mayor parte de sus socios conservadores europeos y han votado junto con la extrema derecha negacionista clim\u00e1tica en contra de la propuesta de reducir en 90% las emisiones de gases de efecto invernadero hasta 2040, paso ya aprobado por los Estados y que todav\u00eda requiere el visto bueno de la Euroc\u00e1mara.<\/p>\n<p class=\"\">Finalmente, la propuesta, que todav\u00eda tiene que ser votada en el pleno del Parlamento, ha salido adelante en esta comisi\u00f3n clave por una holgada mayor\u00eda, en la que se incluye la mayor parte de los compa\u00f1eros de los populares espa\u00f1oles en el Partido Popular Europeo (PPE, salvo los representantes polacos y un holand\u00e9s y una eslovena). Los votos en contra han venido, aparte de estos conservadores, exclusivamente de los partidos de extrema derecha, entre ellos el de Patriots donde est\u00e1 Vox en Bruselas, as\u00ed como los Conservadores y Reformistas (ECR) de Giorgia Meloni, la Europa de las Naciones Soberanas (ESN, donde milita el ultra alem\u00e1n AfD), sumando en la votaci\u00f3n final 32 \u201cnoes\u201d. Los s\u00edes, procedentes de la mayor parte de los miembros del PPE, incluidos los alemanes, as\u00ed como los socialdem\u00f3cratas de S&amp;D, los liberales de Renew, la Izquierda y los Verdes, sumaron finalmente 55 votos, inclinando la balanza a favor de la propuesta, pese a que inicialmente algunas voces de la izquierda ped\u00edan m\u00e1s ambici\u00f3n clim\u00e1tica y menos flexibilidades para el cumplimiento de los objetivos.<\/p>\n<p class=\"\">Fuentes del grupo PPE en el Parlamento Europeo justifican el voto desmarcado del PP espa\u00f1ol aduciendo que se trata de una propuesta \u201cmuy ambiciosa\u201d y \u201cmuy dif\u00edcil de materializar, no alcanzable y muy poco realista\u201d.<\/p>\n<p class=\"\">\u201cEspa\u00f1a tiene uno de los parques m\u00f3viles m\u00e1s antiguos de Europa: el coche m\u00e1s vendido es uno de segunda mano de m\u00e1s de 10 a\u00f1os y di\u00e9sel, las viviendas se calientan con combustibles f\u00f3siles. No vamos a cumplir los objetivos de 2030, as\u00ed que entendemos que lo mejor es centrarse en ello y luego ya vemos pr\u00f3ximos pasos\u201d, argumentan las fuentes.<\/p>\n<p class=\"\">Desde el PSOE, la lectura que se hace est\u00e1 m\u00e1s constre\u00f1ida a la inmediatez pol\u00edtica espa\u00f1ola, <a href=\"https:\/\/elpais.com\/espana\/2025-11-10\/el-pp-afronta-la-semana-decisiva-de-la-negociacion-con-vox-en-valencia-mientras-feijoo-les-disputa-el-voto.html\" target=\"_self\" rel=\"nofollow noopener\" title=\"https:\/\/elpais.com\/espana\/2025-11-10\/el-pp-afronta-la-semana-decisiva-de-la-negociacion-con-vox-en-valencia-mientras-feijoo-les-disputa-el-voto.html\">espec\u00edficamente a las negociaciones valencianas <\/a>y al \u201cmiedo a Vox\u201d en unas negociaciones complicadas. En el PP \u201chan decidido jugar el papel de puente entre el PP europeo y Patriots. Lo hacen pensando en su ansiedad electoral con Vox\u201d, sostiene Javi L\u00f3pez, miembro de la comisi\u00f3n medioambiental y ponente por S&amp;D de la reforma de la Ley Europea del Clima que contiene la meta para 2040.<\/p>\n<p class=\"\">\u201cUn voto en contra de Espa\u00f1a. Un voto en contra de Europa. Un voto en contra de la ciencia\u201d, ha comentado en las redes sociales el voto conservador espa\u00f1ol la vicepresidenta tercera y ministra de Transici\u00f3n Ecol\u00f3gica, Sara Aagesen, que dirigi\u00f3 la semana pasada las negociaciones en nombre de Espa\u00f1a para lograr que los Veintisiete aprobaran el objetivo de 90%. <\/p>\n<p class=\"\">Para la vicepresidenta de la Comisi\u00f3n Europea para una Transici\u00f3n Limpia, Justa y Competitiva, Teresa Ribera, este voto es una \u201cverg\u00fcenza\u201d. \u201cSi no conf\u00edan en la ciencia, que conf\u00eden en la realidad\u201d, ha escrito tambi\u00e9n en las redes sociales al conocer la noticia.<\/p>\n<p class=\"\">La de este lunes no es la votaci\u00f3n final. El pleno de la Euroc\u00e1mara todav\u00eda tiene que dar su visto bueno al texto -la votaci\u00f3n est\u00e1 prevista para este jueves- para que luego se puedan hacer las discusiones finales junto con los Estados y la Comisi\u00f3n para aprobar un texto final <a href=\"https:\/\/elpais.com\/clima-y-medio-ambiente\/2025-11-05\/la-ue-se-comprometera-a-reducir-el-90-de-emisiones-para-2040-pero-con-mas-concesiones-a-los-paises-reticentes.html\" target=\"_self\" rel=\"nofollow noopener\" title=\"https:\/\/elpais.com\/clima-y-medio-ambiente\/2025-11-05\/la-ue-se-comprometera-a-reducir-el-90-de-emisiones-para-2040-pero-con-mas-concesiones-a-los-paises-reticentes.html\">que se convierta en ley <\/a>y haga los objetivos legalmente vinculantes. Aunque todav\u00eda habr\u00e1 discusiones internas a nivel de grupos pol\u00edticos, no parece, sin embargo, seg\u00fan las fuentes consultadas, que el PP espa\u00f1ol vaya a cambiar su voto en la pr\u00f3xima cita.<\/p>\n","protected":false},"excerpt":{"rendered":"En momentos en que el PP negocia a contrarreloj con Vox para sustituir a Carlos Maz\u00f3n al frente&hellip;\n","protected":false},"author":2,"featured_media":116876,"comment_status":"","ping_status":"","sticky":false,"template":"","format":"standard","meta":{"footnotes":""},"categories":[42],"tags":[17,18,2007,242,24,13,14,11,61,62,63,64,19,20,9,10,15,16,6939,956,37164,12,21,22,1617,624,65,66,67],"class_list":{"0":"post-229354","1":"post","2":"type-post","3":"status-publish","4":"format-standard","5":"has-post-thumbnail","7":"category-internacional","8":"tag-breaking-news","9":"tag-breakingnews","10":"tag-carlos-mazon","11":"tag-comunidad-valenciana","12":"tag-espana","13":"tag-featured-news","14":"tag-featurednews","15":"tag-headlines","16":"tag-internacional","17":"tag-international","18":"tag-international-news","19":"tag-internationalnews","20":"tag-latest-news","21":"tag-latestnews","22":"tag-news","23":"tag-noticias","24":"tag-noticias-destacadas","25":"tag-noticiasdestacadas","26":"tag-parlamento-europeo","27":"tag-pp","28":"tag-ppe","29":"tag-titulares","30":"tag-ultimas-noticias","31":"tag-ultimasnoticias","32":"tag-union-europea","33":"tag-vox","34":"tag-world","35":"tag-world-news","36":"tag-worldnews"},"share_on_mastodon":{"url":"","error":"Validation failed: Text character limit of 500 exceeded"},"_links":{"self":[{"href":"https:\/\/www.europesays.com\/es\/wp-json\/wp\/v2\/posts\/229354","targetHints":{"allow":["GET"]}}],"collection":[{"href":"https:\/\/www.europesays.com\/es\/wp-json\/wp\/v2\/posts"}],"about":[{"href":"https:\/\/www.europesays.com\/es\/wp-json\/wp\/v2\/types\/post"}],"author":[{"embeddable":true,"href":"https:\/\/www.europesays.com\/es\/wp-json\/wp\/v2\/users\/2"}],"replies":[{"embeddable":true,"href":"https:\/\/www.europesays.com\/es\/wp-json\/wp\/v2\/comments?post=229354"}],"version-history":[{"count":0,"href":"https:\/\/www.europesays.com\/es\/wp-json\/wp\/v2\/posts\/229354\/revisions"}],"wp:featuredmedia":[{"embeddable":true,"href":"https:\/\/www.europesays.com\/es\/wp-json\/wp\/v2\/media\/116876"}],"wp:attachment":[{"href":"https:\/\/www.europesays.com\/es\/wp-json\/wp\/v2\/media?parent=229354"}],"wp:term":[{"taxonomy":"category","embeddable":true,"href":"https:\/\/www.europesays.com\/es\/wp-json\/wp\/v2\/categories?post=229354"},{"taxonomy":"post_tag","embeddable":true,"href":"https:\/\/www.europesays.com\/es\/wp-json\/wp\/v2\/tags?post=229354"}],"curies":[{"name":"wp","href":"https:\/\/api.w.org\/{rel}","templated":true}]}}