{"id":229390,"date":"2025-11-10T23:02:08","date_gmt":"2025-11-10T23:02:08","guid":{"rendered":"https:\/\/www.europesays.com\/es\/229390\/"},"modified":"2025-11-10T23:02:08","modified_gmt":"2025-11-10T23:02:08","slug":"carmen-vargas-gana-las-elecciones-y-sera-la-nueva-rectora-de-la-universidad-de-sevilla","status":"publish","type":"post","link":"https:\/\/www.europesays.com\/es\/229390\/","title":{"rendered":"Carmen Vargas gana las elecciones y ser\u00e1 la nueva rectora de la Universidad de Sevilla"},"content":{"rendered":"<p style=\"\"><strong>Carmen Vargas<\/strong> se ha proclamado ganadora de las elecciones y ser\u00e1 la <strong>nueva rectora de la Universidad de Sevilla<\/strong> tras imponerse a su rival, Jos\u00e9 Luis Guti\u00e9rrez, en la segunda vuelta de los comicios. Si bien a\u00fan queda por finalizar el escrutinio, la  &#8230; ventaja conseguida la coloca como la vencedora. Tras una jornada con una menor participaci\u00f3n que en la primera vuelta, Vargas logr\u00f3 la confianza de la mayor\u00eda de la comunidad universitaria, confirmando el papel de favorita que le daban los resultados de la primera vuelta, y estar\u00e1 al frente de la gesti\u00f3n de una de las instituciones m\u00e1s importantes de la ciudad de Sevilla.<\/p>\n<p class=\"voc-p\" style=\"\">Ser\u00e1 la <strong>primera mujer que ocupe el sill\u00f3n de rectora<\/strong> de la Universidad de Sevilla en sus 520 a\u00f1os de historia, tras las que han sido las primeras elecciones por sufragio universal ponderado de esta instituci\u00f3n acad\u00e9mica que engloba a <strong>m\u00e1s de 70.000 personas<\/strong> entre personal docente, de administraci\u00f3n y gesti\u00f3n y estudiantado. En su equipo de gobierno llevar\u00e1, seg\u00fan especific\u00f3 en su web, un total de <strong>14 vicerrectores<\/strong>, entre ellos miembros del equipo de gobierno de Miguel \u00c1ngel Castro como los vicerrectores <strong>Mar\u00eda del Carmen Gallardo Cruz, Carmen Barroso Castro o Juli\u00e1n Mart\u00ednez Fern\u00e1ndez<\/strong>.<\/p>\n<p class=\"voc-p\" style=\"\">Carmen Vargas llega al sill\u00f3n rectoral de la calle San Fernando tras <strong>trece a\u00f1os como vicerrectora<\/strong> en la Universidad de Sevilla, primero de Posgrado y despu\u00e9s de Internacionalizaci\u00f3n. Licenciada en Farmacia, es catedr\u00e1tica de Microbiolog\u00eda por la Universidad de Sevilla, su l\u00ednea de investigaci\u00f3n se ha centrado en biotecnolog\u00eda microbiana aplicada a la agricultura y la biomedicina, trabajando con bacterias del suelo y extrem\u00f3filas. Cuenta con m\u00e1s de 70 art\u00edculos de investigaci\u00f3n en revistas internacionales y ha participado en m\u00e1s de 30 proyectos de investigaci\u00f3n nacionales, europeos e iberoamericanos.<\/p>\n<p class=\"voc-p\" style=\"\">La primera vuelta de las elecciones, a la que concurr\u00edan siete candidatos, se sald\u00f3 con el triunfo parcial de Carmen Vargas (26,62%), seguido por el decano de Odontolog\u00eda, Jos\u00e9 Luis Guti\u00e9rrez (21,96%). Se quedaron fuera de la carrera por el rectorado <strong>Ana L\u00f3pez<\/strong>, que estuvo cerca de poder aspirar a la segunda vuelta con un 20,49%, <strong>Pastora Moreno<\/strong> (9,47%), <strong>\u00c1ngeles Gallego<\/strong> (8,79%), <strong>Alfonso Castro<\/strong> (7,48%) y <strong>Felipe Rosa<\/strong> (2,51%). Por su parte, el porcentaje de los votos blancos se situ\u00f3 en el 2,88 %.<\/p>\n<p class=\"voc-p\" style=\"\">La nueva rectora de la US tiene retos pendientes que han quedado patentes durante toda la campa\u00f1a electoral y que la comunidad universitaria lleva reclamando mucho tiempo. Descentralizar el poder para <strong>darle m\u00e1s autonom\u00eda a los centros<\/strong>, simplificar la <strong>burocracia<\/strong> que asfixia al personal docente e investigador y mejorar la <strong>financiaci\u00f3n<\/strong> y la situaci\u00f3n econ\u00f3mica de la instituci\u00f3n son obligatorios. La ganadora de las elecciones tendr\u00e1 que demostrar que el hecho de haber formado parte estos a\u00f1os del equipo de gobierno de Miguel \u00c1ngel Castro no implica que su estilo de gobernanza sea el mismo, por m\u00e1s que desde el principio se situ\u00f3 a su candidatura como la m\u00e1s continuista del modelo de gesti\u00f3n reinante hasta ahora.<\/p>\n<p class=\"voc-p\" style=\"\">Las principales promesas del programa de gobierno de Carmen Vargas al frente de la US se pueden distinguir por grupos. Para los estudiantes promete la creaci\u00f3n de una <strong>Oficina de Alojamiento<\/strong> para ayudar a los alumnos en su b\u00fasqueda de un alquiler asequible, el <strong>aumento en la cuant\u00eda y n\u00famero de becas<\/strong>, la mejora de las bibliotecas y salas de estudio, evaluaci\u00f3n continua y <strong>revisi\u00f3n de sistemas de examen compensatorio<\/strong>. Para el <strong>PDI<\/strong> promoci\u00f3n y relevo generacional: garant\u00eda de que quien se acredita sabe que tendr\u00e1 plaza, y el mantenimiento de incentivos (quinquenios, sexenios y complementos auton\u00f3micos). Para el <strong>PAS y PTGAS<\/strong>, incidi\u00f3 en promover convocatorias regulares de acceso y promoci\u00f3n para reducir la interinidad y el teletrabajo voluntario con regulaci\u00f3n clara, seguimiento y condiciones \u00f3ptimas.<\/p>\n","protected":false},"excerpt":{"rendered":"Carmen Vargas se ha proclamado ganadora de las elecciones y ser\u00e1 la nueva rectora de la Universidad de&hellip;\n","protected":false},"author":2,"featured_media":229391,"comment_status":"","ping_status":"","sticky":false,"template":"","format":"standard","meta":{"footnotes":""},"categories":[8],"tags":[17,18,14750,4374,25,24,13,14,4355,11,19,20,9,10,15,16,795,60234,1171,23,12,21,22,2845,1362],"class_list":{"0":"post-229390","1":"post","2":"type-post","3":"status-publish","4":"format-standard","5":"has-post-thumbnail","7":"category-espana","8":"tag-breaking-news","9":"tag-breakingnews","10":"tag-carmen","11":"tag-elecciones","12":"tag-es","13":"tag-espana","14":"tag-featured-news","15":"tag-featurednews","16":"tag-gana","17":"tag-headlines","18":"tag-latest-news","19":"tag-latestnews","20":"tag-news","21":"tag-noticias","22":"tag-noticias-destacadas","23":"tag-noticiasdestacadas","24":"tag-nueva","25":"tag-rectora","26":"tag-sevilla","27":"tag-spain","28":"tag-titulares","29":"tag-ultimas-noticias","30":"tag-ultimasnoticias","31":"tag-universidad","32":"tag-vargas"},"share_on_mastodon":{"url":"https:\/\/pubeurope.com\/@es\/115527899178858808","error":""},"_links":{"self":[{"href":"https:\/\/www.europesays.com\/es\/wp-json\/wp\/v2\/posts\/229390","targetHints":{"allow":["GET"]}}],"collection":[{"href":"https:\/\/www.europesays.com\/es\/wp-json\/wp\/v2\/posts"}],"about":[{"href":"https:\/\/www.europesays.com\/es\/wp-json\/wp\/v2\/types\/post"}],"author":[{"embeddable":true,"href":"https:\/\/www.europesays.com\/es\/wp-json\/wp\/v2\/users\/2"}],"replies":[{"embeddable":true,"href":"https:\/\/www.europesays.com\/es\/wp-json\/wp\/v2\/comments?post=229390"}],"version-history":[{"count":0,"href":"https:\/\/www.europesays.com\/es\/wp-json\/wp\/v2\/posts\/229390\/revisions"}],"wp:featuredmedia":[{"embeddable":true,"href":"https:\/\/www.europesays.com\/es\/wp-json\/wp\/v2\/media\/229391"}],"wp:attachment":[{"href":"https:\/\/www.europesays.com\/es\/wp-json\/wp\/v2\/media?parent=229390"}],"wp:term":[{"taxonomy":"category","embeddable":true,"href":"https:\/\/www.europesays.com\/es\/wp-json\/wp\/v2\/categories?post=229390"},{"taxonomy":"post_tag","embeddable":true,"href":"https:\/\/www.europesays.com\/es\/wp-json\/wp\/v2\/tags?post=229390"}],"curies":[{"name":"wp","href":"https:\/\/api.w.org\/{rel}","templated":true}]}}