{"id":229412,"date":"2025-11-10T23:19:07","date_gmt":"2025-11-10T23:19:07","guid":{"rendered":"https:\/\/www.europesays.com\/es\/229412\/"},"modified":"2025-11-10T23:19:07","modified_gmt":"2025-11-10T23:19:07","slug":"0-0-el-burgos-cf-y-el-cd-castellon-firman-tablas-burgos-cf","status":"publish","type":"post","link":"https:\/\/www.europesays.com\/es\/229412\/","title":{"rendered":"0-0 | El Burgos CF y el CD Castell\u00f3n firman tablas | Burgos CF"},"content":{"rendered":"<p>El Burgos CF afrontaba la decimotercera jornada de LaLiga HyperMotion recibiendo al CD Castell\u00f3n en El Plant\u00edo con el objetivo de sumar una victoria que le colocase en la segunda posici\u00f3n de la clasificaci\u00f3n.<\/p>\n<p>El partido arranc\u00f3 con el cuadro local apretando y buscando la porter\u00eda rival, aunque la primera ocasi\u00f3n de peligro corri\u00f3 del lado visitante, que consigui\u00f3 batir a Cantero, aunque en fuera de juego. La respuesta blanquinegra iba a llegar en el minuto 16, cuando Curro S\u00e1nchez estuvo a punto de firmar un golazo de falta directa. Sin embargo, el gran golpeo del onubense fue desbaratado por Matthys.<\/p>\n<p>Tres minutos despu\u00e9s del intento de Curro, Fer Ni\u00f1o se qued\u00f3 cerca de adelantar al Burgos CF en un mano a mano, pero su disparo se march\u00f3 desviado. El tercio final de la primera parte transcurri\u00f3 sin excesivos sobresaltos y el partido se fue al descanso con empate a cero en el marcador.<\/p>\n<p>Tras el arranque de la segunda parte, el conjunto dirigido por Luis Miguel Ramis estuvo cerca de adelantarse a la salida de un c\u00f3rner botado por Curro y cabeceado por Morante, que remat\u00f3 al lateral de la red en el 53\u2019. Dos minutos despu\u00e9s, I\u00f1igo C\u00f3rdoba dejaba solo a Fer Ni\u00f1o contra el portero tras un pase magistral a la espalda de la defensa castellonense, pero el disparo del ariete se march\u00f3 directamente fuera.<\/p>\n<p>Ramis busc\u00f3 en el banquillo el refresco con la entrada de Mollejo y Appin, que sustituyeron a los apercibidos David Gonz\u00e1lez e I\u00f1igo C\u00f3rdoba en el minuto 59\u2019.<\/p>\n<p>El Burgos CF quer\u00eda la victoria y buscaba el gol con insistencia. Morante estuvo cerca de obtener el premio en una gran contra del conjunto blanquinegro que culmin\u00f3 el centrocampista directamente a las manos de Matthys tras un centro de Fer Ni\u00f1o desde la derecha. Sin embargo, el Castell\u00f3n tambi\u00e9n buscaba la porter\u00eda de Cantero, por lo que Ramis volvi\u00f3 a mover pieza desde el banquillo dando entrada a Sergio Gonz\u00e1lez y a Ferm\u00edn por Brais Mart\u00ednez y por Curro en el 74\u2019. Ya en el 85\u2019, apur\u00f3 los cambios dando entrada a Mej\u00eda, que sustituy\u00f3 a Fer Ni\u00f1o para darle velocidad al ataque del burgal\u00e9s.<\/p>\n<p>El conjunto blanquinegro lo intent\u00f3 hasta el final, pero el marcador no se iba a mover m\u00e1s all\u00e1 del cero a cero, certificando un empate que mantiene al Burgos CF en puestos de Play-Off de ascenso en la ante sala del derbi burgal\u00e9s que se disputar\u00e1 el pr\u00f3ximo domingo en Mendizorroza.<\/p>\n","protected":false},"excerpt":{"rendered":"El Burgos CF afrontaba la decimotercera jornada de LaLiga HyperMotion recibiendo al CD Castell\u00f3n en El Plant\u00edo con&hellip;\n","protected":false},"author":2,"featured_media":229413,"comment_status":"","ping_status":"","sticky":false,"template":"","format":"standard","meta":{"footnotes":""},"categories":[93],"tags":[168,25,24,23,167],"class_list":{"0":"post-229412","1":"post","2":"type-post","3":"status-publish","4":"format-standard","5":"has-post-thumbnail","7":"category-deportes","8":"tag-deportes","9":"tag-es","10":"tag-espana","11":"tag-spain","12":"tag-sports"},"share_on_mastodon":{"url":"https:\/\/pubeurope.com\/@es\/115527966031404618","error":""},"_links":{"self":[{"href":"https:\/\/www.europesays.com\/es\/wp-json\/wp\/v2\/posts\/229412","targetHints":{"allow":["GET"]}}],"collection":[{"href":"https:\/\/www.europesays.com\/es\/wp-json\/wp\/v2\/posts"}],"about":[{"href":"https:\/\/www.europesays.com\/es\/wp-json\/wp\/v2\/types\/post"}],"author":[{"embeddable":true,"href":"https:\/\/www.europesays.com\/es\/wp-json\/wp\/v2\/users\/2"}],"replies":[{"embeddable":true,"href":"https:\/\/www.europesays.com\/es\/wp-json\/wp\/v2\/comments?post=229412"}],"version-history":[{"count":0,"href":"https:\/\/www.europesays.com\/es\/wp-json\/wp\/v2\/posts\/229412\/revisions"}],"wp:featuredmedia":[{"embeddable":true,"href":"https:\/\/www.europesays.com\/es\/wp-json\/wp\/v2\/media\/229413"}],"wp:attachment":[{"href":"https:\/\/www.europesays.com\/es\/wp-json\/wp\/v2\/media?parent=229412"}],"wp:term":[{"taxonomy":"category","embeddable":true,"href":"https:\/\/www.europesays.com\/es\/wp-json\/wp\/v2\/categories?post=229412"},{"taxonomy":"post_tag","embeddable":true,"href":"https:\/\/www.europesays.com\/es\/wp-json\/wp\/v2\/tags?post=229412"}],"curies":[{"name":"wp","href":"https:\/\/api.w.org\/{rel}","templated":true}]}}