{"id":229427,"date":"2025-11-10T23:31:10","date_gmt":"2025-11-10T23:31:10","guid":{"rendered":"https:\/\/www.europesays.com\/es\/229427\/"},"modified":"2025-11-10T23:31:10","modified_gmt":"2025-11-10T23:31:10","slug":"asi-quedan-los-cruces-y-la-clasificacion-tras-ganar-sinner","status":"publish","type":"post","link":"https:\/\/www.europesays.com\/es\/229427\/","title":{"rendered":"as\u00ed quedan los cruces y la clasificaci\u00f3n tras ganar Sinner"},"content":{"rendered":"<p data-gtm-element-container=\"modulo-texto-link\" class=\"paragraph\">Completadas las primeras jornadas de las ATP Finals de Tur\u00edn, las cartas est\u00e1n sobre la mesa. Cuatro partidos disputados, todos ellos concluyeron en dos sets. Se confirmaron los papeles de favoritos. En el Grupo Jimm Connors, el espa\u00f1ol <strong>Carlos Alcaraz<\/strong> y el estadounidense<strong> Taylor Fritz.<\/strong> En el Grupo Bjorn Borg, el italiano <strong>Jannik Sinner <\/strong>y el alem\u00e1n <strong>Alexander Zverev<\/strong>.<\/p>\n<p data-gtm-element-container=\"modulo-texto-link\" class=\"paragraph\">Ser\u00e1n claves los cruces entre ellos, que ser\u00e1n inmediatos de acuerdo al formato de la Copa de Maestros, que junta en la segunda jornada del torneo a los vencedores, dejando a los perdedores que se midan entre ellos en sendos duelos ag\u00f3nicos.<\/p>\n<p data-gtm-element-container=\"modulo-texto-link\" class=\"paragraph\">Este martes, turno para <strong>Carlos Alcaraz y Taylor Fritz,<\/strong> a las 2 de la tarde. Por la noche, a las 20:30 horas, choque entre el australiano <strong>Alex de Mi\u00f1aur <\/strong>y el italiano <strong>Lorenzo Musetti<\/strong>.<\/p>\n<p data-gtm-element-container=\"modulo-texto-link\" class=\"paragraph\">El mi\u00e9rcoles, en horarios por decidir, cita entre el vigente campe\u00f3n, <strong>Jannik Sinner<\/strong>, y un <strong>Alexander Zverev <\/strong>que tiene dos t\u00edtulos de &#8216;maestro&#8217; en su colecci\u00f3n de t\u00edtulos. Casi a cara o cruz el choque norteamericano entre Ben Shelton y Felix Auger-Aliassime.<\/p>\n<p data-gtm-element-container=\"modulo-texto-link\" class=\"paragraph\">\u00c9ste \u00faltimo acab\u00f3 tocado f\u00edsicamente su duelo de este lunes ante Jannik Sinner, que venci\u00f3 7-5 y 6-1. Por la tarde, Taylor Fritz habia puesto a raya a Lorenzo Musetti, 6-3 y 6-4.<\/p>\n<p>    Lee tambi\u00e9n<\/p>\n<p data-gtm-element-container=\"modulo-texto-link\" class=\"paragraph\"><strong>Clasificaci\u00f3n Grupo Jimmy Connors: <\/strong>Fritz, 1-0 (2-0 sets y 12-7 juegos); Alcaraz, 1-0 (2-0 sets y 13-8 juegos); De Mi\u00f1aur, 0-1 (0-2 sets y 8-13 juegos); Musetti (0-2 sets y 7-12 juegos)<\/p>\n<p data-gtm-element-container=\"modulo-texto-link\" class=\"paragraph\"><strong>Clasificaci\u00f3n Grupo Bjorn Borg:<\/strong> Sinner, 1-0 (2-0 sets y 13-6 juegos); Zverev, 1-0 (2-0 sets y 13-9 juegos); Shelton, 0-1 (0-2 sets y 9-13 juegos); Auger-Aliassime (0-2 sets y 6-13 juegos)<\/p>\n","protected":false},"excerpt":{"rendered":"Completadas las primeras jornadas de las ATP Finals de Tur\u00edn, las cartas est\u00e1n sobre la mesa. Cuatro partidos&hellip;\n","protected":false},"author":2,"featured_media":229428,"comment_status":"","ping_status":"","sticky":false,"template":"","format":"standard","meta":{"footnotes":""},"categories":[274],"tags":[168,25,24,23,167,327,326],"class_list":{"0":"post-229427","1":"post","2":"type-post","3":"status-publish","4":"format-standard","5":"has-post-thumbnail","7":"category-tenis","8":"tag-deportes","9":"tag-es","10":"tag-espana","11":"tag-spain","12":"tag-sports","13":"tag-tenis","14":"tag-tennis"},"share_on_mastodon":{"url":"https:\/\/pubeurope.com\/@es\/115528013256905542","error":""},"_links":{"self":[{"href":"https:\/\/www.europesays.com\/es\/wp-json\/wp\/v2\/posts\/229427","targetHints":{"allow":["GET"]}}],"collection":[{"href":"https:\/\/www.europesays.com\/es\/wp-json\/wp\/v2\/posts"}],"about":[{"href":"https:\/\/www.europesays.com\/es\/wp-json\/wp\/v2\/types\/post"}],"author":[{"embeddable":true,"href":"https:\/\/www.europesays.com\/es\/wp-json\/wp\/v2\/users\/2"}],"replies":[{"embeddable":true,"href":"https:\/\/www.europesays.com\/es\/wp-json\/wp\/v2\/comments?post=229427"}],"version-history":[{"count":0,"href":"https:\/\/www.europesays.com\/es\/wp-json\/wp\/v2\/posts\/229427\/revisions"}],"wp:featuredmedia":[{"embeddable":true,"href":"https:\/\/www.europesays.com\/es\/wp-json\/wp\/v2\/media\/229428"}],"wp:attachment":[{"href":"https:\/\/www.europesays.com\/es\/wp-json\/wp\/v2\/media?parent=229427"}],"wp:term":[{"taxonomy":"category","embeddable":true,"href":"https:\/\/www.europesays.com\/es\/wp-json\/wp\/v2\/categories?post=229427"},{"taxonomy":"post_tag","embeddable":true,"href":"https:\/\/www.europesays.com\/es\/wp-json\/wp\/v2\/tags?post=229427"}],"curies":[{"name":"wp","href":"https:\/\/api.w.org\/{rel}","templated":true}]}}